{"id":90315,"date":"2019-10-29T11:56:03","date_gmt":"2019-10-29T08:56:03","guid":{"rendered":"http:\/\/arantv.az\/?p=90315"},"modified":"2019-10-29T11:56:03","modified_gmt":"2019-10-29T08:56:03","slug":"bmt-bas-assambleyasinin-prezidenti-az%c9%99rbaycan-bmt-nin-cox-m%c9%99suliyy%c9%99tli-uzvudur","status":"publish","type":"post","link":"https:\/\/arantv.az\/?p=90315","title":{"rendered":"BMT Ba\u015f Assambleyas\u0131n\u0131n prezidenti: &#8220;Az\u0259rbaycan BMT-nin \u00e7ox m\u0259suliyy\u0259tli \u00fczv\u00fcd\u00fcr&#8221;"},"content":{"rendered":"<blockquote><p><em><strong>Az\u0259rbaycan BMT-nin \u00e7ox m\u0259suliyy\u0259tli \u00fczv\u00fcd\u00fcr.<\/strong><\/em><\/p><\/blockquote>\n<p><strong>ARANTV.AZ<\/strong>\u00a0 bildirir ki, bunu\u00a0<a href=\"http:\/\/az.trend.az\/\" target=\"_blank\" rel=\"noopener\">Trend<\/a>-\u0259\u00a0 \u00f6z\u0259l m\u00fcsahib\u0259sind\u0259 BMT Ba\u015f Assambleyas\u0131n\u0131n prezidenti Ticani M\u0259h\u0259mm\u0259d-Bande deyib.<\/p>\n<p>O bildirib ki, Az\u0259baycan m\u00fcxt\u0259lif sah\u0259l\u0259rd\u0259 BMT-nin i\u015fin\u0259 \u00f6z t\u00f6hf\u0259sini verib v\u0259 BMT agentlikl\u0259ri Az\u0259rbaycanda \u00e7ox yax\u015f\u0131 i\u015fl\u0259yir.<\/p>\n<p>T.M\u0259h\u0259mm\u0259d-Bande Az\u0259rbaycan\u0131n BMT Dayan\u0131ql\u0131 \u0130nki\u015faf M\u0259qs\u0259dl\u0259rin\u0259 (D\u0130M) nail olunmas\u0131nda t\u00f6hf\u0259sini vur\u011fulay\u0131b:<\/p>\n<p>&#8220;\u00d6lk\u0259 D\u0130M-in realla\u015fd\u0131r\u0131lmas\u0131na y\u00f6n\u0259lib. H\u0259r bir \u00f6lk\u0259nin ir\u0259lil\u0259yi\u015fi \u00fcmumi ir\u0259lil\u0259yi\u015f\u0259 t\u00f6hf\u0259dir. Az\u0259rbaycan\u0131n Erm\u0259nistanla m\u00fcnaqi\u015f\u0259 v\u0259ziyy\u0259tind\u0259 olmas\u0131na baxmayaraq \u00f6lk\u0259 s\u00fclh yolu il\u0259 nizamlama t\u0259r\u0259fdar\u0131d\u0131r ki, bu da b\u00fct\u00fcn d\u00fcnya \u00fc\u00e7\u00fcn ir\u0259lil\u0259yi\u015f hesab olunur&#8221;.<\/p>\n<p>O deyib ki, Erm\u0259nistanla Az\u0259rbaycan aras\u0131nda m\u00fcnaqi\u015f\u0259 d\u00fcnyadak\u0131 \u00e7oxsayl\u0131 m\u00fcnaqi\u015f\u0259l\u0259rd\u0259n biridir v\u0259 BMT bunun nizamlanmas\u0131nda k\u00f6m\u0259k g\u00f6st\u0259rm\u0259k ist\u0259yir:<\/p>\n<p>&#8220;\u0130ki \u00f6lk\u0259 lideri dan\u0131\u015f\u0131qlara ba\u015flay\u0131b v\u0259 bu proses davam etm\u0259lidir. BMT bu c\u00fcr m\u00fcnaqi\u015f\u0259l\u0259rin tez bir zamanda zorak\u0131l\u0131q t\u0259tbiq olunmadan v\u0259 \u0259dal\u0259tli h\u0259ll olunmas\u0131n\u0131n t\u0259r\u0259fdar\u0131d\u0131r. T\u0259\u015fkilat bu prosesi d\u0259st\u0259kl\u0259m\u0259y\u0259 haz\u0131rd\u0131r&#8221;.<\/p>\n<p>Bak\u0131da ke\u00e7irilmi\u015f Qo\u015fulmama H\u0259r\u0259kat\u0131n\u0131n 18-ci sammiti bar\u0259d\u0259 dan\u0131\u015fan BMT Ba\u015f Assambleyas\u0131n\u0131n\u0131 prezidenti bildirib ki, d\u00fcnyaya yaln\u0131z kollektiv s\u0259yl\u0259r vasit\u0259sil\u0259 h\u0259ll olunan probleml\u0259rin h\u0259lli \u00fc\u00e7\u00fcn daha \u00e7ox \u0259m\u0259kda\u015fl\u0131q, daha \u00e7ox f\u0259aliyy\u0259t laz\u0131md\u0131r:<\/p>\n<p>&#8220;Az\u0259rbaycan\u0131n s\u0259dr oldu\u011fu Qo\u015fulmama H\u0259r\u0259kat\u0131nda \u0259n vacib amil odur ki, burada h\u0259m d\u0259 BMT \u00fczv\u00fc olan 120 \u00f6lk\u0259 i\u015ftirak edir. Bu, BMT-d\u0259n sonra \u0259n b\u00f6y\u00fck \u00f6lk\u0259l\u0259r qrupudur. BMT b\u00fct\u00fcn d\u00fcnyada s\u00fclh\u00fcn t\u0259min olunmas\u0131 m\u0259qs\u0259di g\u00fcd\u00fcr. Qo\u015fulmama H\u0259r\u0259kat\u0131 da bu istiqam\u0259td\u0259 \u0259m\u0259kda\u015fl\u0131q \u00fcsullar\u0131n\u0131 t\u0259min etm\u0259lidir. Bu ideyan\u0131n formala\u015fmas\u0131 H\u0259r\u0259kat\u0131n Bak\u0131 sammitind\u0259 vur\u011fulan\u0131b&#8221;.<\/p>\n<p>T.M\u0259h\u0259mm\u0259d-Bande qeyd edib ki, BMT m\u00fcnaqi\u015f\u0259l\u0259ri zorak\u0131l\u0131q olmadan h\u0259ll etm\u0259y\u0259 \u00e7al\u0131\u015f\u0131r:<\/p>\n<p>&#8220;Ona g\u00f6r\u0259 d\u0259 2015-ci ild\u0259 BMT \u00f6lk\u0259l\u0259ri \u00fcmumi m\u0259qs\u0259dl\u0259rimizin oldu\u011fu d\u00fcnyan\u0131n yarad\u0131lmas\u0131 bar\u0259d\u0259 raz\u0131l\u0131q \u0259ld\u0259 edib. Bizim 17 m\u0259qs\u0259dimiz var v\u0259 bunlar Dayan\u0131ql\u0131 \u0130nki\u015faf M\u0259qs\u0259dl\u0259ri kimi tan\u0131n\u0131r. S\u00fclh v\u0259 t\u0259hl\u00fck\u0259sizliyinin t\u0259min olunmas\u0131n\u0131n \u0259n yax\u015f\u0131 yolu d\u00fcnyada inki\u015fafd\u0131r. Buna g\u00f6r\u0259 d\u0259 D\u0130M b\u00fct\u00fcn d\u00fcnya \u00fc\u00e7\u00fcn \u00e7ox vacibdir. B\u00fct\u00fcn \u00f6lk\u0259l\u0259r 2030-cu il\u0259d\u0259k D\u0130M-\u0259 nail olmaq \u00f6hd\u0259liyi g\u00f6t\u00fcr\u00fcb&#8221;.<\/p>\n","protected":false},"excerpt":{"rendered":"<p>Az\u0259rbaycan BMT-nin \u00e7ox m\u0259suliyy\u0259tli \u00fczv\u00fcd\u00fcr. ARANTV.AZ\u00a0 bildirir ki, bunu\u00a0Trend-\u0259\u00a0 \u00f6z\u0259l m\u00fcsahib\u0259sind\u0259 BMT Ba\u015f Assambleyas\u0131n\u0131n prezidenti Ticani M\u0259h\u0259mm\u0259d-Bande deyib. O bildirib ki, Az\u0259baycan m\u00fcxt\u0259lif sah\u0259l\u0259rd\u0259 BMT-nin i\u015fin\u0259 \u00f6z t\u00f6hf\u0259sini verib v\u0259 BMT agentlikl\u0259ri Az\u0259rbaycanda \u00e7ox yax\u015f\u0131 i\u015fl\u0259yir. T.M\u0259h\u0259mm\u0259d-Bande Az\u0259rbaycan\u0131n BMT Dayan\u0131ql\u0131 \u0130nki\u015faf M\u0259qs\u0259dl\u0259rin\u0259 (D\u0130M) nail olunmas\u0131nda t\u00f6hf\u0259sini vur\u011fulay\u0131b: &#8220;\u00d6lk\u0259 D\u0130M-in realla\u015fd\u0131r\u0131lmas\u0131na y\u00f6n\u0259lib. H\u0259r bir \u00f6lk\u0259nin ir\u0259lil\u0259yi\u015fi \u00fcmumi ir\u0259lil\u0259yi\u015f\u0259 t\u00f6hf\u0259dir. Az\u0259rbaycan\u0131n Erm\u0259nistanla m\u00fcnaqi\u015f\u0259 v\u0259ziyy\u0259tind\u0259 olmas\u0131na baxmayaraq \u00f6lk\u0259 s\u00fclh yolu il\u0259 nizamlama t\u0259r\u0259fdar\u0131d\u0131r ki, bu da b\u00fct\u00fcn d\u00fcnya \u00fc\u00e7\u00fcn ir\u0259lil\u0259yi\u015f hesab olunur&#8221;. O deyib ki, Erm\u0259nistanla Az\u0259rbaycan aras\u0131nda m\u00fcnaqi\u015f\u0259 d\u00fcnyadak\u0131 \u00e7oxsayl\u0131 m\u00fcnaqi\u015f\u0259l\u0259rd\u0259n biridir&hellip;<\/p>\n","protected":false},"author":2,"featured_media":90316,"comment_status":"closed","ping_status":"closed","sticky":false,"template":"","format":"standard","meta":{"om_disable_all_campaigns":false,"_monsterinsights_skip_tracking":false,"_monsterinsights_sitenote_active":false,"_monsterinsights_sitenote_note":"","_monsterinsights_sitenote_category":0},"categories":[4],"tags":[],"aioseo_notices":[],"gutentor_comment":0,"rttpg_featured_image_url":{"full":["https:\/\/arantv.az\/wp-content\/uploads\/2019\/10\/797987.jpg",800,600,false],"landscape":["https:\/\/arantv.az\/wp-content\/uploads\/2019\/10\/797987.jpg",800,600,false],"portraits":["https:\/\/arantv.az\/wp-content\/uploads\/2019\/10\/797987.jpg",800,600,false],"thumbnail":["https:\/\/arantv.az\/wp-content\/uploads\/2019\/10\/797987-150x150.jpg",150,150,true],"medium":["https:\/\/arantv.az\/wp-content\/uploads\/2019\/10\/797987-300x225.jpg",300,225,true],"large":["https:\/\/arantv.az\/wp-content\/uploads\/2019\/10\/797987.jpg",640,480,false],"1536x1536":["https:\/\/arantv.az\/wp-content\/uploads\/2019\/10\/797987.jpg",800,600,false],"2048x2048":["https:\/\/arantv.az\/wp-content\/uploads\/2019\/10\/797987.jpg",800,600,false],"post-thumbnail":["https:\/\/arantv.az\/wp-content\/uploads\/2019\/10\/797987-240x172.jpg",240,172,true],"advps-thumb-one":["https:\/\/arantv.az\/wp-content\/uploads\/2019\/10\/797987.jpg",800,600,false]},"rttpg_author":{"display_name":"V\u00fcsal Rafiqo\u011flu","author_link":"https:\/\/arantv.az\/?author=2"},"rttpg_comment":0,"rttpg_category":"<a href=\"https:\/\/arantv.az\/?cat=4\" rel=\"category\">Siyas\u0259t<\/a>","rttpg_excerpt":"Az\u0259rbaycan BMT-nin \u00e7ox m\u0259suliyy\u0259tli \u00fczv\u00fcd\u00fcr. ARANTV.AZ\u00a0 bildirir ki, bunu\u00a0Trend-\u0259\u00a0 \u00f6z\u0259l m\u00fcsahib\u0259sind\u0259 BMT Ba\u015f Assambleyas\u0131n\u0131n prezidenti Ticani M\u0259h\u0259mm\u0259d-Bande deyib. O bildirib ki, Az\u0259baycan m\u00fcxt\u0259lif sah\u0259l\u0259rd\u0259 BMT-nin i\u015fin\u0259 \u00f6z t\u00f6hf\u0259sini verib v\u0259 BMT agentlikl\u0259ri Az\u0259rbaycanda \u00e7ox yax\u015f\u0131 i\u015fl\u0259yir. T.M\u0259h\u0259mm\u0259d-Bande Az\u0259rbaycan\u0131n BMT Dayan\u0131ql\u0131 \u0130nki\u015faf M\u0259qs\u0259dl\u0259rin\u0259 (D\u0130M) nail olunmas\u0131nda t\u00f6hf\u0259sini vur\u011fulay\u0131b: &#8220;\u00d6lk\u0259 D\u0130M-in realla\u015fd\u0131r\u0131lmas\u0131na y\u00f6n\u0259lib. H\u0259r bir \u00f6lk\u0259nin ir\u0259lil\u0259yi\u015fi&hellip;","_links":{"self":[{"href":"https:\/\/arantv.az\/index.php?rest_route=\/wp\/v2\/posts\/90315"}],"collection":[{"href":"https:\/\/arantv.az\/index.php?rest_route=\/wp\/v2\/posts"}],"about":[{"href":"https:\/\/arantv.az\/index.php?rest_route=\/wp\/v2\/types\/post"}],"author":[{"embeddable":true,"href":"https:\/\/arantv.az\/index.php?rest_route=\/wp\/v2\/users\/2"}],"replies":[{"embeddable":true,"href":"https:\/\/arantv.az\/index.php?rest_route=%2Fwp%2Fv2%2Fcomments&post=90315"}],"version-history":[{"count":0,"href":"https:\/\/arantv.az\/index.php?rest_route=\/wp\/v2\/posts\/90315\/revisions"}],"wp:featuredmedia":[{"embeddable":true,"href":"https:\/\/arantv.az\/index.php?rest_route=\/wp\/v2\/media\/90316"}],"wp:attachment":[{"href":"https:\/\/arantv.az\/index.php?rest_route=%2Fwp%2Fv2%2Fmedia&parent=90315"}],"wp:term":[{"taxonomy":"category","embeddable":true,"href":"https:\/\/arantv.az\/index.php?rest_route=%2Fwp%2Fv2%2Fcategories&post=90315"},{"taxonomy":"post_tag","embeddable":true,"href":"https:\/\/arantv.az\/index.php?rest_route=%2Fwp%2Fv2%2Ftags&post=90315"}],"curies":[{"name":"wp","href":"https:\/\/api.w.org\/{rel}","templated":true}]}}