{"id":90323,"date":"2019-10-29T11:57:44","date_gmt":"2019-10-29T08:57:44","guid":{"rendered":"http:\/\/arantv.az\/?p=90323"},"modified":"2019-10-29T11:57:44","modified_gmt":"2019-10-29T08:57:44","slug":"mes%c9%99cinsli-agaclarin-%c9%99kilm%c9%99-qaydalari-mut%c9%99x%c9%99ssis-r%c9%99yi","status":"publish","type":"post","link":"https:\/\/arantv.az\/?p=90323","title":{"rendered":"Me\u015f\u0259cinsli a\u011faclar\u0131n \u0259kilm\u0259 qaydalar\u0131 &#8211; M\u00fct\u0259x\u0259ssis r\u0259yi"},"content":{"rendered":"<p><strong>Az\u0259rbaycan Respublikas\u0131n\u0131n Birinci vitse-prezidenti Mehriban \u018fliyevan\u0131n t\u0259\u015f\u0259bb\u00fcs\u00fc il\u0259 m\u00fct\u0259f\u0259kkir \u015fair \u0130mad\u0259ddin N\u0259siminin 650 illik yubileyi m\u00fcnasib\u0259til\u0259 noyabr ay\u0131nda bir g\u00fcnd\u0259 indiy\u0259d\u0259k g\u00f6r\u00fcnm\u0259mi\u015f sayda, 650 min a\u011fac \u0259kil\u0259c\u0259k.<\/strong><\/p>\n<p>A\u011faclar\u0131n nec\u0259 \u0259kilm\u0259si v\u0259 \u0259kil\u0259n a\u011faclar\u0131n biti\u015f faizinin y\u00fcks\u0259k olmas\u0131 \u00fc\u00e7\u00fcn Ekologiya v\u0259 T\u0259bii S\u0259rv\u0259tl\u0259r Nazirliyinin (ETSN) \u0259kin\u00e7ilik \u00fczr\u0259 m\u00fct\u0259x\u0259ssisi R\u0259him \u0130brahimov\u00a0<a href=\"http:\/\/trend.az\/\" target=\"_blank\" rel=\"noopener\">Trend<\/a>-\u0259 m\u00fcsahib\u0259sind\u0259 \u0259kin qaydalar\u0131, \u00fcsullar\u0131, t\u0259bii \u015f\u0259rait\u0259 v\u0259 relyef\u0259 uy\u011fun a\u011fac se\u00e7iml\u0259ri, m\u00fctl\u0259q olaraq yerin\u0259 yetirilm\u0259si vacib say\u0131lan texniki g\u00f6st\u0259ricil\u0259r bar\u0259d\u0259 t\u00f6vsiy\u0259l\u0259r verib.<\/p>\n<p>&#8211; Hans\u0131 n\u00f6v me\u015f\u0259cinsli a\u011faclar \u0259kil\u0259c\u0259k?<\/p>\n<p>&#8211; Me\u015f\u0259 cinsl\u0259rind\u0259n iqlim\u0259, yerli \u015f\u0259rait\u0259 uy\u011fun \u015fam, s\u0259rv, tuya, akasiya, g\u00f6yr\u00fc\u015f, a\u011fcaqay\u0131n, qara\u011fac, pal\u0131d, f\u0131st\u0131q, v\u0259l\u0259s v\u0259 s. a\u011faclar \u0259kil\u0259 bil\u0259r.<\/p>\n<p>&#8211; Me\u015f\u0259cinsli a\u011faclar nec\u0259 \u0259kilm\u0259lidir v\u0259 onlara nec\u0259 qulluq edilm\u0259lidir?<\/p>\n<p>&#8211; \u0130yn\u0259yarpaql\u0131 (h\u0259mi\u015f\u0259ya\u015f\u0131l) v\u0259 enliyayarpaql\u0131 me\u015f\u0259 cinsl\u0259rind\u0259n olan a\u011faclar\u0131n \u0259kilm\u0259si qaydalar\u0131 bir-birind\u0259n o q\u0259d\u0259r d\u0259 f\u0259rql\u0259nmir. Lakin a\u011fac\u0131n x\u00fcsusiyy\u0259tind\u0259n as\u0131l\u0131 olaraq b\u0259zi m\u0259qamlara diqq\u0259t yetirilm\u0259lidir.<\/p>\n<div>\n<div id=\"AdviadNativeVideo0\" class=\"AdviadNativeVideo\"><\/div>\n<\/div>\n<p>Bel\u0259 ki, \u0259kin qaba\u011f\u0131 torpaq haz\u0131rl\u0131\u011f\u0131n\u0131n aqrotexniki t\u0259l\u0259bl\u0259r\u0259 cavab ver\u0259n qaydada v\u0259 keyfiyy\u0259tli apar\u0131lmas\u0131 \u0259kil\u0259n me\u015f\u0259 a\u011faclar\u0131n\u0131n biti\u015f faizini, bitkil\u0259rin boy art\u0131m\u0131n\u0131 v\u0259 inki\u015faf\u0131n\u0131, b\u00fct\u00f6vl\u00fckd\u0259 \u0259kinl\u0259rin m\u0259hsuldarl\u0131\u011f\u0131n\u0131 v\u0259 dayan\u0131ql\u0131\u011f\u0131n\u0131 t\u0259min etmi\u015f olur. \u018fg\u0259r \u0259kin i\u015fl\u0259ri a\u00e7\u0131q sah\u0259l\u0259rd\u0259 apar\u0131larsa, bu zaman h\u0259min \u0259razi \u0259vv\u0259lc\u0259d\u0259n \u015fumlanmal\u0131, malalanmal\u0131 v\u0259 suvarma arxlar\u0131 \u00e7\u0259kilm\u0259lidir.<\/p>\n<p>Torpaq haz\u0131rl\u0131\u011f\u0131 ba\u015fa \u00e7atd\u0131qdan sonra a\u011fac\u0131n v\u0259 torpa\u011f\u0131n x\u00fcsusiyy\u0259tin\u0259 uy\u011fun 40 sm enind\u0259 v\u0259 40 sm d\u0259rinliyind\u0259 \u00e7alalar qaz\u0131l\u0131r. A\u011fac tingl\u0259ri m\u00fcnbit torpaq v\u0259 \u00fczvi g\u00fcbr\u0259 qar\u0131\u015f\u0131\u011f\u0131 il\u0259 \u00e7alan\u0131n d\u00fcz ortas\u0131nda \u0259kilm\u0259lidir. M\u00fctl\u0259q suvar\u0131lma apar\u0131lmal\u0131 v\u0259 g\u00f6vd\u0259nin \u0259traf\u0131 torpaqla doldurulmal\u0131d\u0131r.<\/p>\n<p>Pay\u0131z m\u00f6vs\u00fcm\u00fcnd\u0259 hava \u015f\u0259raitind\u0259n as\u0131l\u0131 olmayaraq iyn\u0259yrarpaql\u0131 a\u011faclar\u0131n k\u00f6k\u00fc torpaql\u0131 \u0259kilm\u0259si m\u0259sl\u0259h\u0259tdir. Erk\u0259n yazda is\u0259 a\u011faclar h\u0259m a\u00e7\u0131q, h\u0259m d\u0259 k\u00f6k\u00fc torpaql\u0131 \u0259kil\u0259 bil\u0259r. H\u00fcnd\u00fcr enliyarpaql\u0131 a\u011faclar \u0259kil\u0259n zaman onlar\u0131n ba\u015flar\u0131 k\u0259silm\u0259lidir ki, bu da a\u011faclar\u0131n k\u00f6k sisteminin m\u00f6hk\u0259ml\u0259nm\u0259sin\u0259 v\u0259 yax\u015f\u0131 inki\u015faf etm\u0259sin\u0259 m\u00fcsb\u0259t t\u0259sir etsin. Pay\u0131z m\u00f6vs\u00fcm\u00fcnd\u0259 a\u011faclara \u00fczvi v\u0259 mineral g\u00fcbr\u0259l\u0259r, yazda is\u0259 azot g\u00fcbr\u0259l\u0259ri verilm\u0259lidir. Q\u0131\u015f m\u00f6vs\u00fcm\u00fcnd\u0259 inki\u015faf dayand\u0131\u011f\u0131ndan \u0259lav\u0259 he\u00e7 bir i\u015f apar\u0131lm\u0131r.<\/p>\n","protected":false},"excerpt":{"rendered":"<p>Az\u0259rbaycan Respublikas\u0131n\u0131n Birinci vitse-prezidenti Mehriban \u018fliyevan\u0131n t\u0259\u015f\u0259bb\u00fcs\u00fc il\u0259 m\u00fct\u0259f\u0259kkir \u015fair \u0130mad\u0259ddin N\u0259siminin 650 illik yubileyi m\u00fcnasib\u0259til\u0259 noyabr ay\u0131nda bir g\u00fcnd\u0259 indiy\u0259d\u0259k g\u00f6r\u00fcnm\u0259mi\u015f sayda, 650 min a\u011fac \u0259kil\u0259c\u0259k. A\u011faclar\u0131n nec\u0259 \u0259kilm\u0259si v\u0259 \u0259kil\u0259n a\u011faclar\u0131n biti\u015f faizinin y\u00fcks\u0259k olmas\u0131 \u00fc\u00e7\u00fcn Ekologiya v\u0259 T\u0259bii S\u0259rv\u0259tl\u0259r Nazirliyinin (ETSN) \u0259kin\u00e7ilik \u00fczr\u0259 m\u00fct\u0259x\u0259ssisi R\u0259him \u0130brahimov\u00a0Trend-\u0259 m\u00fcsahib\u0259sind\u0259 \u0259kin qaydalar\u0131, \u00fcsullar\u0131, t\u0259bii \u015f\u0259rait\u0259 v\u0259 relyef\u0259 uy\u011fun a\u011fac se\u00e7iml\u0259ri, m\u00fctl\u0259q olaraq yerin\u0259 yetirilm\u0259si vacib say\u0131lan texniki g\u00f6st\u0259ricil\u0259r bar\u0259d\u0259 t\u00f6vsiy\u0259l\u0259r verib. &#8211; Hans\u0131 n\u00f6v me\u015f\u0259cinsli a\u011faclar \u0259kil\u0259c\u0259k? &#8211; Me\u015f\u0259 cinsl\u0259rind\u0259n iqlim\u0259, yerli \u015f\u0259rait\u0259 uy\u011fun \u015fam, s\u0259rv, tuya, akasiya, g\u00f6yr\u00fc\u015f, a\u011fcaqay\u0131n,&hellip;<\/p>\n","protected":false},"author":2,"featured_media":90324,"comment_status":"closed","ping_status":"closed","sticky":false,"template":"","format":"standard","meta":{"om_disable_all_campaigns":false,"_monsterinsights_skip_tracking":false,"_monsterinsights_sitenote_active":false,"_monsterinsights_sitenote_note":"","_monsterinsights_sitenote_category":0},"categories":[1],"tags":[],"aioseo_notices":[],"gutentor_comment":0,"rttpg_featured_image_url":{"full":["https:\/\/arantv.az\/wp-content\/uploads\/2019\/10\/797971.jpg",800,600,false],"landscape":["https:\/\/arantv.az\/wp-content\/uploads\/2019\/10\/797971.jpg",800,600,false],"portraits":["https:\/\/arantv.az\/wp-content\/uploads\/2019\/10\/797971.jpg",800,600,false],"thumbnail":["https:\/\/arantv.az\/wp-content\/uploads\/2019\/10\/797971-150x150.jpg",150,150,true],"medium":["https:\/\/arantv.az\/wp-content\/uploads\/2019\/10\/797971-300x225.jpg",300,225,true],"large":["https:\/\/arantv.az\/wp-content\/uploads\/2019\/10\/797971.jpg",640,480,false],"1536x1536":["https:\/\/arantv.az\/wp-content\/uploads\/2019\/10\/797971.jpg",800,600,false],"2048x2048":["https:\/\/arantv.az\/wp-content\/uploads\/2019\/10\/797971.jpg",800,600,false],"post-thumbnail":["https:\/\/arantv.az\/wp-content\/uploads\/2019\/10\/797971-240x172.jpg",240,172,true],"advps-thumb-one":["https:\/\/arantv.az\/wp-content\/uploads\/2019\/10\/797971.jpg",800,600,false]},"rttpg_author":{"display_name":"V\u00fcsal Rafiqo\u011flu","author_link":"https:\/\/arantv.az\/?author=2"},"rttpg_comment":0,"rttpg_category":"<a href=\"https:\/\/arantv.az\/?cat=1\" rel=\"category\">C\u0259miyy\u0259t<\/a>","rttpg_excerpt":"Az\u0259rbaycan Respublikas\u0131n\u0131n Birinci vitse-prezidenti Mehriban \u018fliyevan\u0131n t\u0259\u015f\u0259bb\u00fcs\u00fc il\u0259 m\u00fct\u0259f\u0259kkir \u015fair \u0130mad\u0259ddin N\u0259siminin 650 illik yubileyi m\u00fcnasib\u0259til\u0259 noyabr ay\u0131nda bir g\u00fcnd\u0259 indiy\u0259d\u0259k g\u00f6r\u00fcnm\u0259mi\u015f sayda, 650 min a\u011fac \u0259kil\u0259c\u0259k. A\u011faclar\u0131n nec\u0259 \u0259kilm\u0259si v\u0259 \u0259kil\u0259n a\u011faclar\u0131n biti\u015f faizinin y\u00fcks\u0259k olmas\u0131 \u00fc\u00e7\u00fcn Ekologiya v\u0259 T\u0259bii S\u0259rv\u0259tl\u0259r Nazirliyinin (ETSN) \u0259kin\u00e7ilik \u00fczr\u0259 m\u00fct\u0259x\u0259ssisi R\u0259him \u0130brahimov\u00a0Trend-\u0259 m\u00fcsahib\u0259sind\u0259 \u0259kin qaydalar\u0131, \u00fcsullar\u0131, t\u0259bii \u015f\u0259rait\u0259&hellip;","_links":{"self":[{"href":"https:\/\/arantv.az\/index.php?rest_route=\/wp\/v2\/posts\/90323"}],"collection":[{"href":"https:\/\/arantv.az\/index.php?rest_route=\/wp\/v2\/posts"}],"about":[{"href":"https:\/\/arantv.az\/index.php?rest_route=\/wp\/v2\/types\/post"}],"author":[{"embeddable":true,"href":"https:\/\/arantv.az\/index.php?rest_route=\/wp\/v2\/users\/2"}],"replies":[{"embeddable":true,"href":"https:\/\/arantv.az\/index.php?rest_route=%2Fwp%2Fv2%2Fcomments&post=90323"}],"version-history":[{"count":0,"href":"https:\/\/arantv.az\/index.php?rest_route=\/wp\/v2\/posts\/90323\/revisions"}],"wp:featuredmedia":[{"embeddable":true,"href":"https:\/\/arantv.az\/index.php?rest_route=\/wp\/v2\/media\/90324"}],"wp:attachment":[{"href":"https:\/\/arantv.az\/index.php?rest_route=%2Fwp%2Fv2%2Fmedia&parent=90323"}],"wp:term":[{"taxonomy":"category","embeddable":true,"href":"https:\/\/arantv.az\/index.php?rest_route=%2Fwp%2Fv2%2Fcategories&post=90323"},{"taxonomy":"post_tag","embeddable":true,"href":"https:\/\/arantv.az\/index.php?rest_route=%2Fwp%2Fv2%2Ftags&post=90323"}],"curies":[{"name":"wp","href":"https:\/\/api.w.org\/{rel}","templated":true}]}}