{"id":90331,"date":"2019-10-29T12:02:31","date_gmt":"2019-10-29T09:02:31","guid":{"rendered":"http:\/\/arantv.az\/?p=90331"},"modified":"2019-10-29T12:02:31","modified_gmt":"2019-10-29T09:02:31","slug":"d%c9%99hs%c9%99t-dini-qruplasmanin-uzvu-olan-ata-13-yasli-qizini-%c9%99r%c9%99-verir-video","status":"publish","type":"post","link":"https:\/\/arantv.az\/?p=90331","title":{"rendered":"D\u018fH\u015e\u018fT: Dini qrupla\u015fman\u0131n \u00fczv\u00fc olan ata 13 ya\u015fl\u0131 q\u0131z\u0131n\u0131 \u0259r\u0259 verir &#8211; V\u0130DEO"},"content":{"rendered":"<p>Az\u0259rbaycanda radikal dini qrupla\u015fman\u0131n \u00fczv\u00fc olan ata 13 ya\u015fl\u0131 q\u0131z\u0131n\u0131 \u0259r\u0259 verir.<\/p>\n<p><b>ARANTV.AZ\u00a0<\/b>x\u0259b\u0259r verir ki, h\u0259l\u0259lik kimliyi a\u00e7\u0131qlanmayan radikal dindar 6 ildir bu qrupla\u015fman\u0131n \u00fczv\u00fcd\u00fcr.<\/p>\n<div><\/div>\n<p>Q\u0131z\u0131n\u0131n talehind\u0259n narahat olan ana &#8220;S\u0259ni axtar\u0131ram&#8221; proqram\u0131na g\u0259l\u0259r\u0259k k\u00f6m\u0259k ist\u0259yib:<\/p>\n<p>&#8220;U\u015faqlar\u0131m\u0131n atas\u0131 5 ildir radikal dini qrupla\u015fmaya qo\u015fulub. Onlar\u0131n inanc\u0131na g\u00f6r\u0259, q\u0131z u\u015fa\u011f\u0131n\u0131 13 ya\u015f\u0131nda \u0259r\u0259 verm\u0259k olar. M\u0259n\u0259 deyir ki, q\u0131z\u0131m\u0131z\u0131 13 ya\u015f\u0131 var, art\u0131q \u0259r\u0259 verm\u0259liy\u0259m. \u00d6z\u00fcn\u00fcn qrupla\u015fmas\u0131ndan olan birin\u0259, dindara \u0259r\u0259 verm\u0259k ist\u0259yir.<\/p>\n<p>Ax\u0131r\u0131nc\u0131 5 ayd\u0131r bu s\u00f6hb\u0259t gedir. Bu ild\u0259n art\u0131q m\u0259kt\u0259b\u0259 getm\u0259y\u0259 d\u0259 icaz\u0259 vermir. D\u0259rsl\u0259r ba\u015flanandan b\u0259lk\u0259 d\u0259 5 g\u00fcn d\u0259rs\u0259 gedib. M\u0259kt\u0259b direktoru v\u0259 m\u00fc\u0259lliml\u0259r d\u0259 bundan x\u0259b\u0259rdard\u0131r. \u00d6vlad\u0131m\u0131 d\u00fc\u015f\u00fcn\u00fcb h\u0259r \u015feyi g\u00f6z\u0259 alm\u0131\u015fam&#8221;.<\/p>\n<p>Ad\u0131 gizli saxlan\u0131lan 13 ya\u015fl\u0131 q\u0131z anas\u0131n\u0131n s\u00f6zl\u0259rini t\u0259sdiql\u0259yib v\u0259 atas\u0131n\u0131n ona &#8220;s\u0259ni evl\u0259ndir\u0259c\u0259m&#8221; dediyini s\u00f6yl\u0259yib.<\/p>\n<div class=\"embed-responsive embed-responsive-16by9\"><iframe loading=\"lazy\" id=\"nmqembedid\" class=\"embed-responsive-item\" title=\"video player\" src=\"https:\/\/izle.az\/embed\/09fPzS9L1Uus0k_NTUpN0U_1yy8qyfI2Knbz8fZ2zi7w9kkKNjSw9K5yNg_zrowP97Eo8Q1ONjA2yIwP8bZIzy921q3yCwk08s3yNixxC650yikvj_TO9w9x1NEBAA~~\" width=\"600\" height=\"340\" frameborder=\"0\" scrolling=\"no\" allowfullscreen=\"allowfullscreen\" data-mce-fragment=\"1\"><\/iframe><\/div>\n<p>BAKU.WS<\/p>\n","protected":false},"excerpt":{"rendered":"<p>Az\u0259rbaycanda radikal dini qrupla\u015fman\u0131n \u00fczv\u00fc olan ata 13 ya\u015fl\u0131 q\u0131z\u0131n\u0131 \u0259r\u0259 verir. ARANTV.AZ\u00a0x\u0259b\u0259r verir ki, h\u0259l\u0259lik kimliyi a\u00e7\u0131qlanmayan radikal dindar 6 ildir bu qrupla\u015fman\u0131n \u00fczv\u00fcd\u00fcr. Q\u0131z\u0131n\u0131n talehind\u0259n narahat olan ana &#8220;S\u0259ni axtar\u0131ram&#8221; proqram\u0131na g\u0259l\u0259r\u0259k k\u00f6m\u0259k ist\u0259yib: &#8220;U\u015faqlar\u0131m\u0131n atas\u0131 5 ildir radikal dini qrupla\u015fmaya qo\u015fulub. Onlar\u0131n inanc\u0131na g\u00f6r\u0259, q\u0131z u\u015fa\u011f\u0131n\u0131 13 ya\u015f\u0131nda \u0259r\u0259 verm\u0259k olar. M\u0259n\u0259 deyir ki, q\u0131z\u0131m\u0131z\u0131 13 ya\u015f\u0131 var, art\u0131q \u0259r\u0259 verm\u0259liy\u0259m. \u00d6z\u00fcn\u00fcn qrupla\u015fmas\u0131ndan olan birin\u0259, dindara \u0259r\u0259 verm\u0259k ist\u0259yir. Ax\u0131r\u0131nc\u0131 5 ayd\u0131r bu s\u00f6hb\u0259t gedir. Bu ild\u0259n art\u0131q m\u0259kt\u0259b\u0259 getm\u0259y\u0259 d\u0259 icaz\u0259 vermir. D\u0259rsl\u0259r ba\u015flanandan b\u0259lk\u0259 d\u0259&hellip;<\/p>\n","protected":false},"author":2,"featured_media":90332,"comment_status":"closed","ping_status":"closed","sticky":false,"template":"","format":"standard","meta":{"om_disable_all_campaigns":false,"_monsterinsights_skip_tracking":false,"_monsterinsights_sitenote_active":false,"_monsterinsights_sitenote_note":"","_monsterinsights_sitenote_category":0},"categories":[1],"tags":[],"aioseo_notices":[],"gutentor_comment":0,"rttpg_featured_image_url":{"full":["https:\/\/arantv.az\/wp-content\/uploads\/2019\/10\/1572338277_1572334581_87878.png",550,325,false],"landscape":["https:\/\/arantv.az\/wp-content\/uploads\/2019\/10\/1572338277_1572334581_87878.png",550,325,false],"portraits":["https:\/\/arantv.az\/wp-content\/uploads\/2019\/10\/1572338277_1572334581_87878.png",550,325,false],"thumbnail":["https:\/\/arantv.az\/wp-content\/uploads\/2019\/10\/1572338277_1572334581_87878-150x150.png",150,150,true],"medium":["https:\/\/arantv.az\/wp-content\/uploads\/2019\/10\/1572338277_1572334581_87878-300x177.png",300,177,true],"large":["https:\/\/arantv.az\/wp-content\/uploads\/2019\/10\/1572338277_1572334581_87878.png",550,325,false],"1536x1536":["https:\/\/arantv.az\/wp-content\/uploads\/2019\/10\/1572338277_1572334581_87878.png",550,325,false],"2048x2048":["https:\/\/arantv.az\/wp-content\/uploads\/2019\/10\/1572338277_1572334581_87878.png",550,325,false],"post-thumbnail":["https:\/\/arantv.az\/wp-content\/uploads\/2019\/10\/1572338277_1572334581_87878-240x172.png",240,172,true],"advps-thumb-one":["https:\/\/arantv.az\/wp-content\/uploads\/2019\/10\/1572338277_1572334581_87878.png",550,325,false]},"rttpg_author":{"display_name":"V\u00fcsal Rafiqo\u011flu","author_link":"https:\/\/arantv.az\/?author=2"},"rttpg_comment":0,"rttpg_category":"<a href=\"https:\/\/arantv.az\/?cat=1\" rel=\"category\">C\u0259miyy\u0259t<\/a>","rttpg_excerpt":"Az\u0259rbaycanda radikal dini qrupla\u015fman\u0131n \u00fczv\u00fc olan ata 13 ya\u015fl\u0131 q\u0131z\u0131n\u0131 \u0259r\u0259 verir. ARANTV.AZ\u00a0x\u0259b\u0259r verir ki, h\u0259l\u0259lik kimliyi a\u00e7\u0131qlanmayan radikal dindar 6 ildir bu qrupla\u015fman\u0131n \u00fczv\u00fcd\u00fcr. Q\u0131z\u0131n\u0131n talehind\u0259n narahat olan ana &#8220;S\u0259ni axtar\u0131ram&#8221; proqram\u0131na g\u0259l\u0259r\u0259k k\u00f6m\u0259k ist\u0259yib: &#8220;U\u015faqlar\u0131m\u0131n atas\u0131 5 ildir radikal dini qrupla\u015fmaya qo\u015fulub. Onlar\u0131n inanc\u0131na g\u00f6r\u0259, q\u0131z u\u015fa\u011f\u0131n\u0131 13 ya\u015f\u0131nda \u0259r\u0259 verm\u0259k olar. M\u0259n\u0259&hellip;","_links":{"self":[{"href":"https:\/\/arantv.az\/index.php?rest_route=\/wp\/v2\/posts\/90331"}],"collection":[{"href":"https:\/\/arantv.az\/index.php?rest_route=\/wp\/v2\/posts"}],"about":[{"href":"https:\/\/arantv.az\/index.php?rest_route=\/wp\/v2\/types\/post"}],"author":[{"embeddable":true,"href":"https:\/\/arantv.az\/index.php?rest_route=\/wp\/v2\/users\/2"}],"replies":[{"embeddable":true,"href":"https:\/\/arantv.az\/index.php?rest_route=%2Fwp%2Fv2%2Fcomments&post=90331"}],"version-history":[{"count":0,"href":"https:\/\/arantv.az\/index.php?rest_route=\/wp\/v2\/posts\/90331\/revisions"}],"wp:featuredmedia":[{"embeddable":true,"href":"https:\/\/arantv.az\/index.php?rest_route=\/wp\/v2\/media\/90332"}],"wp:attachment":[{"href":"https:\/\/arantv.az\/index.php?rest_route=%2Fwp%2Fv2%2Fmedia&parent=90331"}],"wp:term":[{"taxonomy":"category","embeddable":true,"href":"https:\/\/arantv.az\/index.php?rest_route=%2Fwp%2Fv2%2Fcategories&post=90331"},{"taxonomy":"post_tag","embeddable":true,"href":"https:\/\/arantv.az\/index.php?rest_route=%2Fwp%2Fv2%2Ftags&post=90331"}],"curies":[{"name":"wp","href":"https:\/\/api.w.org\/{rel}","templated":true}]}}