{"id":90371,"date":"2019-10-29T14:12:09","date_gmt":"2019-10-29T11:12:09","guid":{"rendered":"http:\/\/arantv.az\/?p=90371"},"modified":"2019-10-29T14:12:09","modified_gmt":"2019-10-29T11:12:09","slug":"ilham-%c9%99liyev-heyd%c9%99r-%c9%99s%c9%99dovu-t%c9%99ltif-etdi","status":"publish","type":"post","link":"https:\/\/arantv.az\/?p=90371","title":{"rendered":"\u0130lham \u018fliyev Heyd\u0259r \u018fs\u0259dovu t\u0259ltif etdi"},"content":{"rendered":"<p>Prezident \u0130lham \u018fliyev\u00a0Heyd\u0259r \u018fs\u0259dovun\u00a0t\u0259ltif edilm\u0259si haqq\u0131nda s\u0259r\u0259ncam\u00a0<a href=\"https:\/\/azertag.az\/xeber\/HXAsedovun_Sohret_ordeni_ile_teltif_edilmesi_haqqinda__Azerbaycan_Respublikasi_Prezidentinin_Serencami-1348969\" target=\"_blank\" rel=\"noopener\">imzalay\u0131b<\/a>.<\/p>\n<p>S\u0259r\u0259ncama \u0259sas\u0259n, Az\u0259rbaycan Respublikas\u0131nda t\u0259hsilin inki\u015faf\u0131nda xidm\u0259tl\u0259rin\u0259 g\u00f6r\u0259 Heyd\u0259r Xan\u0131\u015f o\u011flu \u018fs\u0259dov \u201c\u015e\u00f6hr\u0259t\u201d ordeni il\u0259 t\u0259ltif edilib.<\/p>\n<div id=\"AdviadNativeVideo0\" class=\"AdviadNativeVideo\"><\/div>\n<p>Qeyd ed\u0259k ki, H.\u018fs\u0259dov Az\u0259rbaycan Respublikas\u0131n\u0131n Prezidentinin m\u00fcvafiq s\u0259r\u0259ncamlar\u0131 il\u0259 2011-ci ild\u0259 2-ci d\u0259r\u0259c\u0259li \u201cV\u0259t\u0259n\u0259 xidm\u0259t\u0259 g\u00f6r\u0259\u201d ordeni, 2019-cu ild\u0259 is\u0259 \u201cAz\u0259rbaycan Xalq C\u00fcmhuriyy\u0259tinin 100 illiyi (1918-2018)\u201d yubiley medal\u0131 il\u0259 t\u0259ltif edilib.<\/p>\n<p>O, 3 aprel 2019-cu ild\u0259n Az\u0259rbaycan D\u00f6vl\u0259t D\u0259niz Akademiyas\u0131n\u0131n rektoru v\u0259zif\u0259sind\u0259 \u00e7al\u0131\u015f\u0131r.<\/p>\n","protected":false},"excerpt":{"rendered":"<p>Prezident \u0130lham \u018fliyev\u00a0Heyd\u0259r \u018fs\u0259dovun\u00a0t\u0259ltif edilm\u0259si haqq\u0131nda s\u0259r\u0259ncam\u00a0imzalay\u0131b. S\u0259r\u0259ncama \u0259sas\u0259n, Az\u0259rbaycan Respublikas\u0131nda t\u0259hsilin inki\u015faf\u0131nda xidm\u0259tl\u0259rin\u0259 g\u00f6r\u0259 Heyd\u0259r Xan\u0131\u015f o\u011flu \u018fs\u0259dov \u201c\u015e\u00f6hr\u0259t\u201d ordeni il\u0259 t\u0259ltif edilib. Qeyd ed\u0259k ki, H.\u018fs\u0259dov Az\u0259rbaycan Respublikas\u0131n\u0131n Prezidentinin m\u00fcvafiq s\u0259r\u0259ncamlar\u0131 il\u0259 2011-ci ild\u0259 2-ci d\u0259r\u0259c\u0259li \u201cV\u0259t\u0259n\u0259 xidm\u0259t\u0259 g\u00f6r\u0259\u201d ordeni, 2019-cu ild\u0259 is\u0259 \u201cAz\u0259rbaycan Xalq C\u00fcmhuriyy\u0259tinin 100 illiyi (1918-2018)\u201d yubiley medal\u0131 il\u0259 t\u0259ltif edilib. O, 3 aprel 2019-cu ild\u0259n Az\u0259rbaycan D\u00f6vl\u0259t D\u0259niz Akademiyas\u0131n\u0131n rektoru v\u0259zif\u0259sind\u0259 \u00e7al\u0131\u015f\u0131r.<\/p>\n","protected":false},"author":2,"featured_media":90372,"comment_status":"closed","ping_status":"closed","sticky":false,"template":"","format":"standard","meta":{"om_disable_all_campaigns":false,"_monsterinsights_skip_tracking":false,"_monsterinsights_sitenote_active":false,"_monsterinsights_sitenote_note":"","_monsterinsights_sitenote_category":0},"categories":[4],"tags":[],"aioseo_notices":[],"gutentor_comment":0,"rttpg_featured_image_url":{"full":["https:\/\/arantv.az\/wp-content\/uploads\/2019\/10\/ilham-\u00c9_liyev-2.jpg",620,443,false],"landscape":["https:\/\/arantv.az\/wp-content\/uploads\/2019\/10\/ilham-\u00c9_liyev-2.jpg",620,443,false],"portraits":["https:\/\/arantv.az\/wp-content\/uploads\/2019\/10\/ilham-\u00c9_liyev-2.jpg",620,443,false],"thumbnail":["https:\/\/arantv.az\/wp-content\/uploads\/2019\/10\/ilham-\u00c9_liyev-2-150x150.jpg",150,150,true],"medium":["https:\/\/arantv.az\/wp-content\/uploads\/2019\/10\/ilham-\u00c9_liyev-2-300x214.jpg",300,214,true],"large":["https:\/\/arantv.az\/wp-content\/uploads\/2019\/10\/ilham-\u00c9_liyev-2.jpg",620,443,false],"1536x1536":["https:\/\/arantv.az\/wp-content\/uploads\/2019\/10\/ilham-\u00c9_liyev-2.jpg",620,443,false],"2048x2048":["https:\/\/arantv.az\/wp-content\/uploads\/2019\/10\/ilham-\u00c9_liyev-2.jpg",620,443,false],"post-thumbnail":["https:\/\/arantv.az\/wp-content\/uploads\/2019\/10\/ilham-\u00c9_liyev-2-240x172.jpg",240,172,true],"advps-thumb-one":["https:\/\/arantv.az\/wp-content\/uploads\/2019\/10\/ilham-\u00c9_liyev-2.jpg",620,443,false]},"rttpg_author":{"display_name":"V\u00fcsal Rafiqo\u011flu","author_link":"https:\/\/arantv.az\/?author=2"},"rttpg_comment":0,"rttpg_category":"<a href=\"https:\/\/arantv.az\/?cat=4\" rel=\"category\">Siyas\u0259t<\/a>","rttpg_excerpt":"Prezident \u0130lham \u018fliyev\u00a0Heyd\u0259r \u018fs\u0259dovun\u00a0t\u0259ltif edilm\u0259si haqq\u0131nda s\u0259r\u0259ncam\u00a0imzalay\u0131b. S\u0259r\u0259ncama \u0259sas\u0259n, Az\u0259rbaycan Respublikas\u0131nda t\u0259hsilin inki\u015faf\u0131nda xidm\u0259tl\u0259rin\u0259 g\u00f6r\u0259 Heyd\u0259r Xan\u0131\u015f o\u011flu \u018fs\u0259dov \u201c\u015e\u00f6hr\u0259t\u201d ordeni il\u0259 t\u0259ltif edilib. Qeyd ed\u0259k ki, H.\u018fs\u0259dov Az\u0259rbaycan Respublikas\u0131n\u0131n Prezidentinin m\u00fcvafiq s\u0259r\u0259ncamlar\u0131 il\u0259 2011-ci ild\u0259 2-ci d\u0259r\u0259c\u0259li \u201cV\u0259t\u0259n\u0259 xidm\u0259t\u0259 g\u00f6r\u0259\u201d ordeni, 2019-cu ild\u0259 is\u0259 \u201cAz\u0259rbaycan Xalq C\u00fcmhuriyy\u0259tinin 100 illiyi (1918-2018)\u201d yubiley medal\u0131 il\u0259 t\u0259ltif&hellip;","_links":{"self":[{"href":"https:\/\/arantv.az\/index.php?rest_route=\/wp\/v2\/posts\/90371"}],"collection":[{"href":"https:\/\/arantv.az\/index.php?rest_route=\/wp\/v2\/posts"}],"about":[{"href":"https:\/\/arantv.az\/index.php?rest_route=\/wp\/v2\/types\/post"}],"author":[{"embeddable":true,"href":"https:\/\/arantv.az\/index.php?rest_route=\/wp\/v2\/users\/2"}],"replies":[{"embeddable":true,"href":"https:\/\/arantv.az\/index.php?rest_route=%2Fwp%2Fv2%2Fcomments&post=90371"}],"version-history":[{"count":0,"href":"https:\/\/arantv.az\/index.php?rest_route=\/wp\/v2\/posts\/90371\/revisions"}],"wp:featuredmedia":[{"embeddable":true,"href":"https:\/\/arantv.az\/index.php?rest_route=\/wp\/v2\/media\/90372"}],"wp:attachment":[{"href":"https:\/\/arantv.az\/index.php?rest_route=%2Fwp%2Fv2%2Fmedia&parent=90371"}],"wp:term":[{"taxonomy":"category","embeddable":true,"href":"https:\/\/arantv.az\/index.php?rest_route=%2Fwp%2Fv2%2Fcategories&post=90371"},{"taxonomy":"post_tag","embeddable":true,"href":"https:\/\/arantv.az\/index.php?rest_route=%2Fwp%2Fv2%2Ftags&post=90371"}],"curies":[{"name":"wp","href":"https:\/\/api.w.org\/{rel}","templated":true}]}}