{"id":90375,"date":"2019-10-29T14:13:47","date_gmt":"2019-10-29T11:13:47","guid":{"rendered":"http:\/\/arantv.az\/?p=90375"},"modified":"2019-10-29T14:13:47","modified_gmt":"2019-10-29T11:13:47","slug":"prezident-agdasa-uc-milyon-manat-ayirdi","status":"publish","type":"post","link":"https:\/\/arantv.az\/?p=90375","title":{"rendered":"Prezident A\u011fda\u015fa \u00fc\u00e7 milyon manat ay\u0131rd\u0131"},"content":{"rendered":"<p>Prezident \u0130lham \u018fliyev A\u011fda\u015f \u015f\u0259h\u0259rind\u0259 \u0259halinin m\u0259nzil-m\u0259i\u015f\u0259t \u015f\u0259raitinin yax\u015f\u0131la\u015fd\u0131r\u0131lmas\u0131 haqq\u0131nda s\u0259r\u0259ncam\u00a0<a href=\"https:\/\/azertag.az\/xeber\/Agdas_seherinde_ehalinin_menzil_meiset_seraitinin_yaxsilasdirilmasi_haqqinda__Azerbaycan_Respublikasi_Prezidentinin_Serencami-1348970\" target=\"_blank\" rel=\"noopener\">imzalay\u0131b<\/a>.<\/p>\n<p>S\u0259r\u0259ncama \u0259sas\u0259n,\u00a0A\u011fda\u015f \u015f\u0259h\u0259rind\u0259 q\u0259zal\u0131 v\u0259ziyy\u0259td\u0259 olan evl\u0259rd\u0259 m\u0259skunla\u015fm\u0131\u015f sakinl\u0259rin m\u0259nzil-m\u0259i\u015f\u0259t \u015f\u0259raitinin yax\u015f\u0131la\u015fd\u0131r\u0131lmas\u0131 m\u0259qs\u0259dil\u0259 48 m\u0259nzilli ya\u015fay\u0131\u015f binas\u0131n\u0131n tikintisi \u00fc\u00e7\u00fcn Az\u0259rbaycan Respublikas\u0131n\u0131n 2019-cu il d\u00f6vl\u0259t b\u00fcdc\u0259sind\u0259 n\u0259z\u0259rd\u0259 tutulmu\u015f Az\u0259rbaycan Respublikas\u0131 Prezidentinin ehtiyat fondundan A\u011fda\u015f Rayon \u0130cra Hakimiyy\u0259tin\u0259 \u00fc\u00e7\u00a0milyon manat ayr\u0131l\u0131b.<\/p>\n<div id=\"AdviadNativeVideo0\" class=\"AdviadNativeVideo\"><\/div>\n<p>Maliyy\u0259 Nazirliyi m\u00fcvafiq m\u0259bl\u0259\u011fd\u0259 maliyy\u0259l\u0259\u015fm\u0259ni t\u0259min etm\u0259lidir.<\/p>\n","protected":false},"excerpt":{"rendered":"<p>Prezident \u0130lham \u018fliyev A\u011fda\u015f \u015f\u0259h\u0259rind\u0259 \u0259halinin m\u0259nzil-m\u0259i\u015f\u0259t \u015f\u0259raitinin yax\u015f\u0131la\u015fd\u0131r\u0131lmas\u0131 haqq\u0131nda s\u0259r\u0259ncam\u00a0imzalay\u0131b. S\u0259r\u0259ncama \u0259sas\u0259n,\u00a0A\u011fda\u015f \u015f\u0259h\u0259rind\u0259 q\u0259zal\u0131 v\u0259ziyy\u0259td\u0259 olan evl\u0259rd\u0259 m\u0259skunla\u015fm\u0131\u015f sakinl\u0259rin m\u0259nzil-m\u0259i\u015f\u0259t \u015f\u0259raitinin yax\u015f\u0131la\u015fd\u0131r\u0131lmas\u0131 m\u0259qs\u0259dil\u0259 48 m\u0259nzilli ya\u015fay\u0131\u015f binas\u0131n\u0131n tikintisi \u00fc\u00e7\u00fcn Az\u0259rbaycan Respublikas\u0131n\u0131n 2019-cu il d\u00f6vl\u0259t b\u00fcdc\u0259sind\u0259 n\u0259z\u0259rd\u0259 tutulmu\u015f Az\u0259rbaycan Respublikas\u0131 Prezidentinin ehtiyat fondundan A\u011fda\u015f Rayon \u0130cra Hakimiyy\u0259tin\u0259 \u00fc\u00e7\u00a0milyon manat ayr\u0131l\u0131b. Maliyy\u0259 Nazirliyi m\u00fcvafiq m\u0259bl\u0259\u011fd\u0259 maliyy\u0259l\u0259\u015fm\u0259ni t\u0259min etm\u0259lidir.<\/p>\n","protected":false},"author":2,"featured_media":90376,"comment_status":"closed","ping_status":"closed","sticky":false,"template":"","format":"standard","meta":{"om_disable_all_campaigns":false,"_monsterinsights_skip_tracking":false,"_monsterinsights_sitenote_active":false,"_monsterinsights_sitenote_note":"","_monsterinsights_sitenote_category":0},"categories":[4],"tags":[],"aioseo_notices":[],"gutentor_comment":0,"rttpg_featured_image_url":{"full":["https:\/\/arantv.az\/wp-content\/uploads\/2019\/10\/imza-kalem.jpg",620,354,false],"landscape":["https:\/\/arantv.az\/wp-content\/uploads\/2019\/10\/imza-kalem.jpg",620,354,false],"portraits":["https:\/\/arantv.az\/wp-content\/uploads\/2019\/10\/imza-kalem.jpg",620,354,false],"thumbnail":["https:\/\/arantv.az\/wp-content\/uploads\/2019\/10\/imza-kalem-150x150.jpg",150,150,true],"medium":["https:\/\/arantv.az\/wp-content\/uploads\/2019\/10\/imza-kalem-300x171.jpg",300,171,true],"large":["https:\/\/arantv.az\/wp-content\/uploads\/2019\/10\/imza-kalem.jpg",620,354,false],"1536x1536":["https:\/\/arantv.az\/wp-content\/uploads\/2019\/10\/imza-kalem.jpg",620,354,false],"2048x2048":["https:\/\/arantv.az\/wp-content\/uploads\/2019\/10\/imza-kalem.jpg",620,354,false],"post-thumbnail":["https:\/\/arantv.az\/wp-content\/uploads\/2019\/10\/imza-kalem-240x172.jpg",240,172,true],"advps-thumb-one":["https:\/\/arantv.az\/wp-content\/uploads\/2019\/10\/imza-kalem.jpg",620,354,false]},"rttpg_author":{"display_name":"V\u00fcsal Rafiqo\u011flu","author_link":"https:\/\/arantv.az\/?author=2"},"rttpg_comment":0,"rttpg_category":"<a href=\"https:\/\/arantv.az\/?cat=4\" rel=\"category\">Siyas\u0259t<\/a>","rttpg_excerpt":"Prezident \u0130lham \u018fliyev A\u011fda\u015f \u015f\u0259h\u0259rind\u0259 \u0259halinin m\u0259nzil-m\u0259i\u015f\u0259t \u015f\u0259raitinin yax\u015f\u0131la\u015fd\u0131r\u0131lmas\u0131 haqq\u0131nda s\u0259r\u0259ncam\u00a0imzalay\u0131b. S\u0259r\u0259ncama \u0259sas\u0259n,\u00a0A\u011fda\u015f \u015f\u0259h\u0259rind\u0259 q\u0259zal\u0131 v\u0259ziyy\u0259td\u0259 olan evl\u0259rd\u0259 m\u0259skunla\u015fm\u0131\u015f sakinl\u0259rin m\u0259nzil-m\u0259i\u015f\u0259t \u015f\u0259raitinin yax\u015f\u0131la\u015fd\u0131r\u0131lmas\u0131 m\u0259qs\u0259dil\u0259 48 m\u0259nzilli ya\u015fay\u0131\u015f binas\u0131n\u0131n tikintisi \u00fc\u00e7\u00fcn Az\u0259rbaycan Respublikas\u0131n\u0131n 2019-cu il d\u00f6vl\u0259t b\u00fcdc\u0259sind\u0259 n\u0259z\u0259rd\u0259 tutulmu\u015f Az\u0259rbaycan Respublikas\u0131 Prezidentinin ehtiyat fondundan A\u011fda\u015f Rayon \u0130cra Hakimiyy\u0259tin\u0259 \u00fc\u00e7\u00a0milyon manat ayr\u0131l\u0131b. Maliyy\u0259 Nazirliyi m\u00fcvafiq m\u0259bl\u0259\u011fd\u0259 maliyy\u0259l\u0259\u015fm\u0259ni&hellip;","_links":{"self":[{"href":"https:\/\/arantv.az\/index.php?rest_route=\/wp\/v2\/posts\/90375"}],"collection":[{"href":"https:\/\/arantv.az\/index.php?rest_route=\/wp\/v2\/posts"}],"about":[{"href":"https:\/\/arantv.az\/index.php?rest_route=\/wp\/v2\/types\/post"}],"author":[{"embeddable":true,"href":"https:\/\/arantv.az\/index.php?rest_route=\/wp\/v2\/users\/2"}],"replies":[{"embeddable":true,"href":"https:\/\/arantv.az\/index.php?rest_route=%2Fwp%2Fv2%2Fcomments&post=90375"}],"version-history":[{"count":0,"href":"https:\/\/arantv.az\/index.php?rest_route=\/wp\/v2\/posts\/90375\/revisions"}],"wp:featuredmedia":[{"embeddable":true,"href":"https:\/\/arantv.az\/index.php?rest_route=\/wp\/v2\/media\/90376"}],"wp:attachment":[{"href":"https:\/\/arantv.az\/index.php?rest_route=%2Fwp%2Fv2%2Fmedia&parent=90375"}],"wp:term":[{"taxonomy":"category","embeddable":true,"href":"https:\/\/arantv.az\/index.php?rest_route=%2Fwp%2Fv2%2Fcategories&post=90375"},{"taxonomy":"post_tag","embeddable":true,"href":"https:\/\/arantv.az\/index.php?rest_route=%2Fwp%2Fv2%2Ftags&post=90375"}],"curies":[{"name":"wp","href":"https:\/\/api.w.org\/{rel}","templated":true}]}}