{"id":90385,"date":"2019-10-29T14:41:36","date_gmt":"2019-10-29T11:41:36","guid":{"rendered":"http:\/\/arantv.az\/?p=90385"},"modified":"2019-10-29T14:41:36","modified_gmt":"2019-10-29T11:41:36","slug":"ilham-%c9%99liyev-boris-consonun-ticar%c9%99t-elcisi-il%c9%99-gorusdu-yenil%c9%99nib-foto","status":"publish","type":"post","link":"https:\/\/arantv.az\/?p=90385","title":{"rendered":"\u0130lham \u018fliyev Boris Consonun ticar\u0259t el\u00e7isi il\u0259 g\u00f6r\u00fc\u015fd\u00fc &#8211; YEN\u0130L\u018fN\u0130B + FOTO"},"content":{"rendered":"<p>Az\u0259rbaycan Respublikas\u0131n\u0131n Prezidenti \u0130lham \u018fliyev oktyabr\u0131n 29-da B\u00f6y\u00fck Britaniyan\u0131n Ba\u015f Nazirinin Az\u0259rbaycan \u00fczr\u0259 ticar\u0259t el\u00e7isi Baronessa Emma Nikolsonu q\u0259bul edib.<\/p>\n<p><strong>ARANTV.AZ<\/strong> x\u0259b\u0259r verir ki, Az\u0259rbaycan il\u0259 B\u00f6y\u00fck Britaniya aras\u0131nda \u0259m\u0259kda\u015fl\u0131\u011f\u0131n dinamik \u015f\u0259kild\u0259 inki\u015faf etdiyini bildir\u0259n d\u00f6vl\u0259timizin ba\u015f\u00e7\u0131s\u0131 enerji sah\u0259sind\u0259 B\u00f6y\u00fck Britaniyan\u0131n Az\u0259rbaycan\u0131n \u0259sas t\u0259r\u0259fda\u015flar\u0131ndan biri oldu\u011funu vur\u011fulay\u0131b. Prezident \u0130lham \u018fliyev qeyri-neft sektorunda \u0259m\u0259kda\u015fl\u0131\u011f\u0131n inki\u015faf\u0131 \u00fc\u00e7\u00fcn d\u0259 geni\u015f imkanlar\u0131n oldu\u011funu deyib. D\u00f6vl\u0259timizin ba\u015f\u00e7\u0131s\u0131 \u00f6lk\u0259l\u0259rimiz aras\u0131nda \u0259laq\u0259l\u0259rin geni\u015fl\u0259nm\u0259sind\u0259 B\u00f6y\u00fck Britaniya Ba\u015f Nazirinin Az\u0259rbaycan \u00fczr\u0259 ticar\u0259t el\u00e7isi Baronessa Emma Nikolsonun rolunu qeyd edib.<\/p>\n<p>Az\u0259rbaycan il\u0259 B\u00f6y\u00fck Britaniya aras\u0131nda dostluq v\u0259 t\u0259r\u0259fda\u015fl\u0131q m\u00fcnasib\u0259tl\u0259rinin oldu\u011funu dey\u0259n Baronessa Emma Nikolson iqtisadi, ticari, m\u0259d\u0259ni v\u0259 humanitar sah\u0259l\u0259rd\u0259 \u0259laq\u0259l\u0259rimizin inki\u015faf\u0131 \u00fc\u00e7\u00fcn s\u0259yl\u0259rini \u0259sirg\u0259m\u0259diyini bildirib. O, Az\u0259rbaycana s\u0259f\u0259ri \u00e7\u0259r\u00e7iv\u0259sind\u0259 \u00e7oxsayl\u0131 g\u00f6r\u00fc\u015fl\u0259r ke\u00e7irdiyini, Mu\u011fam M\u0259rk\u0259zind\u0259 oldu\u011funu v\u0259 bu M\u0259rk\u0259zin onda b\u00f6y\u00fck t\u0259\u0259ss\u00fcrat yaratd\u0131\u011f\u0131n\u0131 deyib.<\/p>\n<div id=\"AdviadNativeVideo0\" class=\"AdviadNativeVideo\"><\/div>\n<p>G\u00f6r\u00fc\u015fd\u0259 \u00f6lk\u0259l\u0259rimiz aras\u0131nda k\u0259nd t\u0259s\u0259rr\u00fcfat\u0131, s\u0259hiyy\u0259, elm, t\u0259hsil, b\u0259rpa olunan enerji v\u0259 dig\u0259r sah\u0259l\u0259rd\u0259 \u0259m\u0259kda\u015fl\u0131\u011f\u0131n inki\u015faf\u0131na dair geni\u015f fikir m\u00fcbadil\u0259si apar\u0131l\u0131b.<\/p>\n<p><em><strong>13:49<\/strong><\/em><\/p>\n<p>Az\u0259rbaycan Respublikas\u0131n\u0131n Prezidenti \u0130lham \u018fliyev oktyabr\u0131n 29-da B\u00f6y\u00fck Britaniyan\u0131n Ba\u015f nazirinin Az\u0259rbaycan \u00fczr\u0259 ticar\u0259t el\u00e7isi Baronessa Emma Nikolsonun r\u0259hb\u0259rlik etdiyi n\u00fcmay\u0259nd\u0259 hey\u0259tini q\u0259bul edib.<\/p>\n<p>Bununla ba\u011fl\u0131\u00a0<a href=\"https:\/\/azertag.az\/xeber\/Prezident_Ilham_Aliyev_Boyuk_Britaniya_Bas_Nazirinin_Azerbaycan_uzre_ticaret_elchisinin_rehberlik_etdiyi_numayende_heyetini_qebul_edib_YENILANACAK-1348933\" target=\"_blank\" rel=\"noopener\">AZ\u018fRTAC<\/a>\u00a0m\u0259lumat yay\u0131b.<\/p>\n<p>Qeyd ed\u0259k,\u00a0B\u00f6y\u00fck Britaniyan\u0131n Ba\u015f naziri Boris Consondur.<\/p>\n<div class=\"gallery\">\n<div class=\"gallery-i\"><img src=\"https:\/\/assets.oxu.az\/uploads\/W1siZiIsIjIwMTkvMTAvMjkvMTMvNTIvMDgvYjc0NjUzNmEtOGNmZi00ZjlmLWI0NzctZmM5MTk5NWJiOWE0LzE1NzIzNDIzNjIyMDExMDI0MjU1XzEwMDB4NjY5LmpwZyJdLFsicCIsImVuY29kZSIsImpwZyIsIi1xdWFsaXR5IDgwIl0sWyJwIiwidGh1bWIiLCI1OTB4NTkwXHUwMDNlIl1d?sha=e0249689d89c9bee\" alt=\"\" \/><\/p>\n<div class=\"gallery-i-caption\"><\/div>\n<\/div>\n<div class=\"gallery-i\"><img src=\"https:\/\/assets.oxu.az\/uploads\/W1siZiIsIjIwMTkvMTAvMjkvMTMvNTIvMDgvMzgzZTJjMGItYTNjYi00YTExLTkwMWItNTQ5ZmM0YzYxNjdiLzE1NzIzNDIzNjI0NjkwNTY0NjQ0XzEwMDB4NjY5LmpwZyJdLFsicCIsImVuY29kZSIsImpwZyIsIi1xdWFsaXR5IDgwIl0sWyJwIiwidGh1bWIiLCI1OTB4NTkwXHUwMDNlIl1d?sha=2fa221868a79e130\" alt=\"\" \/><\/div>\n<\/div>\n","protected":false},"excerpt":{"rendered":"<p>Az\u0259rbaycan Respublikas\u0131n\u0131n Prezidenti \u0130lham \u018fliyev oktyabr\u0131n 29-da B\u00f6y\u00fck Britaniyan\u0131n Ba\u015f Nazirinin Az\u0259rbaycan \u00fczr\u0259 ticar\u0259t el\u00e7isi Baronessa Emma Nikolsonu q\u0259bul edib. ARANTV.AZ x\u0259b\u0259r verir ki, Az\u0259rbaycan il\u0259 B\u00f6y\u00fck Britaniya aras\u0131nda \u0259m\u0259kda\u015fl\u0131\u011f\u0131n dinamik \u015f\u0259kild\u0259 inki\u015faf etdiyini bildir\u0259n d\u00f6vl\u0259timizin ba\u015f\u00e7\u0131s\u0131 enerji sah\u0259sind\u0259 B\u00f6y\u00fck Britaniyan\u0131n Az\u0259rbaycan\u0131n \u0259sas t\u0259r\u0259fda\u015flar\u0131ndan biri oldu\u011funu vur\u011fulay\u0131b. Prezident \u0130lham \u018fliyev qeyri-neft sektorunda \u0259m\u0259kda\u015fl\u0131\u011f\u0131n inki\u015faf\u0131 \u00fc\u00e7\u00fcn d\u0259 geni\u015f imkanlar\u0131n oldu\u011funu deyib. D\u00f6vl\u0259timizin ba\u015f\u00e7\u0131s\u0131 \u00f6lk\u0259l\u0259rimiz aras\u0131nda \u0259laq\u0259l\u0259rin geni\u015fl\u0259nm\u0259sind\u0259 B\u00f6y\u00fck Britaniya Ba\u015f Nazirinin Az\u0259rbaycan \u00fczr\u0259 ticar\u0259t el\u00e7isi Baronessa Emma Nikolsonun rolunu qeyd edib. Az\u0259rbaycan il\u0259 B\u00f6y\u00fck Britaniya aras\u0131nda dostluq v\u0259 t\u0259r\u0259fda\u015fl\u0131q m\u00fcnasib\u0259tl\u0259rinin oldu\u011funu&hellip;<\/p>\n","protected":false},"author":2,"featured_media":90386,"comment_status":"closed","ping_status":"closed","sticky":false,"template":"","format":"standard","meta":{"om_disable_all_campaigns":false,"_monsterinsights_skip_tracking":false,"_monsterinsights_sitenote_active":false,"_monsterinsights_sitenote_note":"","_monsterinsights_sitenote_category":0},"categories":[4],"tags":[],"aioseo_notices":[],"gutentor_comment":0,"rttpg_featured_image_url":{"full":["https:\/\/arantv.az\/wp-content\/uploads\/2019\/10\/15723423622011024255_1000x669-1.jpg",620,399,false],"landscape":["https:\/\/arantv.az\/wp-content\/uploads\/2019\/10\/15723423622011024255_1000x669-1.jpg",620,399,false],"portraits":["https:\/\/arantv.az\/wp-content\/uploads\/2019\/10\/15723423622011024255_1000x669-1.jpg",620,399,false],"thumbnail":["https:\/\/arantv.az\/wp-content\/uploads\/2019\/10\/15723423622011024255_1000x669-1-150x150.jpg",150,150,true],"medium":["https:\/\/arantv.az\/wp-content\/uploads\/2019\/10\/15723423622011024255_1000x669-1-300x193.jpg",300,193,true],"large":["https:\/\/arantv.az\/wp-content\/uploads\/2019\/10\/15723423622011024255_1000x669-1.jpg",620,399,false],"1536x1536":["https:\/\/arantv.az\/wp-content\/uploads\/2019\/10\/15723423622011024255_1000x669-1.jpg",620,399,false],"2048x2048":["https:\/\/arantv.az\/wp-content\/uploads\/2019\/10\/15723423622011024255_1000x669-1.jpg",620,399,false],"post-thumbnail":["https:\/\/arantv.az\/wp-content\/uploads\/2019\/10\/15723423622011024255_1000x669-1-240x172.jpg",240,172,true],"advps-thumb-one":["https:\/\/arantv.az\/wp-content\/uploads\/2019\/10\/15723423622011024255_1000x669-1.jpg",620,399,false]},"rttpg_author":{"display_name":"V\u00fcsal Rafiqo\u011flu","author_link":"https:\/\/arantv.az\/?author=2"},"rttpg_comment":0,"rttpg_category":"<a href=\"https:\/\/arantv.az\/?cat=4\" rel=\"category\">Siyas\u0259t<\/a>","rttpg_excerpt":"Az\u0259rbaycan Respublikas\u0131n\u0131n Prezidenti \u0130lham \u018fliyev oktyabr\u0131n 29-da B\u00f6y\u00fck Britaniyan\u0131n Ba\u015f Nazirinin Az\u0259rbaycan \u00fczr\u0259 ticar\u0259t el\u00e7isi Baronessa Emma Nikolsonu q\u0259bul edib. ARANTV.AZ x\u0259b\u0259r verir ki, Az\u0259rbaycan il\u0259 B\u00f6y\u00fck Britaniya aras\u0131nda \u0259m\u0259kda\u015fl\u0131\u011f\u0131n dinamik \u015f\u0259kild\u0259 inki\u015faf etdiyini bildir\u0259n d\u00f6vl\u0259timizin ba\u015f\u00e7\u0131s\u0131 enerji sah\u0259sind\u0259 B\u00f6y\u00fck Britaniyan\u0131n Az\u0259rbaycan\u0131n \u0259sas t\u0259r\u0259fda\u015flar\u0131ndan biri oldu\u011funu vur\u011fulay\u0131b. Prezident \u0130lham \u018fliyev qeyri-neft sektorunda \u0259m\u0259kda\u015fl\u0131\u011f\u0131n inki\u015faf\u0131 \u00fc\u00e7\u00fcn&hellip;","_links":{"self":[{"href":"https:\/\/arantv.az\/index.php?rest_route=\/wp\/v2\/posts\/90385"}],"collection":[{"href":"https:\/\/arantv.az\/index.php?rest_route=\/wp\/v2\/posts"}],"about":[{"href":"https:\/\/arantv.az\/index.php?rest_route=\/wp\/v2\/types\/post"}],"author":[{"embeddable":true,"href":"https:\/\/arantv.az\/index.php?rest_route=\/wp\/v2\/users\/2"}],"replies":[{"embeddable":true,"href":"https:\/\/arantv.az\/index.php?rest_route=%2Fwp%2Fv2%2Fcomments&post=90385"}],"version-history":[{"count":0,"href":"https:\/\/arantv.az\/index.php?rest_route=\/wp\/v2\/posts\/90385\/revisions"}],"wp:featuredmedia":[{"embeddable":true,"href":"https:\/\/arantv.az\/index.php?rest_route=\/wp\/v2\/media\/90386"}],"wp:attachment":[{"href":"https:\/\/arantv.az\/index.php?rest_route=%2Fwp%2Fv2%2Fmedia&parent=90385"}],"wp:term":[{"taxonomy":"category","embeddable":true,"href":"https:\/\/arantv.az\/index.php?rest_route=%2Fwp%2Fv2%2Fcategories&post=90385"},{"taxonomy":"post_tag","embeddable":true,"href":"https:\/\/arantv.az\/index.php?rest_route=%2Fwp%2Fv2%2Ftags&post=90385"}],"curies":[{"name":"wp","href":"https:\/\/api.w.org\/{rel}","templated":true}]}}