{"id":90401,"date":"2019-10-29T14:45:56","date_gmt":"2019-10-29T11:45:56","guid":{"rendered":"http:\/\/arantv.az\/?p=90401"},"modified":"2019-10-29T14:45:56","modified_gmt":"2019-10-29T11:45:56","slug":"deputat-qosulmama-h%c9%99r%c9%99katinin-zirv%c9%99-gorusunun-az%c9%99rbaycanda-kecirilm%c9%99si-tarixi-hadis%c9%99-idi","status":"publish","type":"post","link":"https:\/\/arantv.az\/?p=90401","title":{"rendered":"Deputat: &#8220;Qo\u015fulmama H\u0259r\u0259kat\u0131n\u0131n Zirv\u0259 g\u00f6r\u00fc\u015f\u00fcn\u00fcn Az\u0259rbaycanda ke\u00e7irilm\u0259si tarixi hadis\u0259 idi&#8221;"},"content":{"rendered":"<blockquote><p><em><strong>\u00dczvl\u0259rinin say\u0131na g\u00f6r\u0259 BMT-d\u0259n sonra d\u00fcnyada ikinci \u0259n b\u00f6y\u00fck beyn\u0259lxalq t\u0259\u015fkilat olan Qo\u015fulmama H\u0259r\u0259kat\u0131na \u00fczv \u00f6lk\u0259l\u0259rin d\u00f6vl\u0259t v\u0259 h\u00f6kum\u0259t ba\u015f\u00e7\u0131lar\u0131n\u0131n XVIII Zirv\u0259 G\u00f6r\u00fc\u015f\u00fcn\u00fcn Az\u0259rbaycanda, paytaxt Bak\u0131da ke\u00e7irilm\u0259si tarixi hadis\u0259dir.<\/strong><\/em><\/p><\/blockquote>\n<p><strong>ARANTV.AZ\u00a0<\/strong> x\u0259b\u0259r verir ki, bunu\u00a0<a href=\"https:\/\/az.trend.az\/\" target=\"_blank\" rel=\"noopener\">Trend<\/a>-\u0259 Milli M\u0259clisin Yeni Az\u0259rbaycan Partiyas\u0131ndan olan deputat\u0131 Kamil\u0259 \u018fliyeva deyib.<\/p>\n<p>Deputat bildirib ki, c\u0259mi 8 il \u00f6nc\u0259, 2011-ci ild\u0259 \u00f6lk\u0259miz Qo\u015fulmama H\u0259r\u0259kat\u0131na \u00fczv q\u0259bul olunub: &#8220;Qo\u015fulmama H\u0259r\u0259kat\u0131nda oldu\u011fu q\u0131sa m\u00fcdd\u0259t \u0259rzind\u0259 d\u0259 \u00f6lk\u0259miz beyn\u0259lxalq h\u00fcququn norma v\u0259 prinsipl\u0259rini q\u0259tiyy\u0259tl\u0259 m\u00fcdafi\u0259 etm\u0259kd\u0259 b\u00f6y\u00fck n\u00fcfuz qazan\u0131b. M\u0259hz bu n\u00fcfuzun n\u0259tic\u0259sidir ki, H\u0259r\u0259kata \u00fczv \u00f6lk\u0259l\u0259rin d\u00f6vl\u0259t v\u0259 h\u00f6kum\u0259t ba\u015f\u00e7\u0131lar\u0131n\u0131n 2016-c\u0131 ild\u0259 ke\u00e7irilmi\u015f XVII Zirv\u0259 G\u00f6r\u00fc\u015f\u00fcnd\u0259 n\u00f6vb\u0259ti sammitin Bak\u0131 \u015f\u0259h\u0259rind\u0259 ke\u00e7irilm\u0259si v\u0259 2019-2022-ci ill\u0259r \u00fczr\u0259 s\u0259drliyin Az\u0259rbaycana h\u0259val\u0259 edilm\u0259si bar\u0259d\u0259 yekdil q\u0259rar q\u0259bul olunmu\u015fdur.<\/p>\n<p>Bu, \u00f6lk\u0259miz\u0259 g\u00f6st\u0259ril\u0259n h\u00f6rm\u0259tin, inam v\u0259 etimad\u0131n t\u0259zah\u00fcr\u00fcd\u00fcr. Art\u0131q \u00f6lk\u0259miz bu Zirv\u0259 G\u00f6r\u00fc\u015f\u00fcn\u0259 u\u011furla v\u0259 layiqinc\u0259 ev sahibliyi edib. H\u0259r zaman oldu\u011fu kimi, bu d\u0259f\u0259 d\u0259 Az\u0259rbaycan b\u00fct\u00fcn d\u00fcnyaya qonaqp\u0259rv\u0259rliyini, s\u00fclp\u0259rv\u0259rliyini, b\u0259\u015f\u0259riyy\u0259ti narahat ed\u0259n b\u00fct\u00fcn m\u0259s\u0259l\u0259l\u0259rin m\u00fczakir\u0259 olundu\u011fu v\u0259 oluna bil\u0259c\u0259yi bir m\u0259kan oldu\u011funu d\u00fcnyaya n\u00fcmayi\u015f etdirm\u0259kd\u0259dir. Zirv\u0259 G\u00f6r\u00fc\u015f\u00fcn\u00fcn a\u00e7\u0131l\u0131\u015f m\u0259rasimind\u0259 60-a yax\u0131n \u00f6lk\u0259nin d\u00f6vl\u0259t v\u0259 h\u00f6kum\u0259t ba\u015f\u00e7\u0131lar\u0131, h\u0259m\u00e7inin beyn\u0259lxalq t\u0259\u015fkilatlar\u0131n r\u0259hb\u0259rl\u0259ri i\u015ftirak etdi. \u00dcmumilikd\u0259, &#8220;Bandunq Prinsipl\u0259rini r\u0259hb\u0259r tutmaqla m\u00fcasir d\u00fcnyan\u0131n \u00e7a\u011f\u0131r\u0131\u015flar\u0131na birg\u0259 v\u0259 adekvat cavab verilm\u0259sini t\u0259min etm\u0259k&#8221; m\u00f6vzusunda ke\u00e7iril\u0259n XVIII Zirv\u0259 G\u00f6r\u00fc\u015f\u00fcn\u0259 160-a yax\u0131n \u00f6lk\u0259 v\u0259 beyn\u0259lxalq t\u0259\u015fkilat\u0131n n\u00fcmay\u0259nd\u0259l\u0259ri qat\u0131lm\u0131\u015fd\u0131&#8221;.<\/p>\n<p>K.\u018fliyeva vur\u011fulay\u0131b ki, Qo\u015fulmama H\u0259r\u0259kat\u0131na s\u0259drlik ed\u0259n Venesuela Bolivar Respublikas\u0131n\u0131n Prezidenti Nikolas Maduro Zirv\u0259 G\u00f6r\u00fc\u015f\u00fcn\u00fcn a\u00e7\u0131l\u0131\u015f \u00e7\u0131x\u0131\u015f\u0131nda Az\u0259rbaycan h\u00f6kum\u0259tin\u0259 qonaqp\u0259rv\u0259rliy\u0259 g\u00f6r\u0259 t\u0259\u015f\u0259kk\u00fcr ed\u0259r\u0259k, \u00f6lk\u0259sinin s\u0259drliyi d\u00f6vr\u00fcnd\u0259 Qo\u015fulmama H\u0259r\u0259kat\u0131n\u0131n b\u00f6y\u00fck inki\u015faf yolu ke\u00e7diyini, d\u00fcnyada s\u00fclh\u00fcn v\u0259 t\u0259hl\u00fck\u0259sizliyin g\u00fccl\u0259nm\u0259sin\u0259 xidm\u0259t g\u00f6st\u0259rdiyini v\u0259 n\u00f6vb\u0259ti \u00fc\u00e7 il \u00fc\u00e7\u00fcn s\u0259drliyin Az\u0259rbaycana h\u0259val\u0259 edildiyini b\u0259yan etdi. Bel\u0259likl\u0259, Qo\u015fulmama H\u0259r\u0259kat\u0131na s\u0259drlik Az\u0259rbaycana t\u0259hvil verildi:<\/p>\n<p>&#8220;Sonra Az\u0259rbaycan Prezidenti c\u0259nab \u0130lham \u018fliyev Zirv\u0259 G\u00f6r\u00fc\u015f\u00fc i\u015ftirak\u00e7\u0131lar\u0131 qar\u015f\u0131s\u0131nda \u00e7ox \u0259hat\u0259li, \u00e7ox m\u0259zmunlu v\u0259 tarixi bir nitq s\u00f6yl\u0259di. D\u00f6vl\u0259t ba\u015f\u00e7\u0131s\u0131 \u00e7\u0131x\u0131\u015f\u0131nda Zirv\u0259 G\u00f6r\u00fc\u015f\u00fcn\u00fc d\u00fcnya \u00f6lk\u0259l\u0259rininin \u0259ks\u0259riyy\u0259tini \u00f6z s\u0131ralar\u0131nda birl\u0259\u015fdir\u0259n Qo\u015fulmama H\u0259r\u0259kat\u0131n\u0131n Az\u0259rbaycan\u0131n yeritdiyi siyas\u0259t\u0259 verdiyi d\u0259st\u0259k kimi qiym\u0259tl\u0259ndirdi v\u0259 bu q\u0259rara g\u00f6r\u0259 t\u0259\u015f\u0259kk\u00fcr\u00fcn\u00fc bildirdi. Eyni zamanda, qeyd etdi ki, Az\u0259rbaycan Qo\u015fulmama H\u0259r\u0259kat\u0131nda s\u0259drliyi zaman\u0131 \u00f6z prioritetl\u0259rini v\u0259 f\u0259aliyy\u0259tini tarixi Bandunq prinsipl\u0259ri \u00fcz\u0259rind\u0259 quracaq. \u00c7\u00fcnki b\u00fct\u00fcn \u00f6lk\u0259l\u0259rin suverenliyin\u0259, \u0259razi b\u00fct\u00f6vl\u00fcy\u00fcn\u0259 h\u00f6rm\u0259t, d\u00f6vl\u0259tl\u0259rin daxili i\u015fl\u0259rin\u0259 qar\u0131\u015fmamaq v\u0259 qar\u015f\u0131l\u0131ql\u0131 maraqlar\u0131n qorunmas\u0131 v\u0259 \u0259m\u0259kda\u015fl\u0131\u011f\u0131n t\u0259\u015fviqi kimi prinsipl\u0259ri ehtiva ed\u0259n Bandunq prinsipl\u0259ri Az\u0259rbaycan\u0131n xarici siyas\u0259tinin t\u0259m\u0259l prinsipl\u0259ri il\u0259 \u00fcst-\u00fcst\u0259 d\u00fc\u015f\u00fcr.<\/p>\n<p>\u00c7\u0131x\u0131\u015f\u0131 zaman\u0131 &#8220;Biz beyn\u0259lxalq h\u00fcququn norma v\u0259 prinsipl\u0259rin\u0259 ham\u0131l\u0131qla \u0259m\u0259l olunmas\u0131 \u00fc\u00e7\u00fcn s\u0259yl\u0259rimizi art\u0131rmal\u0131y\u0131q. Bu bax\u0131mdan, BMT-nin f\u0259aliyy\u0259tind\u0259 islahatlara b\u00f6y\u00fck ehtiyac duyulur&#8221; &#8211; dey\u0259n d\u00f6vl\u0259timizin ba\u015f\u00e7\u0131s\u0131 \u00e7ox m\u00fch\u00fcm bir m\u0259qama da toxunaraq bildirdi ki, s\u0259rh\u0259dl\u0259rin g\u00fcc yolu il\u0259 d\u0259yi\u015fdirilm\u0259si, g\u00fccd\u0259n istifad\u0259 olunmaqla \u00f6lk\u0259l\u0259rin \u0259razi b\u00fct\u00f6vl\u00fcy\u00fcn\u00fcn pozulmas\u0131, daxili i\u015fl\u0259r\u0259 m\u00fcdaxil\u0259 yolverilm\u0259zdir. Bu g\u00fcn \u00e7ox t\u0259\u0259ss\u00fcfl\u0259r olsun ki, ya\u015fad\u0131\u011f\u0131m\u0131z d\u00fcnyada, beyn\u0259lxalq al\u0259md\u0259 bu c\u0259hdl\u0259r \u00f6z\u00fcn\u00fc g\u00f6st\u0259rm\u0259kd\u0259dir. S\u0259rh\u0259dl\u0259rin g\u00fcc yolu il\u0259 d\u0259yi\u015fdirilm\u0259si, g\u00fccd\u0259n istifad\u0259 olunmaqla \u00f6lk\u0259l\u0259rin \u0259razi b\u00fct\u00f6vl\u00fcy\u00fcn\u00fcn pozulmas\u0131, daxili i\u015fl\u0259r\u0259 m\u00fcdaxil\u0259 c\u0259hdl\u0259ri g\u00f6z\u00fcm\u00fcz\u00fcn qar\u015f\u0131s\u0131ndad\u0131r, d\u00f6vr\u00fcm\u00fcz\u00fcn ac\u0131 reall\u0131\u011f\u0131d\u0131r. Konkret olaraq, 31 ild\u0259n art\u0131q bir m\u00fcdd\u0259t \u0259rzind\u0259 i\u015f\u011fal\u00e7\u0131 v\u0259 t\u0259caz\u00fcvkar Erm\u0259nistan, onu a\u00e7\u0131q v\u0259 gizli himay\u0259 ed\u0259n q\u00fcvv\u0259l\u0259r, anti-Az\u0259rbaycan dair\u0259l\u0259r t\u0259r\u0259find\u0259n \u00f6lk\u0259miz\u0259 qar\u015f\u0131 bu c\u00fcr c\u0259hdl\u0259r edilm\u0259kd\u0259dir, h\u0259r k\u0259sin q\u0259bul etdiyi beyn\u0259lxalq h\u00fcququn norma v\u0259 prinsipl\u0259ri a\u00e7\u0131q-a\u015fkar tapdalanmaqda, ayaqlar alt\u0131na at\u0131lmaqdad\u0131r. Odur ki, Az\u0259rbaycan Prezidentinin \u00e7\u0131x\u0131\u015f\u0131nda bu m\u0259s\u0259l\u0259nin n\u00f6vb\u0259ti d\u0259f\u0259 dil\u0259 g\u0259tirilm\u0259si \u00e7ox vacib v\u0259 olduqca \u0259h\u0259miyy\u0259tli m\u0259qamlardand\u0131r. D\u00f6vl\u0259t ba\u015f\u00e7\u0131s\u0131 \u00e7\u0131x\u0131\u015f\u0131nda n\u00f6vb\u0259ti d\u0259f\u0259 Erm\u0259nistan-Az\u0259rbaycan m\u00fcnaqi\u015f\u0259sin\u0259, Erm\u0259nistan t\u0259cav\u00fczkarl\u0131q siyas\u0259tin\u0259 geni\u015f yer ay\u0131raraq, bir daha i\u015f\u011fal\u00e7\u0131 \u00f6lk\u0259ni, onun m\u00fcnaqi\u015f\u0259nin s\u00fclh v\u0259 dan\u0131\u015f\u0131qlar yolu il\u0259 h\u0259lli prosesin\u0259 t\u00f6r\u0259tdiyi t\u0259xribat\u00e7\u0131l\u0131q v\u0259 fint\u0259karkl\u0131q \u0259m\u0259ll\u0259rini k\u00f6nkret faktlarla, arqumentl\u0259rl\u0259 if\u015fa etdi. 1993-c\u00fc ild\u0259 BMT T\u0259hl\u00fck\u0259sizlik \u015euras\u0131 t\u0259r\u0259find\u0259n q\u0259bul edilmi\u015f d\u00f6rd q\u0259tnam\u0259d\u0259 Erm\u0259nistan qo\u015funlar\u0131n\u0131n Az\u0259rbaycan\u0131n \u0259razisind\u0259n tam v\u0259 qeyd-\u015f\u0259rtsiz \u00e7\u0131xar\u0131lmas\u0131 t\u0259l\u0259binin yer almas\u0131na baxmayaraq, \u00f6lk\u0259 ba\u015f\u00e7\u0131s\u0131 \u00f6t\u0259n 26 il \u0259rzind\u0259 h\u0259min q\u0259tnam\u0259l\u0259rin he\u00e7 birinin h\u0259yata ke\u00e7irilm\u0259diyini b\u0259yan etdi v\u0259 vur\u011fulad\u0131 ki, b\u0259z\u0259n T\u0259hl\u00fck\u0259sizlik \u015euras\u0131n\u0131n q\u0259tnam\u0259l\u0259ri bir ne\u00e7\u0259 g\u00fcn\u00fcn i\u00e7ind\u0259 icra edilir, b\u0259z\u0259n is\u0259 Az\u0259rbaycan\u0131n \u00fczl\u0259\u015fdiyi m\u00fcnaqi\u015f\u0259y\u0259 m\u00fcnasib\u0259td\u0259 oldu\u011fu kimi, 26 ildir ki, ka\u011f\u0131z \u00fcz\u0259rind\u0259 qal\u0131r&#8221;.<\/p>\n<p>Milli M\u0259clisin deputat\u0131 vur\u011fulay\u0131b ki, bu ikili standartlar siyas\u0259tin\u0259 at\u0131q son qoyulmas\u0131na \u00e7a\u011f\u0131r\u0131\u015f ed\u0259n Az\u0259rbaycan Prezidenti ali, m\u00f6t\u0259b\u0259r k\u00fcrs\u00fcd\u0259n bir daha \u00f6lk\u0259mizin haqq s\u0259sini ucaldaraq, beyn\u0259lxalq birliyi, m\u00fcnaqi\u015f\u0259nin h\u0259lli il\u0259 m\u0259\u015f\u011ful olan t\u0259\u015fkilatlar\u0131 t\u0259cav\u00fczkar d\u00f6vl\u0259t olan Erm\u0259nistan\u0131 i\u015f\u011fal\u00e7\u0131l\u0131q siyas\u0259tind\u0259n \u00e7\u0259kindirmiy\u0259, ona ciddi t\u0259zyiql\u0259r g\u00f6st\u0259rm\u0259y\u0259 v\u0259 i\u015f\u011fal fakt\u0131n\u0131n aradan qald\u0131r\u0131lmas\u0131na k\u00f6m\u0259k etm\u0259y\u0259 s\u0259sl\u0259di: &#8220;Hesab edir\u0259m ki, bu \u00e7a\u011f\u0131r\u0131\u015f, bu b\u0259yanat m\u00fctl\u0259q \u015f\u0259kild\u0259 \u00f6z n\u0259tic\u0259sini ver\u0259c\u0259k, g\u00fcn\u00fc-g\u00fcnd\u0259n if\u015fa edil\u0259r\u0259k, ard\u0131c\u0131l siyasi-diplomatik z\u0259rb\u0259l\u0259r alan Erm\u0259nistan bir g\u00fcn s\u00fclh\u0259 raz\u0131la\u015fma\u011fa, Az\u0259rbaycan\u0131n haql\u0131 v\u0259 \u0259dal\u0259tli t\u0259l\u0259bl\u0259rini yerin\u0259 yetirm\u0259y\u0259 m\u0259cbur olacaq. Art\u0131q onun ba\u015fqa \u00e7\u0131x\u0131\u015f yolu yoxdur, haqq da, \u0259dal\u0259t d\u0259 bizim t\u0259r\u0259fimizd\u0259dir. Qaraba\u011f Az\u0259rbaycand\u0131r, Qaraba\u011f Az\u0259rbaycan\u0131nd\u0131r v\u0259 Az\u0259rbaycan\u0131n olacaq.<\/p>\n<p>B\u00fct\u00f6vl\u00fckd\u0259, bu quruma 3 il m\u00fcdd\u0259tind\u0259 s\u0259drliyin Az\u0259rbaycanda olmas\u0131 \u00f6lk\u0259mizin beyn\u0259lxalq al\u0259md\u0259ki, d\u00fcnyadak\u0131 yerinin, rolunun, \u00e7\u0259kisinin, n\u00fcfuzunun daha da artmas\u0131na, m\u00f6hk\u0259ml\u0259nm\u0259sin\u0259 g\u0259tirib \u00e7\u0131xaracaq. Az\u0259rbaycan bu tarixi f\u00fcrs\u0259td\u0259n, \u015fansdan istifad\u0259 ed\u0259r\u0259k, \u00f6lk\u0259 h\u0259qiq\u0259tl\u0259rini, reall\u0131qlar\u0131n\u0131, \u00f6z inki\u015faf\u0131n\u0131 d\u00fcnyaya daha yax\u0131ndan n\u00fcmayi\u015f etdir\u0259c\u0259k v\u0259 d\u00fcnya bir daha Az\u0259rbaycan\u0131n t\u0259r\u0259qqisin\u0259, \u00e7i\u00e7\u0259kl\u0259nm\u0259sin\u0259, inki\u015faf\u0131na \u015fahid olacaq. Odur ki, Zirv\u0259 G\u00f6r\u00fc\u015f\u00fcn\u00fc olduqca tarixi v\u0259 b\u00f6y\u00fck siyasi hadis\u0259, \u00f6lk\u0259mizin n\u00f6vb\u0259ti u\u011furu hesab edir\u0259m&#8221;.<\/p>\n","protected":false},"excerpt":{"rendered":"<p>\u00dczvl\u0259rinin say\u0131na g\u00f6r\u0259 BMT-d\u0259n sonra d\u00fcnyada ikinci \u0259n b\u00f6y\u00fck beyn\u0259lxalq t\u0259\u015fkilat olan Qo\u015fulmama H\u0259r\u0259kat\u0131na \u00fczv \u00f6lk\u0259l\u0259rin d\u00f6vl\u0259t v\u0259 h\u00f6kum\u0259t ba\u015f\u00e7\u0131lar\u0131n\u0131n XVIII Zirv\u0259 G\u00f6r\u00fc\u015f\u00fcn\u00fcn Az\u0259rbaycanda, paytaxt Bak\u0131da ke\u00e7irilm\u0259si tarixi hadis\u0259dir. ARANTV.AZ\u00a0 x\u0259b\u0259r verir ki, bunu\u00a0Trend-\u0259 Milli M\u0259clisin Yeni Az\u0259rbaycan Partiyas\u0131ndan olan deputat\u0131 Kamil\u0259 \u018fliyeva deyib. Deputat bildirib ki, c\u0259mi 8 il \u00f6nc\u0259, 2011-ci ild\u0259 \u00f6lk\u0259miz Qo\u015fulmama H\u0259r\u0259kat\u0131na \u00fczv q\u0259bul olunub: &#8220;Qo\u015fulmama H\u0259r\u0259kat\u0131nda oldu\u011fu q\u0131sa m\u00fcdd\u0259t \u0259rzind\u0259 d\u0259 \u00f6lk\u0259miz beyn\u0259lxalq h\u00fcququn norma v\u0259 prinsipl\u0259rini q\u0259tiyy\u0259tl\u0259 m\u00fcdafi\u0259 etm\u0259kd\u0259 b\u00f6y\u00fck n\u00fcfuz qazan\u0131b. M\u0259hz bu n\u00fcfuzun n\u0259tic\u0259sidir ki, H\u0259r\u0259kata \u00fczv \u00f6lk\u0259l\u0259rin d\u00f6vl\u0259t v\u0259 h\u00f6kum\u0259t ba\u015f\u00e7\u0131lar\u0131n\u0131n&hellip;<\/p>\n","protected":false},"author":2,"featured_media":90402,"comment_status":"closed","ping_status":"closed","sticky":false,"template":"","format":"standard","meta":{"om_disable_all_campaigns":false,"_monsterinsights_skip_tracking":false,"_monsterinsights_sitenote_active":false,"_monsterinsights_sitenote_note":"","_monsterinsights_sitenote_category":0},"categories":[4],"tags":[],"aioseo_notices":[],"gutentor_comment":0,"rttpg_featured_image_url":{"full":["https:\/\/arantv.az\/wp-content\/uploads\/2019\/10\/798023.jpg",800,600,false],"landscape":["https:\/\/arantv.az\/wp-content\/uploads\/2019\/10\/798023.jpg",800,600,false],"portraits":["https:\/\/arantv.az\/wp-content\/uploads\/2019\/10\/798023.jpg",800,600,false],"thumbnail":["https:\/\/arantv.az\/wp-content\/uploads\/2019\/10\/798023-150x150.jpg",150,150,true],"medium":["https:\/\/arantv.az\/wp-content\/uploads\/2019\/10\/798023-300x225.jpg",300,225,true],"large":["https:\/\/arantv.az\/wp-content\/uploads\/2019\/10\/798023.jpg",640,480,false],"1536x1536":["https:\/\/arantv.az\/wp-content\/uploads\/2019\/10\/798023.jpg",800,600,false],"2048x2048":["https:\/\/arantv.az\/wp-content\/uploads\/2019\/10\/798023.jpg",800,600,false],"post-thumbnail":["https:\/\/arantv.az\/wp-content\/uploads\/2019\/10\/798023-240x172.jpg",240,172,true],"advps-thumb-one":["https:\/\/arantv.az\/wp-content\/uploads\/2019\/10\/798023.jpg",800,600,false]},"rttpg_author":{"display_name":"V\u00fcsal Rafiqo\u011flu","author_link":"https:\/\/arantv.az\/?author=2"},"rttpg_comment":0,"rttpg_category":"<a href=\"https:\/\/arantv.az\/?cat=4\" rel=\"category\">Siyas\u0259t<\/a>","rttpg_excerpt":"\u00dczvl\u0259rinin say\u0131na g\u00f6r\u0259 BMT-d\u0259n sonra d\u00fcnyada ikinci \u0259n b\u00f6y\u00fck beyn\u0259lxalq t\u0259\u015fkilat olan Qo\u015fulmama H\u0259r\u0259kat\u0131na \u00fczv \u00f6lk\u0259l\u0259rin d\u00f6vl\u0259t v\u0259 h\u00f6kum\u0259t ba\u015f\u00e7\u0131lar\u0131n\u0131n XVIII Zirv\u0259 G\u00f6r\u00fc\u015f\u00fcn\u00fcn Az\u0259rbaycanda, paytaxt Bak\u0131da ke\u00e7irilm\u0259si tarixi hadis\u0259dir. ARANTV.AZ\u00a0 x\u0259b\u0259r verir ki, bunu\u00a0Trend-\u0259 Milli M\u0259clisin Yeni Az\u0259rbaycan Partiyas\u0131ndan olan deputat\u0131 Kamil\u0259 \u018fliyeva deyib. Deputat bildirib ki, c\u0259mi 8 il \u00f6nc\u0259, 2011-ci ild\u0259 \u00f6lk\u0259miz Qo\u015fulmama&hellip;","_links":{"self":[{"href":"https:\/\/arantv.az\/index.php?rest_route=\/wp\/v2\/posts\/90401"}],"collection":[{"href":"https:\/\/arantv.az\/index.php?rest_route=\/wp\/v2\/posts"}],"about":[{"href":"https:\/\/arantv.az\/index.php?rest_route=\/wp\/v2\/types\/post"}],"author":[{"embeddable":true,"href":"https:\/\/arantv.az\/index.php?rest_route=\/wp\/v2\/users\/2"}],"replies":[{"embeddable":true,"href":"https:\/\/arantv.az\/index.php?rest_route=%2Fwp%2Fv2%2Fcomments&post=90401"}],"version-history":[{"count":0,"href":"https:\/\/arantv.az\/index.php?rest_route=\/wp\/v2\/posts\/90401\/revisions"}],"wp:featuredmedia":[{"embeddable":true,"href":"https:\/\/arantv.az\/index.php?rest_route=\/wp\/v2\/media\/90402"}],"wp:attachment":[{"href":"https:\/\/arantv.az\/index.php?rest_route=%2Fwp%2Fv2%2Fmedia&parent=90401"}],"wp:term":[{"taxonomy":"category","embeddable":true,"href":"https:\/\/arantv.az\/index.php?rest_route=%2Fwp%2Fv2%2Fcategories&post=90401"},{"taxonomy":"post_tag","embeddable":true,"href":"https:\/\/arantv.az\/index.php?rest_route=%2Fwp%2Fv2%2Ftags&post=90401"}],"curies":[{"name":"wp","href":"https:\/\/api.w.org\/{rel}","templated":true}]}}