{"id":90405,"date":"2019-10-29T14:46:38","date_gmt":"2019-10-29T11:46:38","guid":{"rendered":"http:\/\/arantv.az\/?p=90405"},"modified":"2019-10-29T14:46:38","modified_gmt":"2019-10-29T11:46:38","slug":"iranda-universitetd%c9%99-partlayis-yaralananlar-var","status":"publish","type":"post","link":"https:\/\/arantv.az\/?p=90405","title":{"rendered":"\u0130randa universitetd\u0259 PARTLAYI\u015e: yaralananlar var"},"content":{"rendered":"<blockquote><p><em><strong>\u0130ran\u0131n q\u0259rbind\u0259 yerl\u0259\u015f\u0259n Q\u0259rbi Az\u0259rbaycan vilay\u0259tinin Urmiya rayonunun K\u0259v\u0259l\u0259q k\u0259ndi \u0259razisind\u0259 T\u0259tbiqi Elml\u0259r Universitetinin h\u0259y\u0259tind\u0259ki binalardan birind\u0259 g\u00fccl\u00fc partlay\u0131\u015f olub.<\/strong><\/em><\/p><\/blockquote>\n<p><strong>ARANTV.AZ<\/strong>\u00a0\u00a0<a href=\"https:\/\/az.trend.az\/\" target=\"_blank\" rel=\"noopener\">Trend<\/a>-\u0259 istinad\u0259n x\u0259b\u0259r verir ki, bunu \u0130ran\u0131n Q\u0259rbi Az\u0259rbaycan vilay\u0259tinin Urmiya rayonu yan\u011f\u0131ns\u00f6nd\u00fcrm\u0259 v\u0259 t\u0259hl\u00fck\u0259sizlik xidm\u0259tl\u0259ri idar\u0259sinin r\u0259isi \u0130brahim \u015ead Qu\u015f\u00e7u deyib.<\/p>\n<p>\u0130.\u015e.Qu\u015f\u00e7unun s\u00f6zl\u0259rin\u0259 g\u00f6r\u0259, bina Urmiya K\u0259nd T\u0259s\u0259rr\u00fcfat\u0131 m\u00fc\u0259ssis\u0259l\u0259ri inki\u015faf m\u0259rk\u0259zin\u0259 m\u0259xsusdur.<\/p>\n<p>\u0130dar\u0259 r\u0259isi \u0259lav\u0259 edib ki, hadis\u0259 n\u0259tic\u0259sind\u0259 6 n\u0259f\u0259r yaralan\u0131b.<\/p>\n<div>\n<div id=\"AdviadNativeVideo0\" class=\"AdviadNativeVideo\"><\/div>\n<\/div>\n<p>Hadis\u0259nin s\u0259b\u0259bi ara\u015fd\u0131r\u0131l\u0131r.<\/p>\n","protected":false},"excerpt":{"rendered":"<p>\u0130ran\u0131n q\u0259rbind\u0259 yerl\u0259\u015f\u0259n Q\u0259rbi Az\u0259rbaycan vilay\u0259tinin Urmiya rayonunun K\u0259v\u0259l\u0259q k\u0259ndi \u0259razisind\u0259 T\u0259tbiqi Elml\u0259r Universitetinin h\u0259y\u0259tind\u0259ki binalardan birind\u0259 g\u00fccl\u00fc partlay\u0131\u015f olub. ARANTV.AZ\u00a0\u00a0Trend-\u0259 istinad\u0259n x\u0259b\u0259r verir ki, bunu \u0130ran\u0131n Q\u0259rbi Az\u0259rbaycan vilay\u0259tinin Urmiya rayonu yan\u011f\u0131ns\u00f6nd\u00fcrm\u0259 v\u0259 t\u0259hl\u00fck\u0259sizlik xidm\u0259tl\u0259ri idar\u0259sinin r\u0259isi \u0130brahim \u015ead Qu\u015f\u00e7u deyib. \u0130.\u015e.Qu\u015f\u00e7unun s\u00f6zl\u0259rin\u0259 g\u00f6r\u0259, bina Urmiya K\u0259nd T\u0259s\u0259rr\u00fcfat\u0131 m\u00fc\u0259ssis\u0259l\u0259ri inki\u015faf m\u0259rk\u0259zin\u0259 m\u0259xsusdur. \u0130dar\u0259 r\u0259isi \u0259lav\u0259 edib ki, hadis\u0259 n\u0259tic\u0259sind\u0259 6 n\u0259f\u0259r yaralan\u0131b. Hadis\u0259nin s\u0259b\u0259bi ara\u015fd\u0131r\u0131l\u0131r.<\/p>\n","protected":false},"author":2,"featured_media":90406,"comment_status":"closed","ping_status":"closed","sticky":false,"template":"","format":"standard","meta":{"om_disable_all_campaigns":false,"_monsterinsights_skip_tracking":false,"_monsterinsights_sitenote_active":false,"_monsterinsights_sitenote_note":"","_monsterinsights_sitenote_category":0},"categories":[7],"tags":[],"aioseo_notices":[],"gutentor_comment":0,"rttpg_featured_image_url":{"full":["https:\/\/arantv.az\/wp-content\/uploads\/2019\/10\/798029.jpg",800,600,false],"landscape":["https:\/\/arantv.az\/wp-content\/uploads\/2019\/10\/798029.jpg",800,600,false],"portraits":["https:\/\/arantv.az\/wp-content\/uploads\/2019\/10\/798029.jpg",800,600,false],"thumbnail":["https:\/\/arantv.az\/wp-content\/uploads\/2019\/10\/798029-150x150.jpg",150,150,true],"medium":["https:\/\/arantv.az\/wp-content\/uploads\/2019\/10\/798029-300x225.jpg",300,225,true],"large":["https:\/\/arantv.az\/wp-content\/uploads\/2019\/10\/798029.jpg",640,480,false],"1536x1536":["https:\/\/arantv.az\/wp-content\/uploads\/2019\/10\/798029.jpg",800,600,false],"2048x2048":["https:\/\/arantv.az\/wp-content\/uploads\/2019\/10\/798029.jpg",800,600,false],"post-thumbnail":["https:\/\/arantv.az\/wp-content\/uploads\/2019\/10\/798029-240x172.jpg",240,172,true],"advps-thumb-one":["https:\/\/arantv.az\/wp-content\/uploads\/2019\/10\/798029.jpg",800,600,false]},"rttpg_author":{"display_name":"V\u00fcsal Rafiqo\u011flu","author_link":"https:\/\/arantv.az\/?author=2"},"rttpg_comment":0,"rttpg_category":"<a href=\"https:\/\/arantv.az\/?cat=7\" rel=\"category\">D\u00fcnya<\/a>","rttpg_excerpt":"\u0130ran\u0131n q\u0259rbind\u0259 yerl\u0259\u015f\u0259n Q\u0259rbi Az\u0259rbaycan vilay\u0259tinin Urmiya rayonunun K\u0259v\u0259l\u0259q k\u0259ndi \u0259razisind\u0259 T\u0259tbiqi Elml\u0259r Universitetinin h\u0259y\u0259tind\u0259ki binalardan birind\u0259 g\u00fccl\u00fc partlay\u0131\u015f olub. ARANTV.AZ\u00a0\u00a0Trend-\u0259 istinad\u0259n x\u0259b\u0259r verir ki, bunu \u0130ran\u0131n Q\u0259rbi Az\u0259rbaycan vilay\u0259tinin Urmiya rayonu yan\u011f\u0131ns\u00f6nd\u00fcrm\u0259 v\u0259 t\u0259hl\u00fck\u0259sizlik xidm\u0259tl\u0259ri idar\u0259sinin r\u0259isi \u0130brahim \u015ead Qu\u015f\u00e7u deyib. \u0130.\u015e.Qu\u015f\u00e7unun s\u00f6zl\u0259rin\u0259 g\u00f6r\u0259, bina Urmiya K\u0259nd T\u0259s\u0259rr\u00fcfat\u0131 m\u00fc\u0259ssis\u0259l\u0259ri inki\u015faf m\u0259rk\u0259zin\u0259 m\u0259xsusdur. \u0130dar\u0259 r\u0259isi&hellip;","_links":{"self":[{"href":"https:\/\/arantv.az\/index.php?rest_route=\/wp\/v2\/posts\/90405"}],"collection":[{"href":"https:\/\/arantv.az\/index.php?rest_route=\/wp\/v2\/posts"}],"about":[{"href":"https:\/\/arantv.az\/index.php?rest_route=\/wp\/v2\/types\/post"}],"author":[{"embeddable":true,"href":"https:\/\/arantv.az\/index.php?rest_route=\/wp\/v2\/users\/2"}],"replies":[{"embeddable":true,"href":"https:\/\/arantv.az\/index.php?rest_route=%2Fwp%2Fv2%2Fcomments&post=90405"}],"version-history":[{"count":0,"href":"https:\/\/arantv.az\/index.php?rest_route=\/wp\/v2\/posts\/90405\/revisions"}],"wp:featuredmedia":[{"embeddable":true,"href":"https:\/\/arantv.az\/index.php?rest_route=\/wp\/v2\/media\/90406"}],"wp:attachment":[{"href":"https:\/\/arantv.az\/index.php?rest_route=%2Fwp%2Fv2%2Fmedia&parent=90405"}],"wp:term":[{"taxonomy":"category","embeddable":true,"href":"https:\/\/arantv.az\/index.php?rest_route=%2Fwp%2Fv2%2Fcategories&post=90405"},{"taxonomy":"post_tag","embeddable":true,"href":"https:\/\/arantv.az\/index.php?rest_route=%2Fwp%2Fv2%2Ftags&post=90405"}],"curies":[{"name":"wp","href":"https:\/\/api.w.org\/{rel}","templated":true}]}}