{"id":90409,"date":"2019-10-29T14:47:40","date_gmt":"2019-10-29T11:47:40","guid":{"rendered":"http:\/\/arantv.az\/?p=90409"},"modified":"2019-10-29T14:47:40","modified_gmt":"2019-10-29T11:47:40","slug":"xin-yalniz-az%c9%99rbaycan-hokum%c9%99ti-dagliq-qarabag-bolg%c9%99si-%c9%99halisinin-t%c9%99hluk%c9%99sizlik-t%c9%99minatcisidir","status":"publish","type":"post","link":"https:\/\/arantv.az\/?p=90409","title":{"rendered":"X\u0130N: Yaln\u0131z Az\u0259rbaycan h\u00f6kum\u0259ti Da\u011fl\u0131q Qaraba\u011f b\u00f6lg\u0259si \u0259halisinin t\u0259hl\u00fck\u0259sizlik t\u0259minat\u00e7\u0131s\u0131d\u0131r"},"content":{"rendered":"<p><strong>Yaln\u0131z Az\u0259rbaycan h\u00f6kum\u0259ti v\u0259 \u00f6lk\u0259nin Konstitusiyas\u0131 d\u00f6vl\u0259tin \u0259razisind\u0259 ya\u015fayan b\u00fct\u00fcn \u0259halinin, o c\u00fcml\u0259d\u0259n i\u015f\u011fal olunmu\u015f Da\u011fl\u0131q Qaraba\u011f b\u00f6lg\u0259sinin \u0259halisinin t\u0259hl\u00fck\u0259sizlik t\u0259minat\u00e7\u0131s\u0131d\u0131r v\u0259 bundan sonra da bel\u0259 olacaq.<\/strong><\/p>\n<p><strong>ARANTV.AZ<\/strong>\u00a0 x\u0259b\u0259r verir ki, bu bar\u0259d\u0259 Az\u0259rbaycan Xarici \u0130\u015fl\u0259r Nazirliyinin yayd\u0131\u011f\u0131 b\u0259yanatda deyilir.<\/p>\n<p>B\u0259yanatda, h\u0259m\u00e7inin qeyd edilir:<\/p>\n<p>&#8220;Bu ilin 25-26 oktyabr tarixl\u0259rind\u0259 Bak\u0131da ke\u00e7iril\u0259n Qo\u015fulmama H\u0259r\u0259kat\u0131n\u0131n d\u00f6vl\u0259t v\u0259 h\u00f6kum\u0259t ba\u015f\u00e7\u0131lar\u0131n\u0131n 18-ci Zirv\u0259 g\u00f6r\u00fc\u015f\u00fcn\u00fcn Yekun S\u0259n\u0259di v\u0259 bu y\u00fcks\u0259k s\u0259viyy\u0259li t\u0259dbird\u0259 i\u015ftirak ed\u0259n 159 n\u00fcmay\u0259nd\u0259 hey\u0259ti birm\u0259nal\u0131 \u015f\u0259kild\u0259 Erm\u0259nistan-Az\u0259rbaycan m\u00fcnaqi\u015f\u0259sinin h\u0259lli il\u0259 ba\u011fl\u0131 beyn\u0259lxalq h\u00fcququn norma v\u0259 prinsipl\u0259ri v\u0259 BMT T\u0259hl\u00fck\u0259sizlik \u015euras\u0131n\u0131n q\u0259tnam\u0259l\u0259rin\u0259 \u0259saslanan q\u0259ti m\u00f6vqeyini t\u0259sdiq etdi. Bel\u0259 ki, bu m\u00f6vqe bundan \u00f6nc\u0259 d\u0259 Qo\u015fulmama H\u0259r\u0259kat\u0131n\u0131n m\u00fcnaqi\u015f\u0259 il\u0259 ba\u011fl\u0131 m\u00f6vcud olan &#8220;m\u00fcnaqi\u015f\u0259nin Az\u0259rbaycan\u0131n suverenliyi, \u0259razi b\u00fct\u00f6vl\u00fcy\u00fc v\u0259 beyn\u0259lxalq s\u0259rh\u0259dl\u0259rinin toxunulmazl\u0131\u011f\u0131 \u0259sas\u0131nda h\u0259ll olunmas\u0131n\u0131n vacibliyi&#8221; \u00e7a\u011f\u0131r\u0131\u015f\u0131n\u0131 t\u0259krar ed\u0259r\u0259k, bu m\u0259s\u0259l\u0259d\u0259 daha ir\u0259li add\u0131m at\u0131ld\u0131 v\u0259 &#8220;g\u00fcc yolu il\u0259 \u0259razil\u0259rin z\u0259bt edilm\u0259sinin yolverilm\u0259zliyi vur\u011fulan\u0131r v\u0259 t\u0259sdiq edilir ki, he\u00e7 bir d\u00f6vl\u0259t Az\u0259rbaycan Respublikas\u0131n\u0131n \u0259razil\u0259rinin i\u015f\u011fal edilm\u0259si n\u0259tic\u0259sind\u0259 yaranm\u0131\u015f v\u0259ziyy\u0259tin qanuniliyini tan\u0131mayacaq v\u0259 bu \u0259razil\u0259rd\u0259 iqtisadi f\u0259aliyy\u0259t d\u0259 daxil olmaqla, bu c\u00fcr v\u0259ziyy\u0259tin saxlanmas\u0131 \u00fc\u00e7\u00fcn h\u0259r hans\u0131 k\u00f6m\u0259k g\u00f6st\u0259rm\u0259y\u0259c\u0259kl\u0259r&#8221; m\u00fcdd\u0259as\u0131 yekdillikl\u0259 q\u0259bul edildi. BMT T\u0259hl\u00fck\u0259sizlik \u015euras\u0131n\u0131n 1993-c\u00fc il tarixli m\u0259lum d\u00f6rd q\u0259tnam\u0259l\u0259rind\u0259 Az\u0259rbaycan \u0259razil\u0259rinin i\u015f\u011fal\u0131na d\u0259rhal, tam v\u0259 qeyd-\u015f\u0259rtsiz son qoyulmas\u0131 il\u0259 ba\u011fl\u0131 \u0259ks olunan m\u00f6vqe, beyn\u0259lxalq t\u0259\u015fkilatlar\u0131n bu x\u00fcsusda q\u0259bul etdikl\u0259ri dig\u0259r \u00e7oxsayl\u0131 q\u0259rar v\u0259 q\u0259tnam\u0259l\u0259r\u0259 \u0259lav\u0259 olaraq, Erm\u0259nistan\u0131n siyas\u0259tinin i\u015f\u011fal\u00e7\u0131 mahiyy\u0259ti n\u00f6vb\u0259ti d\u0259f\u0259 v\u0259 d\u00fcnya ictimaiyy\u0259tinin \u00fc\u00e7d\u0259 ikisini t\u0259\u015fkil ed\u0259n Qo\u015fulmama H\u0259r\u0259kat\u0131 t\u0259r\u0259find\u0259n tan\u0131nd\u0131.<\/p>\n<p>Beyn\u0259lxalq h\u00fcququn norma v\u0259 prinsipl\u0259rini, el\u0259c\u0259 d\u0259 Qo\u015fulmama H\u0259r\u0259kat\u0131n\u0131n t\u0259m\u0259l prinsipl\u0259rini kobudcas\u0131na pozaraq Az\u0259rbaycana qar\u015f\u0131 qanunsuz zor t\u0259tbiq ed\u0259n v\u0259 \u00f6lk\u0259nin \u0259razi b\u00fct\u00f6vl\u00fcy\u00fcn\u00fc pozan, haz\u0131rda Az\u0259rbaycan\u0131n \u0259razil\u0259rinin be\u015fd\u0259 birini h\u0259rbi i\u015f\u011fal alt\u0131nda saxlayaraq bu \u0259razil\u0259rinin yerli az\u0259rbaycanl\u0131 \u0259halisin\u0259 qar\u015f\u0131 qanl\u0131 etnik t\u0259mizl\u0259m\u0259 h\u0259yata ke\u00e7ir\u0259n, Xocal\u0131 soyq\u0131r\u0131m\u0131 kimi m\u00fclki \u0259haliy\u0259 qar\u015f\u0131 q\u0259tliam\u0131 t\u00f6r\u0259d\u0259n v\u0259 haz\u0131rda \u00f6z destruktiv m\u00f6vqeyi v\u0259 anneksiya siyas\u0259ti il\u0259 m\u00fcnaqi\u015f\u0259nin dan\u0131\u015f\u0131qlar yolu il\u0259 h\u0259llin\u0259 mane\u0259 t\u00f6r\u0259d\u0259n Erm\u0259nistan\u0131n n\u0259 beyn\u0259lxalq h\u00fcququdan, n\u0259 d\u0259 s\u00fclh prosesi \u00f6hd\u0259\u00e7iliyind\u0259n dan\u0131\u015fma\u011fa haqq\u0131 var. Bu g\u00fcn beyn\u0259lxalq ictimaiyy\u0259tin tan\u0131d\u0131\u011f\u0131 v\u0259 h\u0259llini t\u0259l\u0259b etdiyi bir h\u0259qiq\u0259t var; o da Az\u0259rbaycan\u0131n Da\u011fl\u0131q Qaraba\u011f b\u00f6lg\u0259si v\u0259 \u0259traf rayonlar\u0131n\u0131n Erm\u0259nistan t\u0259r\u0259find\u0259n i\u015f\u011fal olundu\u011fu v\u0259 bu i\u015f\u011fala son qoyularaq m\u00fcnaqi\u015f\u0259nin Az\u0259rbaycan\u0131n \u0259razi b\u00fct\u00f6vl\u00fcy\u00fc \u00e7\u0259r\u00e7iv\u0259sind\u0259 h\u0259ll olunmas\u0131 t\u0259l\u0259bind\u0259n ibar\u0259tdir. Bunu g\u00f6rm\u0259k ist\u0259m\u0259y\u0259n yegan\u0259 \u00f6lk\u0259 is\u0259 el\u0259 i\u015f\u011fal\u00e7\u0131 \u00f6lk\u0259 Erm\u0259nistand\u0131r.<\/p>\n<p>Dig\u0259r beyn\u0259lxalq t\u0259\u015fkilatlarda oldu\u011fu kimi, Qo\u015fulmama H\u0259r\u0259kat\u0131n\u0131n da m\u00f6vqeyi m\u0259hz beyn\u0259lxalq h\u00fcququn norma v\u0259 prinsipl\u0259ri, BMT Nizamnam\u0259si, AT\u018fT-in Helsinki Yekun Akt\u0131na, H\u0259r\u0259kat\u0131n t\u0259m\u0259lini t\u0259\u015fkil ed\u0259n Bandunq prinsipl\u0259rin\u0259 \u0259saslan\u0131r. Bel\u0259 ki, b\u00fct\u00fcn hallarda qanunsuz g\u00fcc t\u0259tbiqi, \u00f6lk\u0259l\u0259rinin beyn\u0259lxalq tan\u0131nm\u0131\u015f s\u0259rh\u0259dl\u0259rinin v\u0259 \u0259razi b\u00fct\u00f6vl\u00fcy\u00fcn\u00fcn pozulmas\u0131 q\u0259ti \u015f\u0259kild\u0259 pisl\u0259nilir. T\u0259cav\u00fczkar siyas\u0259ti il\u0259 b\u00f6lg\u0259d\u0259 s\u00fclh v\u0259 t\u0259hl\u00fck\u0259sizliy\u0259 t\u0259hdid t\u00f6r\u0259d\u0259n Erm\u0259nistan\u0131n iddia etdiyi kimi &#8220;t\u0259hl\u00fck\u0259sizlik t\u0259minat\u00e7\u0131s\u0131&#8221; qismind\u0259 \u00e7\u0131x\u0131\u015f etm\u0259si \u00fc\u00e7\u00fcn, ilk n\u00f6vb\u0259d\u0259 \u0259razi iddialar\u0131na son verm\u0259si v\u0259 m\u00f6vcud t\u0259hl\u00fck\u0259sizlik m\u00fchitini d\u0259rk etm\u0259si g\u0259r\u0259kdir. Yaln\u0131z Az\u0259rbaycan h\u00f6kum\u0259ti v\u0259 \u00f6lk\u0259nin Konstitusiyas\u0131 d\u00f6vl\u0259tin \u0259razisind\u0259 ya\u015fayan b\u00fct\u00fcn \u0259halinin, o c\u00fcml\u0259d\u0259n i\u015f\u011fal olunmu\u015f Da\u011fl\u0131q Qaraba\u011f b\u00f6lg\u0259sinin \u0259halisinin t\u0259hl\u00fck\u0259sizlik t\u0259minat\u00e7\u0131s\u0131d\u0131r v\u0259 bundan sonra da bel\u0259 olacaq&#8221;.<\/p>\n","protected":false},"excerpt":{"rendered":"<p>Yaln\u0131z Az\u0259rbaycan h\u00f6kum\u0259ti v\u0259 \u00f6lk\u0259nin Konstitusiyas\u0131 d\u00f6vl\u0259tin \u0259razisind\u0259 ya\u015fayan b\u00fct\u00fcn \u0259halinin, o c\u00fcml\u0259d\u0259n i\u015f\u011fal olunmu\u015f Da\u011fl\u0131q Qaraba\u011f b\u00f6lg\u0259sinin \u0259halisinin t\u0259hl\u00fck\u0259sizlik t\u0259minat\u00e7\u0131s\u0131d\u0131r v\u0259 bundan sonra da bel\u0259 olacaq. ARANTV.AZ\u00a0 x\u0259b\u0259r verir ki, bu bar\u0259d\u0259 Az\u0259rbaycan Xarici \u0130\u015fl\u0259r Nazirliyinin yayd\u0131\u011f\u0131 b\u0259yanatda deyilir. B\u0259yanatda, h\u0259m\u00e7inin qeyd edilir: &#8220;Bu ilin 25-26 oktyabr tarixl\u0259rind\u0259 Bak\u0131da ke\u00e7iril\u0259n Qo\u015fulmama H\u0259r\u0259kat\u0131n\u0131n d\u00f6vl\u0259t v\u0259 h\u00f6kum\u0259t ba\u015f\u00e7\u0131lar\u0131n\u0131n 18-ci Zirv\u0259 g\u00f6r\u00fc\u015f\u00fcn\u00fcn Yekun S\u0259n\u0259di v\u0259 bu y\u00fcks\u0259k s\u0259viyy\u0259li t\u0259dbird\u0259 i\u015ftirak ed\u0259n 159 n\u00fcmay\u0259nd\u0259 hey\u0259ti birm\u0259nal\u0131 \u015f\u0259kild\u0259 Erm\u0259nistan-Az\u0259rbaycan m\u00fcnaqi\u015f\u0259sinin h\u0259lli il\u0259 ba\u011fl\u0131 beyn\u0259lxalq h\u00fcququn norma v\u0259 prinsipl\u0259ri v\u0259 BMT T\u0259hl\u00fck\u0259sizlik \u015euras\u0131n\u0131n q\u0259tnam\u0259l\u0259rin\u0259 \u0259saslanan&hellip;<\/p>\n","protected":false},"author":2,"featured_media":90411,"comment_status":"closed","ping_status":"closed","sticky":false,"template":"","format":"standard","meta":{"om_disable_all_campaigns":false,"_monsterinsights_skip_tracking":false,"_monsterinsights_sitenote_active":false,"_monsterinsights_sitenote_note":"","_monsterinsights_sitenote_category":0},"categories":[4],"tags":[],"aioseo_notices":[],"gutentor_comment":0,"rttpg_featured_image_url":{"full":["https:\/\/arantv.az\/wp-content\/uploads\/2019\/10\/azerbaycan_xin_004-2.jpg",800,600,false],"landscape":["https:\/\/arantv.az\/wp-content\/uploads\/2019\/10\/azerbaycan_xin_004-2.jpg",800,600,false],"portraits":["https:\/\/arantv.az\/wp-content\/uploads\/2019\/10\/azerbaycan_xin_004-2.jpg",800,600,false],"thumbnail":["https:\/\/arantv.az\/wp-content\/uploads\/2019\/10\/azerbaycan_xin_004-2-150x150.jpg",150,150,true],"medium":["https:\/\/arantv.az\/wp-content\/uploads\/2019\/10\/azerbaycan_xin_004-2-300x225.jpg",300,225,true],"large":["https:\/\/arantv.az\/wp-content\/uploads\/2019\/10\/azerbaycan_xin_004-2.jpg",640,480,false],"1536x1536":["https:\/\/arantv.az\/wp-content\/uploads\/2019\/10\/azerbaycan_xin_004-2.jpg",800,600,false],"2048x2048":["https:\/\/arantv.az\/wp-content\/uploads\/2019\/10\/azerbaycan_xin_004-2.jpg",800,600,false],"post-thumbnail":["https:\/\/arantv.az\/wp-content\/uploads\/2019\/10\/azerbaycan_xin_004-2-240x172.jpg",240,172,true],"advps-thumb-one":["https:\/\/arantv.az\/wp-content\/uploads\/2019\/10\/azerbaycan_xin_004-2.jpg",800,600,false]},"rttpg_author":{"display_name":"V\u00fcsal Rafiqo\u011flu","author_link":"https:\/\/arantv.az\/?author=2"},"rttpg_comment":0,"rttpg_category":"<a href=\"https:\/\/arantv.az\/?cat=4\" rel=\"category\">Siyas\u0259t<\/a>","rttpg_excerpt":"Yaln\u0131z Az\u0259rbaycan h\u00f6kum\u0259ti v\u0259 \u00f6lk\u0259nin Konstitusiyas\u0131 d\u00f6vl\u0259tin \u0259razisind\u0259 ya\u015fayan b\u00fct\u00fcn \u0259halinin, o c\u00fcml\u0259d\u0259n i\u015f\u011fal olunmu\u015f Da\u011fl\u0131q Qaraba\u011f b\u00f6lg\u0259sinin \u0259halisinin t\u0259hl\u00fck\u0259sizlik t\u0259minat\u00e7\u0131s\u0131d\u0131r v\u0259 bundan sonra da bel\u0259 olacaq. ARANTV.AZ\u00a0 x\u0259b\u0259r verir ki, bu bar\u0259d\u0259 Az\u0259rbaycan Xarici \u0130\u015fl\u0259r Nazirliyinin yayd\u0131\u011f\u0131 b\u0259yanatda deyilir. B\u0259yanatda, h\u0259m\u00e7inin qeyd edilir: &#8220;Bu ilin 25-26 oktyabr tarixl\u0259rind\u0259 Bak\u0131da ke\u00e7iril\u0259n Qo\u015fulmama H\u0259r\u0259kat\u0131n\u0131n d\u00f6vl\u0259t v\u0259&hellip;","_links":{"self":[{"href":"https:\/\/arantv.az\/index.php?rest_route=\/wp\/v2\/posts\/90409"}],"collection":[{"href":"https:\/\/arantv.az\/index.php?rest_route=\/wp\/v2\/posts"}],"about":[{"href":"https:\/\/arantv.az\/index.php?rest_route=\/wp\/v2\/types\/post"}],"author":[{"embeddable":true,"href":"https:\/\/arantv.az\/index.php?rest_route=\/wp\/v2\/users\/2"}],"replies":[{"embeddable":true,"href":"https:\/\/arantv.az\/index.php?rest_route=%2Fwp%2Fv2%2Fcomments&post=90409"}],"version-history":[{"count":0,"href":"https:\/\/arantv.az\/index.php?rest_route=\/wp\/v2\/posts\/90409\/revisions"}],"wp:featuredmedia":[{"embeddable":true,"href":"https:\/\/arantv.az\/index.php?rest_route=\/wp\/v2\/media\/90411"}],"wp:attachment":[{"href":"https:\/\/arantv.az\/index.php?rest_route=%2Fwp%2Fv2%2Fmedia&parent=90409"}],"wp:term":[{"taxonomy":"category","embeddable":true,"href":"https:\/\/arantv.az\/index.php?rest_route=%2Fwp%2Fv2%2Fcategories&post=90409"},{"taxonomy":"post_tag","embeddable":true,"href":"https:\/\/arantv.az\/index.php?rest_route=%2Fwp%2Fv2%2Ftags&post=90409"}],"curies":[{"name":"wp","href":"https:\/\/api.w.org\/{rel}","templated":true}]}}