{"id":90413,"date":"2019-10-29T14:48:27","date_gmt":"2019-10-29T11:48:27","guid":{"rendered":"http:\/\/arantv.az\/?p=90413"},"modified":"2019-10-29T14:48:27","modified_gmt":"2019-10-29T11:48:27","slug":"xin-d%c9%99n-erm%c9%99ni-nazir%c9%99-cavab-bel%c9%99-bir-cixis-yalniz-x%c9%99st%c9%99-t%c9%99x%c9%99yyulun-m%c9%99hsulu-ola-bil%c9%99r","status":"publish","type":"post","link":"https:\/\/arantv.az\/?p=90413","title":{"rendered":"X\u0130N-d\u0259n erm\u0259ni nazir\u0259 cavab: &#8220;Bel\u0259 bir \u00e7\u0131x\u0131\u015f yaln\u0131z x\u0259st\u0259 t\u0259x\u0259yy\u00fcl\u00fcn m\u0259hsulu ola bil\u0259r&#8221;"},"content":{"rendered":"<p><strong>Az\u0259rbaycan Respublikas\u0131 Xarici \u0130\u015fl\u0259r Nazirliyinin m\u0259tbuat katibi Leyla Abdullayeva Erm\u0259nistan m\u00fcdafi\u0259 nazirinin m\u00fcnaqi\u015f\u0259nin h\u0259lli il\u0259 ba\u011fl\u0131 dediyi &#8220;Qaraba\u011f m\u0259s\u0259l\u0259si \u00f6z h\u0259llini tap\u0131b&#8221; fikrin\u0259 m\u00fcnasib\u0259t bildirib.<\/strong><\/p>\n<p><strong>ARANTV.AZ<\/strong>\u00a0 x\u0259b\u0259r verir ki, L. Abdullayeva deyib ki, Erm\u0259nistan-Az\u0259rbaycan Da\u011fl\u0131q Qaraba\u011f m\u00fcnaqi\u015f\u0259sinin h\u0259lli \u00fczr\u0259 beyn\u0259lxalq vasit\u0259\u00e7il\u0259rin i\u015ftirak\u0131 il\u0259 uzun ill\u0259rdir ki, s\u0259yl\u0259rin davam etdiyi bir vaxtda i\u015f\u011fal\u00e7\u0131 \u00f6lk\u0259nin m\u00fcdafi\u0259 nazirinin bel\u0259 bir fikirl\u0259 \u00e7\u0131x\u0131\u015f etm\u0259si yaln\u0131z x\u0259st\u0259 t\u0259x\u0259yy\u00fcl\u00fcn m\u0259hsulu ola bil\u0259r:<\/p>\n<p>&#8220;Bilirsiniz, fa\u015fizmi q\u0259hr\u0259manla\u015fd\u0131ran, Az\u0259rbaycan\u0131n \u0259razil\u0259rini i\u015f\u011fal ed\u0259r\u0259k bu torpaqlarda ya\u015fayan yerli az\u0259rbaycanl\u0131lara qar\u015f\u0131 qanl\u0131 etnik t\u0259mizl\u0259m\u0259 h\u0259yata ke\u00e7ir\u0259n v\u0259 Xocal\u0131 soyq\u0131r\u0131m\u0131 kimi v\u0259h\u015filik t\u00f6r\u0259d\u0259n bir \u00f6lk\u0259nin m\u00fcdafi\u0259 nazirind\u0259n daha n\u0259 g\u00f6zl\u0259m\u0259k olar?! Ancaq bir m\u0259qam\u0131 vur\u011fulamaq ist\u0259rdim, Erm\u0259nistanda q\u0259hr\u0259man s\u0259viyy\u0259sin\u0259 y\u00fcks\u0259ldil\u0259n fa\u015fist c\u0259llad\u0131 Qaregin Njde d\u0259 vaxt\u0131 il\u0259 m\u0259s\u0259l\u0259nin h\u0259ll edildiyini d\u00fc\u015f\u00fcn\u00fcrd\u00fc, ancaq onun aqib\u0259tinin nec\u0259 oldu\u011fu ham\u0131ya b\u0259llidir.<\/p>\n<p>Erm\u0259nistan-Az\u0259rbaycan m\u00fcnaqi\u015f\u0259si yaln\u0131z beyn\u0259lxalq h\u00fcquq prinsipl\u0259ri tam t\u0259min edildikd\u0259n v\u0259 \u0259dal\u0259t b\u0259rpa olunduqdan sonra, beyn\u0259lxalq ictimaiyy\u0259tin d\u0259 t\u0259l\u0259b etdiyi kimi Az\u0259rbaycan\u0131n beyn\u0259lxalq tan\u0131nm\u0131\u015f s\u0259rh\u0259dl\u0259ri \u00e7\u0259r\u00e7iv\u0259sind\u0259 suverenliyi v\u0259 \u0259razi b\u00fct\u00f6vl\u00fcy\u00fc b\u0259rpa edildikd\u0259n sonra h\u0259ll olunacaq&#8221;.<\/p>\n","protected":false},"excerpt":{"rendered":"<p>Az\u0259rbaycan Respublikas\u0131 Xarici \u0130\u015fl\u0259r Nazirliyinin m\u0259tbuat katibi Leyla Abdullayeva Erm\u0259nistan m\u00fcdafi\u0259 nazirinin m\u00fcnaqi\u015f\u0259nin h\u0259lli il\u0259 ba\u011fl\u0131 dediyi &#8220;Qaraba\u011f m\u0259s\u0259l\u0259si \u00f6z h\u0259llini tap\u0131b&#8221; fikrin\u0259 m\u00fcnasib\u0259t bildirib. ARANTV.AZ\u00a0 x\u0259b\u0259r verir ki, L. Abdullayeva deyib ki, Erm\u0259nistan-Az\u0259rbaycan Da\u011fl\u0131q Qaraba\u011f m\u00fcnaqi\u015f\u0259sinin h\u0259lli \u00fczr\u0259 beyn\u0259lxalq vasit\u0259\u00e7il\u0259rin i\u015ftirak\u0131 il\u0259 uzun ill\u0259rdir ki, s\u0259yl\u0259rin davam etdiyi bir vaxtda i\u015f\u011fal\u00e7\u0131 \u00f6lk\u0259nin m\u00fcdafi\u0259 nazirinin bel\u0259 bir fikirl\u0259 \u00e7\u0131x\u0131\u015f etm\u0259si yaln\u0131z x\u0259st\u0259 t\u0259x\u0259yy\u00fcl\u00fcn m\u0259hsulu ola bil\u0259r: &#8220;Bilirsiniz, fa\u015fizmi q\u0259hr\u0259manla\u015fd\u0131ran, Az\u0259rbaycan\u0131n \u0259razil\u0259rini i\u015f\u011fal ed\u0259r\u0259k bu torpaqlarda ya\u015fayan yerli az\u0259rbaycanl\u0131lara qar\u015f\u0131 qanl\u0131 etnik t\u0259mizl\u0259m\u0259 h\u0259yata ke\u00e7ir\u0259n v\u0259 Xocal\u0131 soyq\u0131r\u0131m\u0131 kimi v\u0259h\u015filik t\u00f6r\u0259d\u0259n&hellip;<\/p>\n","protected":false},"author":2,"featured_media":90414,"comment_status":"closed","ping_status":"closed","sticky":false,"template":"","format":"standard","meta":{"om_disable_all_campaigns":false,"_monsterinsights_skip_tracking":false,"_monsterinsights_sitenote_active":false,"_monsterinsights_sitenote_note":"","_monsterinsights_sitenote_category":0},"categories":[4],"tags":[],"aioseo_notices":[],"gutentor_comment":0,"rttpg_featured_image_url":{"full":["https:\/\/arantv.az\/wp-content\/uploads\/2019\/10\/798012.jpg",800,600,false],"landscape":["https:\/\/arantv.az\/wp-content\/uploads\/2019\/10\/798012.jpg",800,600,false],"portraits":["https:\/\/arantv.az\/wp-content\/uploads\/2019\/10\/798012.jpg",800,600,false],"thumbnail":["https:\/\/arantv.az\/wp-content\/uploads\/2019\/10\/798012-150x150.jpg",150,150,true],"medium":["https:\/\/arantv.az\/wp-content\/uploads\/2019\/10\/798012-300x225.jpg",300,225,true],"large":["https:\/\/arantv.az\/wp-content\/uploads\/2019\/10\/798012.jpg",640,480,false],"1536x1536":["https:\/\/arantv.az\/wp-content\/uploads\/2019\/10\/798012.jpg",800,600,false],"2048x2048":["https:\/\/arantv.az\/wp-content\/uploads\/2019\/10\/798012.jpg",800,600,false],"post-thumbnail":["https:\/\/arantv.az\/wp-content\/uploads\/2019\/10\/798012-240x172.jpg",240,172,true],"advps-thumb-one":["https:\/\/arantv.az\/wp-content\/uploads\/2019\/10\/798012.jpg",800,600,false]},"rttpg_author":{"display_name":"V\u00fcsal Rafiqo\u011flu","author_link":"https:\/\/arantv.az\/?author=2"},"rttpg_comment":0,"rttpg_category":"<a href=\"https:\/\/arantv.az\/?cat=4\" rel=\"category\">Siyas\u0259t<\/a>","rttpg_excerpt":"Az\u0259rbaycan Respublikas\u0131 Xarici \u0130\u015fl\u0259r Nazirliyinin m\u0259tbuat katibi Leyla Abdullayeva Erm\u0259nistan m\u00fcdafi\u0259 nazirinin m\u00fcnaqi\u015f\u0259nin h\u0259lli il\u0259 ba\u011fl\u0131 dediyi &#8220;Qaraba\u011f m\u0259s\u0259l\u0259si \u00f6z h\u0259llini tap\u0131b&#8221; fikrin\u0259 m\u00fcnasib\u0259t bildirib. ARANTV.AZ\u00a0 x\u0259b\u0259r verir ki, L. Abdullayeva deyib ki, Erm\u0259nistan-Az\u0259rbaycan Da\u011fl\u0131q Qaraba\u011f m\u00fcnaqi\u015f\u0259sinin h\u0259lli \u00fczr\u0259 beyn\u0259lxalq vasit\u0259\u00e7il\u0259rin i\u015ftirak\u0131 il\u0259 uzun ill\u0259rdir ki, s\u0259yl\u0259rin davam etdiyi bir vaxtda i\u015f\u011fal\u00e7\u0131 \u00f6lk\u0259nin m\u00fcdafi\u0259 nazirinin&hellip;","_links":{"self":[{"href":"https:\/\/arantv.az\/index.php?rest_route=\/wp\/v2\/posts\/90413"}],"collection":[{"href":"https:\/\/arantv.az\/index.php?rest_route=\/wp\/v2\/posts"}],"about":[{"href":"https:\/\/arantv.az\/index.php?rest_route=\/wp\/v2\/types\/post"}],"author":[{"embeddable":true,"href":"https:\/\/arantv.az\/index.php?rest_route=\/wp\/v2\/users\/2"}],"replies":[{"embeddable":true,"href":"https:\/\/arantv.az\/index.php?rest_route=%2Fwp%2Fv2%2Fcomments&post=90413"}],"version-history":[{"count":0,"href":"https:\/\/arantv.az\/index.php?rest_route=\/wp\/v2\/posts\/90413\/revisions"}],"wp:featuredmedia":[{"embeddable":true,"href":"https:\/\/arantv.az\/index.php?rest_route=\/wp\/v2\/media\/90414"}],"wp:attachment":[{"href":"https:\/\/arantv.az\/index.php?rest_route=%2Fwp%2Fv2%2Fmedia&parent=90413"}],"wp:term":[{"taxonomy":"category","embeddable":true,"href":"https:\/\/arantv.az\/index.php?rest_route=%2Fwp%2Fv2%2Fcategories&post=90413"},{"taxonomy":"post_tag","embeddable":true,"href":"https:\/\/arantv.az\/index.php?rest_route=%2Fwp%2Fv2%2Ftags&post=90413"}],"curies":[{"name":"wp","href":"https:\/\/api.w.org\/{rel}","templated":true}]}}