{"id":90455,"date":"2019-10-29T15:37:08","date_gmt":"2019-10-29T12:37:08","guid":{"rendered":"http:\/\/arantv.az\/?p=90455"},"modified":"2019-10-29T15:37:08","modified_gmt":"2019-10-29T12:37:08","slug":"n%c9%99siminin-yubileyi-il%c9%99-%c9%99laq%c9%99dar-%c9%99n-cox-agac-%c9%99k%c9%99c%c9%99k-rayonlardan-biri-saatli-olacaq-bir-gund%c9%99-50-min-agac","status":"publish","type":"post","link":"https:\/\/arantv.az\/?p=90455","title":{"rendered":"N\u0259siminin yubileyi il\u0259 \u0259laq\u0259dar \u0259n \u00e7ox a\u011fac \u0259k\u0259c\u0259k rayonlardan biri Saatl\u0131 olacaq &#8211; Bir g\u00fcnd\u0259 50 min a\u011fac"},"content":{"rendered":"<p>&#8220;Birinci vitse-prezident Mehriban \u018fliyevan\u0131n dahi \u015fair \u0130mad\u0259ddin N\u0259siminin yubileyi m\u00fcnasib\u0259til\u0259 bir g\u00fcnd\u0259 650 min a\u011fac \u0259kilm\u0259si t\u0259\u015f\u0259bb\u00fcs\u00fc \u00e7\u0259r\u00e7iv\u0259sind\u0259 Saatl\u0131 rayonunda 50 min a\u011fac \u0259kil\u0259c\u0259k&#8221;.<\/p>\n<p><strong>ARANTV.AZ<\/strong>\u00a0 x\u0259b\u0259r verir ki, bunu\u00a0<a href=\"https:\/\/az.trend.az\/\" target=\"_blank\" rel=\"noopener\">Trend<\/a>-\u0259 A\u011fcab\u0259di Rayon \u0130cra Hakimiyy\u0259ti ba\u015f\u00e7\u0131s\u0131n\u0131n birinci m\u00fcavini \u0130lham Quliyev deyib.<\/p>\n<p>Onun s\u00f6zl\u0259rin\u0259 g\u00f6r\u0259, a\u011faclar 40 hektar \u0259razid\u0259 \u0259kil\u0259c\u0259k. Art\u0131q onlar\u0131n \u0259kil\u0259c\u0259yi yerl\u0259r m\u00fc\u0259yy\u0259n edilib.<\/p>\n<p>\u0130.Quliyev qeyd edib ki, a\u011faclar\u0131n rayonda 20 \u0259razid\u0259 \u0259kilm\u0259si n\u0259z\u0259rd\u0259 tutulur: &#8220;A\u011faclar\u0131n b\u00f6y\u00fck hiss\u0259sinin Azadk\u0259nd k\u0259ndinin \u0259razisind\u0259 v\u0259 Hac\u0131qabul-B\u0259hramt\u0259p\u0259 avtomobil yolunun Saatl\u0131 rayonunun \u0259razisind\u0259n ke\u00e7\u0259n 10 hektar \u0259razisind\u0259 \u0259kilm\u0259si planla\u015fd\u0131r\u0131l\u0131r. Azadk\u0259nd k\u0259ndinin 10 hektar \u0259razisind\u0259 20 min a\u011fac, Hac\u0131qabul-B\u0259hramt\u0259p\u0259 avtomobil yolunun Saatl\u0131 rayonunun \u0259razisind\u0259n ke\u00e7\u0259n hiss\u0259sind\u0259 10 min a\u011fac \u0259kil\u0259c\u0259k. Saatl\u0131-Sancalar-C\u0259f\u0259rxan-\u018fbilk\u0259ndyolunun 6 hektar \u0259razisind\u0259 6 min a\u011fac \u0259kil\u0259c\u0259k. Bununla yana\u015f\u0131, rayonun dig\u0259r k\u0259ndl\u0259rinin \u0259razil\u0259rind\u0259 sosial obyektl\u0259rinin h\u0259y\u0259tl\u0259rind\u0259 d\u0259 a\u011faclar \u0259kil\u0259c\u0259k&#8221;.<\/p>\n<div>\n<div id=\"AdviadNativeVideo0\" class=\"AdviadNativeVideo\"><\/div>\n<\/div>\n<p>\u0130.Quliyev haz\u0131rda \u0259kin i\u015fl\u0259ri \u00fc\u00e7\u00fcn haz\u0131rl\u0131\u011f\u0131n apar\u0131ld\u0131\u011f\u0131n\u0131 s\u00f6yl\u0259yib.<\/p>\n","protected":false},"excerpt":{"rendered":"<p>&#8220;Birinci vitse-prezident Mehriban \u018fliyevan\u0131n dahi \u015fair \u0130mad\u0259ddin N\u0259siminin yubileyi m\u00fcnasib\u0259til\u0259 bir g\u00fcnd\u0259 650 min a\u011fac \u0259kilm\u0259si t\u0259\u015f\u0259bb\u00fcs\u00fc \u00e7\u0259r\u00e7iv\u0259sind\u0259 Saatl\u0131 rayonunda 50 min a\u011fac \u0259kil\u0259c\u0259k&#8221;. ARANTV.AZ\u00a0 x\u0259b\u0259r verir ki, bunu\u00a0Trend-\u0259 A\u011fcab\u0259di Rayon \u0130cra Hakimiyy\u0259ti ba\u015f\u00e7\u0131s\u0131n\u0131n birinci m\u00fcavini \u0130lham Quliyev deyib. Onun s\u00f6zl\u0259rin\u0259 g\u00f6r\u0259, a\u011faclar 40 hektar \u0259razid\u0259 \u0259kil\u0259c\u0259k. Art\u0131q onlar\u0131n \u0259kil\u0259c\u0259yi yerl\u0259r m\u00fc\u0259yy\u0259n edilib. \u0130.Quliyev qeyd edib ki, a\u011faclar\u0131n rayonda 20 \u0259razid\u0259 \u0259kilm\u0259si n\u0259z\u0259rd\u0259 tutulur: &#8220;A\u011faclar\u0131n b\u00f6y\u00fck hiss\u0259sinin Azadk\u0259nd k\u0259ndinin \u0259razisind\u0259 v\u0259 Hac\u0131qabul-B\u0259hramt\u0259p\u0259 avtomobil yolunun Saatl\u0131 rayonunun \u0259razisind\u0259n ke\u00e7\u0259n 10 hektar \u0259razisind\u0259 \u0259kilm\u0259si planla\u015fd\u0131r\u0131l\u0131r. Azadk\u0259nd k\u0259ndinin 10 hektar \u0259razisind\u0259 20 min&hellip;<\/p>\n","protected":false},"author":2,"featured_media":90456,"comment_status":"closed","ping_status":"closed","sticky":false,"template":"","format":"standard","meta":{"om_disable_all_campaigns":false,"_monsterinsights_skip_tracking":false,"_monsterinsights_sitenote_active":false,"_monsterinsights_sitenote_note":"","_monsterinsights_sitenote_category":0},"categories":[1],"tags":[],"aioseo_notices":[],"gutentor_comment":0,"rttpg_featured_image_url":{"full":["https:\/\/arantv.az\/wp-content\/uploads\/2019\/10\/798060.jpg",800,600,false],"landscape":["https:\/\/arantv.az\/wp-content\/uploads\/2019\/10\/798060.jpg",800,600,false],"portraits":["https:\/\/arantv.az\/wp-content\/uploads\/2019\/10\/798060.jpg",800,600,false],"thumbnail":["https:\/\/arantv.az\/wp-content\/uploads\/2019\/10\/798060-150x150.jpg",150,150,true],"medium":["https:\/\/arantv.az\/wp-content\/uploads\/2019\/10\/798060-300x225.jpg",300,225,true],"large":["https:\/\/arantv.az\/wp-content\/uploads\/2019\/10\/798060.jpg",640,480,false],"1536x1536":["https:\/\/arantv.az\/wp-content\/uploads\/2019\/10\/798060.jpg",800,600,false],"2048x2048":["https:\/\/arantv.az\/wp-content\/uploads\/2019\/10\/798060.jpg",800,600,false],"post-thumbnail":["https:\/\/arantv.az\/wp-content\/uploads\/2019\/10\/798060-240x172.jpg",240,172,true],"advps-thumb-one":["https:\/\/arantv.az\/wp-content\/uploads\/2019\/10\/798060.jpg",800,600,false]},"rttpg_author":{"display_name":"V\u00fcsal Rafiqo\u011flu","author_link":"https:\/\/arantv.az\/?author=2"},"rttpg_comment":0,"rttpg_category":"<a href=\"https:\/\/arantv.az\/?cat=1\" rel=\"category\">C\u0259miyy\u0259t<\/a>","rttpg_excerpt":"&#8220;Birinci vitse-prezident Mehriban \u018fliyevan\u0131n dahi \u015fair \u0130mad\u0259ddin N\u0259siminin yubileyi m\u00fcnasib\u0259til\u0259 bir g\u00fcnd\u0259 650 min a\u011fac \u0259kilm\u0259si t\u0259\u015f\u0259bb\u00fcs\u00fc \u00e7\u0259r\u00e7iv\u0259sind\u0259 Saatl\u0131 rayonunda 50 min a\u011fac \u0259kil\u0259c\u0259k&#8221;. ARANTV.AZ\u00a0 x\u0259b\u0259r verir ki, bunu\u00a0Trend-\u0259 A\u011fcab\u0259di Rayon \u0130cra Hakimiyy\u0259ti ba\u015f\u00e7\u0131s\u0131n\u0131n birinci m\u00fcavini \u0130lham Quliyev deyib. Onun s\u00f6zl\u0259rin\u0259 g\u00f6r\u0259, a\u011faclar 40 hektar \u0259razid\u0259 \u0259kil\u0259c\u0259k. Art\u0131q onlar\u0131n \u0259kil\u0259c\u0259yi yerl\u0259r m\u00fc\u0259yy\u0259n edilib. \u0130.Quliyev qeyd&hellip;","_links":{"self":[{"href":"https:\/\/arantv.az\/index.php?rest_route=\/wp\/v2\/posts\/90455"}],"collection":[{"href":"https:\/\/arantv.az\/index.php?rest_route=\/wp\/v2\/posts"}],"about":[{"href":"https:\/\/arantv.az\/index.php?rest_route=\/wp\/v2\/types\/post"}],"author":[{"embeddable":true,"href":"https:\/\/arantv.az\/index.php?rest_route=\/wp\/v2\/users\/2"}],"replies":[{"embeddable":true,"href":"https:\/\/arantv.az\/index.php?rest_route=%2Fwp%2Fv2%2Fcomments&post=90455"}],"version-history":[{"count":0,"href":"https:\/\/arantv.az\/index.php?rest_route=\/wp\/v2\/posts\/90455\/revisions"}],"wp:featuredmedia":[{"embeddable":true,"href":"https:\/\/arantv.az\/index.php?rest_route=\/wp\/v2\/media\/90456"}],"wp:attachment":[{"href":"https:\/\/arantv.az\/index.php?rest_route=%2Fwp%2Fv2%2Fmedia&parent=90455"}],"wp:term":[{"taxonomy":"category","embeddable":true,"href":"https:\/\/arantv.az\/index.php?rest_route=%2Fwp%2Fv2%2Fcategories&post=90455"},{"taxonomy":"post_tag","embeddable":true,"href":"https:\/\/arantv.az\/index.php?rest_route=%2Fwp%2Fv2%2Ftags&post=90455"}],"curies":[{"name":"wp","href":"https:\/\/api.w.org\/{rel}","templated":true}]}}