{"id":90461,"date":"2019-10-29T16:10:45","date_gmt":"2019-10-29T13:10:45","guid":{"rendered":"http:\/\/arantv.az\/?p=90461"},"modified":"2019-10-29T16:10:45","modified_gmt":"2019-10-29T13:10:45","slug":"goygold%c9%99-coban-itkin-dusub","status":"publish","type":"post","link":"https:\/\/arantv.az\/?p=90461","title":{"rendered":"G\u00f6yg\u00f6ld\u0259 \u00e7oban itkin d\u00fc\u015f\u00fcb"},"content":{"rendered":"<p>G\u00f6yg\u00f6l rayonunda \u00e7oban itkin d\u00fc\u015f\u00fcb.<\/p>\n<p><strong>ARANTV.AZ<\/strong>\u00a0\u00a0<a href=\"https:\/\/az.trend.az\/\" target=\"_blank\" rel=\"noopener\">Trend<\/a>-\u0259 istinad\u0259n x\u0259b\u0259r verir ki, hadis\u0259 rayonun Firuzabad q\u0259s\u0259b\u0259sind\u0259ki fermada ba\u015f verib.<\/p>\n<p>H\u0259min fermada \u00f6z\u00fcn\u00fc kims\u0259siz kimi g\u00f6st\u0259r\u0259r\u0259k \u00e7oban i\u015fl\u0259y\u0259n, \u015eamax\u0131 rayon K\u0259rk\u0259nc k\u0259nd sakini, 1961-ci il t\u0259v\u0259ll\u00fcdl\u00fc \u018fll\u0259zov M\u0259mm\u0259d \u0130brahimx\u0259lil o\u011flu oktyabr\u0131n 27-d\u0259 s\u0259h\u0259r saatlar\u0131nda fermadan \u00e7\u0131x\u0131b v\u0259 bir daha geri qay\u0131tmay\u0131b.<\/p>\n<p>Faktla ba\u011fl\u0131 ara\u015fd\u0131rma apar\u0131l\u0131r.<\/p>\n","protected":false},"excerpt":{"rendered":"<p>G\u00f6yg\u00f6l rayonunda \u00e7oban itkin d\u00fc\u015f\u00fcb. ARANTV.AZ\u00a0\u00a0Trend-\u0259 istinad\u0259n x\u0259b\u0259r verir ki, hadis\u0259 rayonun Firuzabad q\u0259s\u0259b\u0259sind\u0259ki fermada ba\u015f verib. H\u0259min fermada \u00f6z\u00fcn\u00fc kims\u0259siz kimi g\u00f6st\u0259r\u0259r\u0259k \u00e7oban i\u015fl\u0259y\u0259n, \u015eamax\u0131 rayon K\u0259rk\u0259nc k\u0259nd sakini, 1961-ci il t\u0259v\u0259ll\u00fcdl\u00fc \u018fll\u0259zov M\u0259mm\u0259d \u0130brahimx\u0259lil o\u011flu oktyabr\u0131n 27-d\u0259 s\u0259h\u0259r saatlar\u0131nda fermadan \u00e7\u0131x\u0131b v\u0259 bir daha geri qay\u0131tmay\u0131b. Faktla ba\u011fl\u0131 ara\u015fd\u0131rma apar\u0131l\u0131r.<\/p>\n","protected":false},"author":2,"featured_media":90462,"comment_status":"closed","ping_status":"closed","sticky":false,"template":"","format":"standard","meta":{"om_disable_all_campaigns":false,"_monsterinsights_skip_tracking":false,"_monsterinsights_sitenote_active":false,"_monsterinsights_sitenote_note":"","_monsterinsights_sitenote_category":0},"categories":[1],"tags":[],"aioseo_notices":[],"gutentor_comment":0,"rttpg_featured_image_url":{"full":["https:\/\/arantv.az\/wp-content\/uploads\/2019\/10\/798055.jpg",800,600,false],"landscape":["https:\/\/arantv.az\/wp-content\/uploads\/2019\/10\/798055.jpg",800,600,false],"portraits":["https:\/\/arantv.az\/wp-content\/uploads\/2019\/10\/798055.jpg",800,600,false],"thumbnail":["https:\/\/arantv.az\/wp-content\/uploads\/2019\/10\/798055-150x150.jpg",150,150,true],"medium":["https:\/\/arantv.az\/wp-content\/uploads\/2019\/10\/798055-300x225.jpg",300,225,true],"large":["https:\/\/arantv.az\/wp-content\/uploads\/2019\/10\/798055.jpg",640,480,false],"1536x1536":["https:\/\/arantv.az\/wp-content\/uploads\/2019\/10\/798055.jpg",800,600,false],"2048x2048":["https:\/\/arantv.az\/wp-content\/uploads\/2019\/10\/798055.jpg",800,600,false],"post-thumbnail":["https:\/\/arantv.az\/wp-content\/uploads\/2019\/10\/798055-240x172.jpg",240,172,true],"advps-thumb-one":["https:\/\/arantv.az\/wp-content\/uploads\/2019\/10\/798055.jpg",800,600,false]},"rttpg_author":{"display_name":"V\u00fcsal Rafiqo\u011flu","author_link":"https:\/\/arantv.az\/?author=2"},"rttpg_comment":0,"rttpg_category":"<a href=\"https:\/\/arantv.az\/?cat=1\" rel=\"category\">C\u0259miyy\u0259t<\/a>","rttpg_excerpt":"G\u00f6yg\u00f6l rayonunda \u00e7oban itkin d\u00fc\u015f\u00fcb. ARANTV.AZ\u00a0\u00a0Trend-\u0259 istinad\u0259n x\u0259b\u0259r verir ki, hadis\u0259 rayonun Firuzabad q\u0259s\u0259b\u0259sind\u0259ki fermada ba\u015f verib. H\u0259min fermada \u00f6z\u00fcn\u00fc kims\u0259siz kimi g\u00f6st\u0259r\u0259r\u0259k \u00e7oban i\u015fl\u0259y\u0259n, \u015eamax\u0131 rayon K\u0259rk\u0259nc k\u0259nd sakini, 1961-ci il t\u0259v\u0259ll\u00fcdl\u00fc \u018fll\u0259zov M\u0259mm\u0259d \u0130brahimx\u0259lil o\u011flu oktyabr\u0131n 27-d\u0259 s\u0259h\u0259r saatlar\u0131nda fermadan \u00e7\u0131x\u0131b v\u0259 bir daha geri qay\u0131tmay\u0131b. Faktla ba\u011fl\u0131 ara\u015fd\u0131rma apar\u0131l\u0131r.","_links":{"self":[{"href":"https:\/\/arantv.az\/index.php?rest_route=\/wp\/v2\/posts\/90461"}],"collection":[{"href":"https:\/\/arantv.az\/index.php?rest_route=\/wp\/v2\/posts"}],"about":[{"href":"https:\/\/arantv.az\/index.php?rest_route=\/wp\/v2\/types\/post"}],"author":[{"embeddable":true,"href":"https:\/\/arantv.az\/index.php?rest_route=\/wp\/v2\/users\/2"}],"replies":[{"embeddable":true,"href":"https:\/\/arantv.az\/index.php?rest_route=%2Fwp%2Fv2%2Fcomments&post=90461"}],"version-history":[{"count":0,"href":"https:\/\/arantv.az\/index.php?rest_route=\/wp\/v2\/posts\/90461\/revisions"}],"wp:featuredmedia":[{"embeddable":true,"href":"https:\/\/arantv.az\/index.php?rest_route=\/wp\/v2\/media\/90462"}],"wp:attachment":[{"href":"https:\/\/arantv.az\/index.php?rest_route=%2Fwp%2Fv2%2Fmedia&parent=90461"}],"wp:term":[{"taxonomy":"category","embeddable":true,"href":"https:\/\/arantv.az\/index.php?rest_route=%2Fwp%2Fv2%2Fcategories&post=90461"},{"taxonomy":"post_tag","embeddable":true,"href":"https:\/\/arantv.az\/index.php?rest_route=%2Fwp%2Fv2%2Ftags&post=90461"}],"curies":[{"name":"wp","href":"https:\/\/api.w.org\/{rel}","templated":true}]}}