{"id":90481,"date":"2019-10-29T16:29:32","date_gmt":"2019-10-29T13:29:32","guid":{"rendered":"http:\/\/arantv.az\/?p=90481"},"modified":"2019-10-29T16:29:32","modified_gmt":"2019-10-29T13:29:32","slug":"deputat-m%c9%99murlara-s%c9%99sl%c9%99ndi-biznes-qurmaq-ist%c9%99yirs%c9%99ns%c9%99-istefa-ver-video","status":"publish","type":"post","link":"https:\/\/arantv.az\/?p=90481","title":{"rendered":"Deputat m\u0259murlara s\u0259sl\u0259ndi: \u201cBiznes qurmaq ist\u0259yirs\u0259ns\u0259, istefa ver\u201d &#8211; V\u0130DEO"},"content":{"rendered":"<p>N\u0259 q\u0259d\u0259r ki, \u201cm\u0259mur-oliqarx-biznes\u201d s\u00f6hb\u0259ti var, Az\u0259rbaycanda inhisar\u00e7\u0131l\u0131q l\u0259\u011fv olunan deyil.<\/p>\n<p><strong>ARANTV.AZ<\/strong>-\u0131n x\u0259b\u0259rin\u0259 g\u00f6r\u0259, bunu Milli M\u0259clisin \u0130qtisadi siyas\u0259t, s\u0259naye v\u0259 sahibkarl\u0131q komit\u0259sinin \u00fczv\u00fc Vahid \u018fhm\u0259dov \u201c\u0130ctimai\u201d televiziyada yay\u0131mlanan \u201cDiqq\u0259t M\u0259rk\u0259zi-Yekun\u201d verili\u015find\u0259 deyib.<\/p>\n<p>Deputat biznesl\u0259 m\u0259\u015f\u011ful olan m\u0259murlar bar\u0259d\u0259 dan\u0131\u015f\u0131b.<\/p>\n<div id=\"AdviadNativeVideo0\" class=\"AdviadNativeVideo\"><\/div>\n<p>\u201c\u018fg\u0259r s\u0259n m\u0259mursansa, icra hakimiyy\u0259ti orqan\u0131nda i\u015fl\u0259m\u0259lis\u0259n v\u0259 ancaq maa\u015f hesab\u0131na dolanmal\u0131san. \u018fg\u0259r biznesl\u0259 m\u0259\u015f\u011ful olmaq ist\u0259yirs\u0259ns\u0259, o zaman istefa ver v\u0259 get biznes\u0259\u201d, &#8211; dey\u0259 V.\u018fhm\u0259dov \u0259lav\u0259 edib.<\/p>\n<p>V.\u018fhm\u0259dov bildirib ki, Milli M\u0259clis 17 ildir R\u0259qab\u0259t M\u0259c\u0259ll\u0259sini q\u0259bul edib ba\u015fa \u00e7atd\u0131ra bilmir.<\/p>\n<p>Deputat m\u0259murlar\u0131n g\u0259lir deklarasiyas\u0131 verm\u0259sinin vacibliyini d\u0259 toxunub. V.\u018fhm\u0259dov \u0259lav\u0259 edib ki, m\u0259murlar\u0131n \u00e7oxu \u00f6z biznesini d\u00f6vl\u0259t pullar\u0131 hesab\u0131na qurublar.<\/p>\n<p>\u201cPrezident Nazirl\u0259r Kabinetin\u0259 g\u00f6st\u0259ri\u015f verib ki, normativ s\u0259n\u0259d haz\u0131rlans\u0131n&#8230; Amma 10 ildir ki, m\u00fcvafiq normativ s\u0259n\u0259dl\u0259r haz\u0131rlanm\u0131r. He\u00e7 bir m\u0259mur \u00f6z g\u0259lirl\u0259ri bar\u0259d\u0259 b\u0259yannam\u0259 d\u0259rc el\u0259mir. \u00c7\u00fcnki bu b\u0259yannam\u0259 ortaya \u00e7\u0131xsa, m\u0259murdan soru\u015farlar: S\u0259n \u00f6z biznesin \u00fc\u00e7\u00fcn bu q\u0259d\u0259r pulu haradan alm\u0131san?<\/p>\n<p>\u0130ndi tutaq ki, bunlar qazan\u0131blar. Bu insanlar onsuz da bu pulu qazan\u0131blar, onlar\u0131 geri almaq m\u00fcmk\u00fcn deyil. Biz deyirik ki, g\u0259lin maliyy\u0259 amnistisiyas\u0131 verilm\u0259lidir ki, onlar h\u0259min v\u0259saitin bir hiss\u0259sini Az\u0259rbaycanda investisiya qoysunlar\u201d.<\/p>\n<p>Komit\u0259 \u00fczv\u00fc deyib ki, ona g\u00f6r\u0259 d\u0259 b\u0259yannam\u0259l\u0259r haqda m\u0259s\u0259l\u0259 h\u0259llini tapmal\u0131d\u0131r.<\/p>\n<p>\u201cKim des\u0259 ki, Az\u0259rbaycanda inhisar\u00e7\u0131l\u0131q yoxdur, onlar haql\u0131 deyil. Biz sahibkarlardan y\u00fczl\u0259rl\u0259 m\u00fcraci\u0259t al\u0131r\u0131q. Onlar bazara \u00e7\u0131x\u0131\u015f \u0259ld\u0259 ed\u0259 bilmirl\u0259r. \u018fn sad\u0259 misal g\u0259tirir\u0259m. Topdansat\u0131\u015f bazalar\u0131 var v\u0259 onlara m\u0259mur-oliqarxlar n\u0259zar\u0259t edir.<\/p>\n<p>Sahibkarlar\u0131 m\u0259cbur edirl\u0259r ki, mallar\u0131 ancaq bu bazarlardan als\u0131nlar. Onlar k\u0259nd\u0259 gedib m\u0259hsulu birba\u015fa k\u0259ndlid\u0259n ala bilmir. \u018fg\u0259r fermer \u00f6z m\u0259hsulunu bazara birba\u015fa \u00e7\u0131xara bils\u0259, o zaman qiym\u0259tl\u0259r xeyli a\u015fa\u011f\u0131 d\u00fc\u015f\u0259r\u201d.<\/p>\n<div><iframe loading=\"lazy\" src=\"https:\/\/www.facebook.com\/plugins\/video.php?href=https%3A%2F%2Fwww.facebook.com%2Fictimai.tv%2Fvideos%2F497651627500603%2F&amp;show_text=0&amp;width=560\" width=\"560\" height=\"315\" frameborder=\"0\" scrolling=\"no\" allowfullscreen=\"allowfullscreen\" data-mce-fragment=\"1\"><\/iframe><\/div>\n<p>oxu.az<\/p>\n","protected":false},"excerpt":{"rendered":"<p>N\u0259 q\u0259d\u0259r ki, \u201cm\u0259mur-oliqarx-biznes\u201d s\u00f6hb\u0259ti var, Az\u0259rbaycanda inhisar\u00e7\u0131l\u0131q l\u0259\u011fv olunan deyil. ARANTV.AZ-\u0131n x\u0259b\u0259rin\u0259 g\u00f6r\u0259, bunu Milli M\u0259clisin \u0130qtisadi siyas\u0259t, s\u0259naye v\u0259 sahibkarl\u0131q komit\u0259sinin \u00fczv\u00fc Vahid \u018fhm\u0259dov \u201c\u0130ctimai\u201d televiziyada yay\u0131mlanan \u201cDiqq\u0259t M\u0259rk\u0259zi-Yekun\u201d verili\u015find\u0259 deyib. Deputat biznesl\u0259 m\u0259\u015f\u011ful olan m\u0259murlar bar\u0259d\u0259 dan\u0131\u015f\u0131b. \u201c\u018fg\u0259r s\u0259n m\u0259mursansa, icra hakimiyy\u0259ti orqan\u0131nda i\u015fl\u0259m\u0259lis\u0259n v\u0259 ancaq maa\u015f hesab\u0131na dolanmal\u0131san. \u018fg\u0259r biznesl\u0259 m\u0259\u015f\u011ful olmaq ist\u0259yirs\u0259ns\u0259, o zaman istefa ver v\u0259 get biznes\u0259\u201d, &#8211; dey\u0259 V.\u018fhm\u0259dov \u0259lav\u0259 edib. V.\u018fhm\u0259dov bildirib ki, Milli M\u0259clis 17 ildir R\u0259qab\u0259t M\u0259c\u0259ll\u0259sini q\u0259bul edib ba\u015fa \u00e7atd\u0131ra bilmir. Deputat m\u0259murlar\u0131n g\u0259lir deklarasiyas\u0131 verm\u0259sinin vacibliyini d\u0259&hellip;<\/p>\n","protected":false},"author":2,"featured_media":90482,"comment_status":"closed","ping_status":"closed","sticky":false,"template":"","format":"standard","meta":{"om_disable_all_campaigns":false,"_monsterinsights_skip_tracking":false,"_monsterinsights_sitenote_active":false,"_monsterinsights_sitenote_note":"","_monsterinsights_sitenote_category":0},"categories":[1],"tags":[],"aioseo_notices":[],"gutentor_comment":0,"rttpg_featured_image_url":{"full":["https:\/\/arantv.az\/wp-content\/uploads\/2019\/10\/Vahid-AHmedov-696x463.jpg",620,412,false],"landscape":["https:\/\/arantv.az\/wp-content\/uploads\/2019\/10\/Vahid-AHmedov-696x463.jpg",620,412,false],"portraits":["https:\/\/arantv.az\/wp-content\/uploads\/2019\/10\/Vahid-AHmedov-696x463.jpg",620,412,false],"thumbnail":["https:\/\/arantv.az\/wp-content\/uploads\/2019\/10\/Vahid-AHmedov-696x463-150x150.jpg",150,150,true],"medium":["https:\/\/arantv.az\/wp-content\/uploads\/2019\/10\/Vahid-AHmedov-696x463-300x199.jpg",300,199,true],"large":["https:\/\/arantv.az\/wp-content\/uploads\/2019\/10\/Vahid-AHmedov-696x463.jpg",620,412,false],"1536x1536":["https:\/\/arantv.az\/wp-content\/uploads\/2019\/10\/Vahid-AHmedov-696x463.jpg",620,412,false],"2048x2048":["https:\/\/arantv.az\/wp-content\/uploads\/2019\/10\/Vahid-AHmedov-696x463.jpg",620,412,false],"post-thumbnail":["https:\/\/arantv.az\/wp-content\/uploads\/2019\/10\/Vahid-AHmedov-696x463-240x172.jpg",240,172,true],"advps-thumb-one":["https:\/\/arantv.az\/wp-content\/uploads\/2019\/10\/Vahid-AHmedov-696x463.jpg",620,412,false]},"rttpg_author":{"display_name":"V\u00fcsal Rafiqo\u011flu","author_link":"https:\/\/arantv.az\/?author=2"},"rttpg_comment":0,"rttpg_category":"<a href=\"https:\/\/arantv.az\/?cat=1\" rel=\"category\">C\u0259miyy\u0259t<\/a>","rttpg_excerpt":"N\u0259 q\u0259d\u0259r ki, \u201cm\u0259mur-oliqarx-biznes\u201d s\u00f6hb\u0259ti var, Az\u0259rbaycanda inhisar\u00e7\u0131l\u0131q l\u0259\u011fv olunan deyil. ARANTV.AZ-\u0131n x\u0259b\u0259rin\u0259 g\u00f6r\u0259, bunu Milli M\u0259clisin \u0130qtisadi siyas\u0259t, s\u0259naye v\u0259 sahibkarl\u0131q komit\u0259sinin \u00fczv\u00fc Vahid \u018fhm\u0259dov \u201c\u0130ctimai\u201d televiziyada yay\u0131mlanan \u201cDiqq\u0259t M\u0259rk\u0259zi-Yekun\u201d verili\u015find\u0259 deyib. Deputat biznesl\u0259 m\u0259\u015f\u011ful olan m\u0259murlar bar\u0259d\u0259 dan\u0131\u015f\u0131b. \u201c\u018fg\u0259r s\u0259n m\u0259mursansa, icra hakimiyy\u0259ti orqan\u0131nda i\u015fl\u0259m\u0259lis\u0259n v\u0259 ancaq maa\u015f hesab\u0131na dolanmal\u0131san. \u018fg\u0259r biznesl\u0259 m\u0259\u015f\u011ful&hellip;","_links":{"self":[{"href":"https:\/\/arantv.az\/index.php?rest_route=\/wp\/v2\/posts\/90481"}],"collection":[{"href":"https:\/\/arantv.az\/index.php?rest_route=\/wp\/v2\/posts"}],"about":[{"href":"https:\/\/arantv.az\/index.php?rest_route=\/wp\/v2\/types\/post"}],"author":[{"embeddable":true,"href":"https:\/\/arantv.az\/index.php?rest_route=\/wp\/v2\/users\/2"}],"replies":[{"embeddable":true,"href":"https:\/\/arantv.az\/index.php?rest_route=%2Fwp%2Fv2%2Fcomments&post=90481"}],"version-history":[{"count":0,"href":"https:\/\/arantv.az\/index.php?rest_route=\/wp\/v2\/posts\/90481\/revisions"}],"wp:featuredmedia":[{"embeddable":true,"href":"https:\/\/arantv.az\/index.php?rest_route=\/wp\/v2\/media\/90482"}],"wp:attachment":[{"href":"https:\/\/arantv.az\/index.php?rest_route=%2Fwp%2Fv2%2Fmedia&parent=90481"}],"wp:term":[{"taxonomy":"category","embeddable":true,"href":"https:\/\/arantv.az\/index.php?rest_route=%2Fwp%2Fv2%2Fcategories&post=90481"},{"taxonomy":"post_tag","embeddable":true,"href":"https:\/\/arantv.az\/index.php?rest_route=%2Fwp%2Fv2%2Ftags&post=90481"}],"curies":[{"name":"wp","href":"https:\/\/api.w.org\/{rel}","templated":true}]}}