{"id":90491,"date":"2019-10-30T07:59:45","date_gmt":"2019-10-30T04:59:45","guid":{"rendered":"http:\/\/arantv.az\/?p=90491"},"modified":"2019-10-30T07:59:45","modified_gmt":"2019-10-30T04:59:45","slug":"leyla-%c9%99liyevanin-%c9%99s%c9%99ri-muasir-inc%c9%99s%c9%99n%c9%99t-biennalesind%c9%99-t%c9%99qdim-olundu-foto","status":"publish","type":"post","link":"https:\/\/arantv.az\/?p=90491","title":{"rendered":"Leyla \u018fliyevan\u0131n \u0259s\u0259ri M\u00fcasir \u0130nc\u0259s\u0259n\u0259t Biennalesind\u0259 t\u0259qdim olundu &#8211; FOTO"},"content":{"rendered":"<p>Oktyabr\u0131n 29-da Rusiya paytaxt\u0131nda VIII Moskva Beyn\u0259lxalq M\u00fcasir \u0130nc\u0259s\u0259n\u0259t Biennalesi a\u00e7\u0131l\u0131b.<\/p>\n<p><strong>ARANTV.AZ<\/strong>\u00a0 x\u0259b\u0259r verir ki, s\u0259rginin a\u00e7\u0131l\u0131\u015f\u0131nda Heyd\u0259r \u018fliyev Fondunun vitse-prezidenti Leyla \u018fliyeva i\u015ftirak edib.<\/p>\n<p>Rusiya D\u00f6vl\u0259t Tretyakov Qalereyas\u0131nda ke\u00e7iril\u0259n s\u0259rgi \u201cM\u0259kan oriyentasiyas\u0131\u201d m\u00f6vzusuna h\u0259sr olunub. M\u00fcasir \u0130nc\u0259s\u0259n\u0259t Biennalesind\u0259 11 \u00f6lk\u0259d\u0259n 34 r\u0259ssam\u0131n 50-d\u0259n \u00e7ox \u0259s\u0259ri n\u00fcmayi\u015f etdirilir.<\/p>\n<div id=\"AdviadNativeVideo0\" class=\"AdviadNativeVideo\"><\/div>\n<p>Ekspozisiyada Az\u0259rbaycan r\u0259ssamlar\u0131 Orxan M\u0259mm\u0259dovun \u201cEstetikan\u0131n saxlanmas\u0131 ideyas\u0131\u201d v\u0259 Leyla \u018fliyevan\u0131n \u201c\u018fb\u0259diyy\u0259t\u201d multimedia installyasiyalar\u0131 t\u0259qdim olunur.<\/p>\n<p>Leyla \u018fliyevan\u0131n r\u0259hb\u0259rliyi il\u0259 20 n\u0259f\u0259rd\u0259n ibar\u0259t yarad\u0131c\u0131 kollektivin video-art janr\u0131nda haz\u0131rlad\u0131\u011f\u0131 \u201c\u018fb\u0259diyy\u0259t\u201d \u0259s\u0259rind\u0259 insan c\u0259sar\u0259tind\u0259n s\u00f6hb\u0259t a\u00e7\u0131l\u0131r.<\/p>\n<p>Orxan M\u0259mm\u0259dovun t\u0259qdim etdiyi installyasiyada m\u00fcxt\u0259lif d\u00f6vrl\u0259r\u0259 aid 50-d\u0259n \u00e7ox Az\u0259rbaycan xal\u00e7as\u0131n\u0131n nax\u0131\u015flar\u0131 toplan\u0131b. R\u0259ssam\u0131n s\u00fcni intellektd\u0259n istifad\u0259 ed\u0259r\u0259k haz\u0131rlad\u0131\u011f\u0131 art-obyektd\u0259 nax\u0131\u015flar bir-birini \u0259v\u0259zl\u0259yir.<\/p>\n<p>\u0130lk d\u0259f\u0259 olaraq Moskva Biennalesinin t\u0259r\u0259fda\u015f\u0131 d\u00fcnyan\u0131n \u0259n sanball\u0131 qrafik \u0259s\u0259rl\u0259r toplusu olan Avstriyan\u0131n m\u0259\u015fhur Albertina muzeyidir. S\u0259rgid\u0259 XX \u0259srin 11 m\u0259\u015fhur r\u0259ssam\u0131n\u0131n muzeyd\u0259 saxlan\u0131lan \u0259s\u0259rl\u0259ri \u00fcmumi m\u0259d\u0259ni m\u0259kanda n\u00fcmayi\u015f etdirilir.<\/p>\n<p>Biennalenin \u0259sas layih\u0259sinin kuratoru Moskvadak\u0131 \u201cFederasiya\u201d v\u0259 \u201cMoskva-Siti\u201d kompleksl\u0259rinin m\u00fc\u0259llifi Dmitri \u00c7ernyakov bir ne\u00e7\u0259 pavilyonda m\u00fcxt\u0259lif m\u00f6vzu v\u0259 janrlar\u0131 ki\u00e7ik kapsullarda v\u0259 evl\u0259rd\u0259 \u00fcmumi dialoqda birl\u0259\u015fdirib. Onun s\u00f6zl\u0259rin\u0259 g\u00f6r\u0259, b\u00fct\u00fcn bu m\u00fcxt\u0259lifliyi bir-biri il\u0259 uzla\u015fd\u0131rmaq he\u00e7 d\u0259 asan deyil. Bu s\u0259b\u0259bd\u0259n s\u0259rgi \u201cM\u0259kan oriyentasiyas\u0131\u201d adland\u0131r\u0131l\u0131b.<\/p>\n<p>Biennaled\u0259 Rusiya, Avstriya, B\u0259hreyn, Almaniya, S\u0259udiyy\u0259 \u018fr\u0259bistan\u0131, \u0130taliya, Almaniya, \u00c7in, Niderland, AB\u015e, Fransa r\u0259ssamlar\u0131 da i\u015ftirak edirl\u0259r.<\/p>\n<p>S\u0259rgi m\u00fcdd\u0259tind\u0259 SSR\u0130 Xalq r\u0259ssam\u0131, Rusiya R\u0259ssaml\u0131q Akademiyas\u0131n\u0131n vitse-prezidenti Tahir Salahov haqq\u0131nda filmin \u00e7\u0259kili\u015fl\u0259ri apar\u0131lacaq. Film klassik v\u0259 m\u00fcasir inc\u0259s\u0259n\u0259t aras\u0131nda \u0259laq\u0259l\u0259rd\u0259n b\u0259hs ed\u0259n maarifl\u0259ndirm\u0259 proqram\u0131 \u00e7\u0259r\u00e7iv\u0259sind\u0259 n\u00fcmayi\u015f olunacaq.<\/p>\n<p>S\u0259rgi yanvar\u0131n 22-d\u0259k davam ed\u0259c\u0259k.<\/p>\n<div class=\"gallery\">\n<div class=\"gallery-i\"><img src=\"https:\/\/assets.oxu.az\/uploads\/W1siZiIsIjIwMTkvMTAvMzAvMDgvMjEvNTgvZTA1NGVhYmQtYTI0Ny00MmFhLWExYWMtNTVlZjgwYzdhZjMzL2xleWxhMS5qcGciXSxbInAiLCJlbmNvZGUiLCJqcGciLCItcXVhbGl0eSA4MCJdLFsicCIsInRodW1iIiwiNTkweDU5MFx1MDAzZSJdXQ?sha=3b62cb2245352289\" alt=\"\" \/><\/p>\n<div class=\"gallery-i-caption\"><\/div>\n<\/div>\n<div class=\"gallery-i\"><img src=\"https:\/\/assets.oxu.az\/uploads\/W1siZiIsIjIwMTkvMTAvMzAvMDgvMjEvNTgvYTRjNjljYTQtODU0NC00MTA3LThlZTYtMGQ0OTM2ZDBkOTFjL2xleWxhMi5qcGciXSxbInAiLCJlbmNvZGUiLCJqcGciLCItcXVhbGl0eSA4MCJdLFsicCIsInRodW1iIiwiNTkweDU5MFx1MDAzZSJdXQ?sha=24b537bce065450a\" alt=\"\" \/><\/p>\n<div class=\"gallery-i-caption\"><\/div>\n<\/div>\n<div class=\"gallery-i\"><img src=\"https:\/\/assets.oxu.az\/uploads\/W1siZiIsIjIwMTkvMTAvMzAvMDgvMjEvNTgvMDdlNTlmZGMtMWM3NS00ZDJiLWJmMzgtOWFmNGUwNTU2NGQxL2xleWxhMy5qcGciXSxbInAiLCJlbmNvZGUiLCJqcGciLCItcXVhbGl0eSA4MCJdLFsicCIsInRodW1iIiwiNTkweDU5MFx1MDAzZSJdXQ?sha=797b18578c49aa81\" alt=\"\" \/><\/p>\n<div class=\"gallery-i-caption\"><\/div>\n<\/div>\n<div class=\"gallery-i\"><img src=\"https:\/\/assets.oxu.az\/uploads\/W1siZiIsIjIwMTkvMTAvMzAvMDgvMjEvNTgvNTdmMzVjM2ItMDg5MC00MTVkLWEyYjktYzBlNjZkOTFjZTMzL2xleWxhNC5qcGciXSxbInAiLCJlbmNvZGUiLCJqcGciLCItcXVhbGl0eSA4MCJdLFsicCIsInRodW1iIiwiNTkweDU5MFx1MDAzZSJdXQ?sha=6668009314fcbecd\" alt=\"\" \/><\/p>\n<div class=\"gallery-i-caption\"><\/div>\n<\/div>\n<div class=\"gallery-i\"><img src=\"https:\/\/assets.oxu.az\/uploads\/W1siZiIsIjIwMTkvMTAvMzAvMDgvMjEvNTkvM2NiZWQ5ZWQtNjliMS00NmQxLWJjMWMtOWM5Y2I3MGM2YzY1L2xleWxhNS5qcGciXSxbInAiLCJlbmNvZGUiLCJqcGciLCItcXVhbGl0eSA4MCJdLFsicCIsInRodW1iIiwiNTkweDU5MFx1MDAzZSJdXQ?sha=d45140579a547b71\" alt=\"\" \/><\/p>\n<div class=\"gallery-i-caption\"><\/div>\n<\/div>\n<div class=\"gallery-i\"><img src=\"https:\/\/assets.oxu.az\/uploads\/W1siZiIsIjIwMTkvMTAvMzAvMDgvMjQvMTYvMjY1YWFlNmYtZjllNS00OWVmLThmYmEtOTA4MmEwOTdmMWE1L2xleWxhMC5qcGciXSxbInAiLCJlbmNvZGUiLCJqcGciLCItcXVhbGl0eSA4MCJdLFsicCIsInRodW1iIiwiNTkweDU5MFx1MDAzZSJdXQ?sha=a1a8e7ec21bb890a\" alt=\"\" \/><\/div>\n<div>oxu.az<\/div>\n<\/div>\n","protected":false},"excerpt":{"rendered":"<p>Oktyabr\u0131n 29-da Rusiya paytaxt\u0131nda VIII Moskva Beyn\u0259lxalq M\u00fcasir \u0130nc\u0259s\u0259n\u0259t Biennalesi a\u00e7\u0131l\u0131b. ARANTV.AZ\u00a0 x\u0259b\u0259r verir ki, s\u0259rginin a\u00e7\u0131l\u0131\u015f\u0131nda Heyd\u0259r \u018fliyev Fondunun vitse-prezidenti Leyla \u018fliyeva i\u015ftirak edib. Rusiya D\u00f6vl\u0259t Tretyakov Qalereyas\u0131nda ke\u00e7iril\u0259n s\u0259rgi \u201cM\u0259kan oriyentasiyas\u0131\u201d m\u00f6vzusuna h\u0259sr olunub. M\u00fcasir \u0130nc\u0259s\u0259n\u0259t Biennalesind\u0259 11 \u00f6lk\u0259d\u0259n 34 r\u0259ssam\u0131n 50-d\u0259n \u00e7ox \u0259s\u0259ri n\u00fcmayi\u015f etdirilir. Ekspozisiyada Az\u0259rbaycan r\u0259ssamlar\u0131 Orxan M\u0259mm\u0259dovun \u201cEstetikan\u0131n saxlanmas\u0131 ideyas\u0131\u201d v\u0259 Leyla \u018fliyevan\u0131n \u201c\u018fb\u0259diyy\u0259t\u201d multimedia installyasiyalar\u0131 t\u0259qdim olunur. Leyla \u018fliyevan\u0131n r\u0259hb\u0259rliyi il\u0259 20 n\u0259f\u0259rd\u0259n ibar\u0259t yarad\u0131c\u0131 kollektivin video-art janr\u0131nda haz\u0131rlad\u0131\u011f\u0131 \u201c\u018fb\u0259diyy\u0259t\u201d \u0259s\u0259rind\u0259 insan c\u0259sar\u0259tind\u0259n s\u00f6hb\u0259t a\u00e7\u0131l\u0131r. Orxan M\u0259mm\u0259dovun t\u0259qdim etdiyi installyasiyada m\u00fcxt\u0259lif d\u00f6vrl\u0259r\u0259 aid&hellip;<\/p>\n","protected":false},"author":2,"featured_media":90492,"comment_status":"closed","ping_status":"closed","sticky":false,"template":"","format":"standard","meta":{"om_disable_all_campaigns":false,"_monsterinsights_skip_tracking":false,"_monsterinsights_sitenote_active":false,"_monsterinsights_sitenote_note":"","_monsterinsights_sitenote_category":0},"categories":[4],"tags":[],"aioseo_notices":[],"gutentor_comment":0,"rttpg_featured_image_url":{"full":["https:\/\/arantv.az\/wp-content\/uploads\/2019\/10\/leyla.jpg",620,405,false],"landscape":["https:\/\/arantv.az\/wp-content\/uploads\/2019\/10\/leyla.jpg",620,405,false],"portraits":["https:\/\/arantv.az\/wp-content\/uploads\/2019\/10\/leyla.jpg",620,405,false],"thumbnail":["https:\/\/arantv.az\/wp-content\/uploads\/2019\/10\/leyla-150x150.jpg",150,150,true],"medium":["https:\/\/arantv.az\/wp-content\/uploads\/2019\/10\/leyla-300x196.jpg",300,196,true],"large":["https:\/\/arantv.az\/wp-content\/uploads\/2019\/10\/leyla.jpg",620,405,false],"1536x1536":["https:\/\/arantv.az\/wp-content\/uploads\/2019\/10\/leyla.jpg",620,405,false],"2048x2048":["https:\/\/arantv.az\/wp-content\/uploads\/2019\/10\/leyla.jpg",620,405,false],"post-thumbnail":["https:\/\/arantv.az\/wp-content\/uploads\/2019\/10\/leyla-240x172.jpg",240,172,true],"advps-thumb-one":["https:\/\/arantv.az\/wp-content\/uploads\/2019\/10\/leyla.jpg",620,405,false]},"rttpg_author":{"display_name":"V\u00fcsal Rafiqo\u011flu","author_link":"https:\/\/arantv.az\/?author=2"},"rttpg_comment":0,"rttpg_category":"<a href=\"https:\/\/arantv.az\/?cat=4\" rel=\"category\">Siyas\u0259t<\/a>","rttpg_excerpt":"Oktyabr\u0131n 29-da Rusiya paytaxt\u0131nda VIII Moskva Beyn\u0259lxalq M\u00fcasir \u0130nc\u0259s\u0259n\u0259t Biennalesi a\u00e7\u0131l\u0131b. ARANTV.AZ\u00a0 x\u0259b\u0259r verir ki, s\u0259rginin a\u00e7\u0131l\u0131\u015f\u0131nda Heyd\u0259r \u018fliyev Fondunun vitse-prezidenti Leyla \u018fliyeva i\u015ftirak edib. Rusiya D\u00f6vl\u0259t Tretyakov Qalereyas\u0131nda ke\u00e7iril\u0259n s\u0259rgi \u201cM\u0259kan oriyentasiyas\u0131\u201d m\u00f6vzusuna h\u0259sr olunub. M\u00fcasir \u0130nc\u0259s\u0259n\u0259t Biennalesind\u0259 11 \u00f6lk\u0259d\u0259n 34 r\u0259ssam\u0131n 50-d\u0259n \u00e7ox \u0259s\u0259ri n\u00fcmayi\u015f etdirilir. Ekspozisiyada Az\u0259rbaycan r\u0259ssamlar\u0131 Orxan M\u0259mm\u0259dovun \u201cEstetikan\u0131n saxlanmas\u0131&hellip;","_links":{"self":[{"href":"https:\/\/arantv.az\/index.php?rest_route=\/wp\/v2\/posts\/90491"}],"collection":[{"href":"https:\/\/arantv.az\/index.php?rest_route=\/wp\/v2\/posts"}],"about":[{"href":"https:\/\/arantv.az\/index.php?rest_route=\/wp\/v2\/types\/post"}],"author":[{"embeddable":true,"href":"https:\/\/arantv.az\/index.php?rest_route=\/wp\/v2\/users\/2"}],"replies":[{"embeddable":true,"href":"https:\/\/arantv.az\/index.php?rest_route=%2Fwp%2Fv2%2Fcomments&post=90491"}],"version-history":[{"count":0,"href":"https:\/\/arantv.az\/index.php?rest_route=\/wp\/v2\/posts\/90491\/revisions"}],"wp:featuredmedia":[{"embeddable":true,"href":"https:\/\/arantv.az\/index.php?rest_route=\/wp\/v2\/media\/90492"}],"wp:attachment":[{"href":"https:\/\/arantv.az\/index.php?rest_route=%2Fwp%2Fv2%2Fmedia&parent=90491"}],"wp:term":[{"taxonomy":"category","embeddable":true,"href":"https:\/\/arantv.az\/index.php?rest_route=%2Fwp%2Fv2%2Fcategories&post=90491"},{"taxonomy":"post_tag","embeddable":true,"href":"https:\/\/arantv.az\/index.php?rest_route=%2Fwp%2Fv2%2Ftags&post=90491"}],"curies":[{"name":"wp","href":"https:\/\/api.w.org\/{rel}","templated":true}]}}