{"id":90930,"date":"2019-10-31T08:22:44","date_gmt":"2019-10-31T05:22:44","guid":{"rendered":"http:\/\/arantv.az\/?p=90930"},"modified":"2019-10-31T08:22:44","modified_gmt":"2019-10-31T05:22:44","slug":"q%c9%99zada-ol%c9%99n-ulvi-fhn-%c9%99m%c9%99kdasi-imis","status":"publish","type":"post","link":"https:\/\/arantv.az\/?p=90930","title":{"rendered":"Q\u0259zada \u00f6l\u0259n \u00dclvi FHN \u0259m\u0259kda\u015f\u0131 imi\u015f"},"content":{"rendered":"<p><strong>\u00d6t\u0259n gec\u0259 X\u0131rdalanda \u00f6l\u00fcml\u0259 n\u0259tic\u0259l\u0259n\u0259n yol-n\u0259qliyyat hadis\u0259si ba\u015f verib.<\/strong><\/p>\n<p><strong>ARANTV.AZ<\/strong> qafqazinfo-ya istinad\u0259n x\u0259b\u0259r verir ki,\u00a099-AE-452 d\u00f6vl\u0259t n\u00f6mr\u0259 ni\u015fanl\u0131, &#8220;Daewoo Gentra&#8221; markal\u0131 minik avtomobili yolu ke\u00e7\u0259n 1993-c\u00fc il t\u0259v\u0259ll\u00fcdl\u00fc V\u0259liyev \u00dclvi Mehdi o\u011flunu vurub. Yaral\u0131 x\u0259st\u0259xanaya \u00e7atd\u0131r\u0131lsa da, onun h\u0259yat\u0131n\u0131 xilas etm\u0259k m\u00fcmk\u00fcn olmay\u0131b.<\/p>\n<p>Qeyd ed\u0259k ki, V\u0259liyev \u00dclvi F\u00f6vq\u0259lad\u0259 Hallar Nazirliyinin \u0259m\u0259kda\u015f\u0131 olub. O, X\u00fcsusi Riskli Xilasetm\u0259 Xidm\u0259tind\u0259 \u00e7al\u0131\u015f\u0131b.<\/p>\n","protected":false},"excerpt":{"rendered":"<p>\u00d6t\u0259n gec\u0259 X\u0131rdalanda \u00f6l\u00fcml\u0259 n\u0259tic\u0259l\u0259n\u0259n yol-n\u0259qliyyat hadis\u0259si ba\u015f verib. ARANTV.AZ qafqazinfo-ya istinad\u0259n x\u0259b\u0259r verir ki,\u00a099-AE-452 d\u00f6vl\u0259t n\u00f6mr\u0259 ni\u015fanl\u0131, &#8220;Daewoo Gentra&#8221; markal\u0131 minik avtomobili yolu ke\u00e7\u0259n 1993-c\u00fc il t\u0259v\u0259ll\u00fcdl\u00fc V\u0259liyev \u00dclvi Mehdi o\u011flunu vurub. Yaral\u0131 x\u0259st\u0259xanaya \u00e7atd\u0131r\u0131lsa da, onun h\u0259yat\u0131n\u0131 xilas etm\u0259k m\u00fcmk\u00fcn olmay\u0131b. Qeyd ed\u0259k ki, V\u0259liyev \u00dclvi F\u00f6vq\u0259lad\u0259 Hallar Nazirliyinin \u0259m\u0259kda\u015f\u0131 olub. O, X\u00fcsusi Riskli Xilasetm\u0259 Xidm\u0259tind\u0259 \u00e7al\u0131\u015f\u0131b.<\/p>\n","protected":false},"author":2,"featured_media":90931,"comment_status":"closed","ping_status":"closed","sticky":false,"template":"","format":"standard","meta":{"om_disable_all_campaigns":false,"_monsterinsights_skip_tracking":false,"_monsterinsights_sitenote_active":false,"_monsterinsights_sitenote_note":"","_monsterinsights_sitenote_category":0},"categories":[5],"tags":[],"aioseo_notices":[],"gutentor_comment":0,"rttpg_featured_image_url":{"full":["https:\/\/arantv.az\/wp-content\/uploads\/2019\/10\/798448.jpg",800,600,false],"landscape":["https:\/\/arantv.az\/wp-content\/uploads\/2019\/10\/798448.jpg",800,600,false],"portraits":["https:\/\/arantv.az\/wp-content\/uploads\/2019\/10\/798448.jpg",800,600,false],"thumbnail":["https:\/\/arantv.az\/wp-content\/uploads\/2019\/10\/798448-150x150.jpg",150,150,true],"medium":["https:\/\/arantv.az\/wp-content\/uploads\/2019\/10\/798448-300x225.jpg",300,225,true],"large":["https:\/\/arantv.az\/wp-content\/uploads\/2019\/10\/798448.jpg",640,480,false],"1536x1536":["https:\/\/arantv.az\/wp-content\/uploads\/2019\/10\/798448.jpg",800,600,false],"2048x2048":["https:\/\/arantv.az\/wp-content\/uploads\/2019\/10\/798448.jpg",800,600,false],"post-thumbnail":["https:\/\/arantv.az\/wp-content\/uploads\/2019\/10\/798448-240x172.jpg",240,172,true],"advps-thumb-one":["https:\/\/arantv.az\/wp-content\/uploads\/2019\/10\/798448.jpg",800,600,false]},"rttpg_author":{"display_name":"V\u00fcsal Rafiqo\u011flu","author_link":"https:\/\/arantv.az\/?author=2"},"rttpg_comment":0,"rttpg_category":"<a href=\"https:\/\/arantv.az\/?cat=5\" rel=\"category\">Hadis\u0259<\/a>","rttpg_excerpt":"\u00d6t\u0259n gec\u0259 X\u0131rdalanda \u00f6l\u00fcml\u0259 n\u0259tic\u0259l\u0259n\u0259n yol-n\u0259qliyyat hadis\u0259si ba\u015f verib. ARANTV.AZ qafqazinfo-ya istinad\u0259n x\u0259b\u0259r verir ki,\u00a099-AE-452 d\u00f6vl\u0259t n\u00f6mr\u0259 ni\u015fanl\u0131, &#8220;Daewoo Gentra&#8221; markal\u0131 minik avtomobili yolu ke\u00e7\u0259n 1993-c\u00fc il t\u0259v\u0259ll\u00fcdl\u00fc V\u0259liyev \u00dclvi Mehdi o\u011flunu vurub. Yaral\u0131 x\u0259st\u0259xanaya \u00e7atd\u0131r\u0131lsa da, onun h\u0259yat\u0131n\u0131 xilas etm\u0259k m\u00fcmk\u00fcn olmay\u0131b. Qeyd ed\u0259k ki, V\u0259liyev \u00dclvi F\u00f6vq\u0259lad\u0259 Hallar Nazirliyinin \u0259m\u0259kda\u015f\u0131 olub. O, X\u00fcsusi&hellip;","_links":{"self":[{"href":"https:\/\/arantv.az\/index.php?rest_route=\/wp\/v2\/posts\/90930"}],"collection":[{"href":"https:\/\/arantv.az\/index.php?rest_route=\/wp\/v2\/posts"}],"about":[{"href":"https:\/\/arantv.az\/index.php?rest_route=\/wp\/v2\/types\/post"}],"author":[{"embeddable":true,"href":"https:\/\/arantv.az\/index.php?rest_route=\/wp\/v2\/users\/2"}],"replies":[{"embeddable":true,"href":"https:\/\/arantv.az\/index.php?rest_route=%2Fwp%2Fv2%2Fcomments&post=90930"}],"version-history":[{"count":0,"href":"https:\/\/arantv.az\/index.php?rest_route=\/wp\/v2\/posts\/90930\/revisions"}],"wp:featuredmedia":[{"embeddable":true,"href":"https:\/\/arantv.az\/index.php?rest_route=\/wp\/v2\/media\/90931"}],"wp:attachment":[{"href":"https:\/\/arantv.az\/index.php?rest_route=%2Fwp%2Fv2%2Fmedia&parent=90930"}],"wp:term":[{"taxonomy":"category","embeddable":true,"href":"https:\/\/arantv.az\/index.php?rest_route=%2Fwp%2Fv2%2Fcategories&post=90930"},{"taxonomy":"post_tag","embeddable":true,"href":"https:\/\/arantv.az\/index.php?rest_route=%2Fwp%2Fv2%2Ftags&post=90930"}],"curies":[{"name":"wp","href":"https:\/\/api.w.org\/{rel}","templated":true}]}}