{"id":90934,"date":"2019-10-31T08:29:14","date_gmt":"2019-10-31T05:29:14","guid":{"rendered":"http:\/\/arantv.az\/?p=90934"},"modified":"2019-10-31T08:29:14","modified_gmt":"2019-10-31T05:29:14","slug":"az%c9%99rbaycanin-oriyental-ulduzu-renkadan-yeni-fotosessiya","status":"publish","type":"post","link":"https:\/\/arantv.az\/?p=90934","title":{"rendered":"Az\u0259rbaycan\u0131n oriyental ulduzu Renkadan yeni &#8211; FOTOSESS\u0130YA"},"content":{"rendered":"<p>R\u0259qqas\u0259 Renka A\u011famuradova yeni fotosessiya etdirib. <strong>ARANTV.AZ<\/strong> x\u0259b\u0259r verir ki, R.A\u011famuradova iki f\u0259rqli r\u0259qs geyimi il\u0259 fotoqraf Roman\u0131n obyektivi qar\u015f\u0131s\u0131na ke\u00e7ib. \u00c7\u0259kili\u015fl\u0259r zaman\u0131 Renkan\u0131n imici \u00fcz\u0259rind\u0259 stilist X\u0259yal\u0259 v\u0259 Lamiya \u018fliyeva \u00e7al\u0131b. Qeyd ed\u0259k ki, Renka A\u011famuradova bundan \u00f6nc\u0259 \u201cNurbanu Sultan\u201d v\u0259 niqabla \u00e7\u0259kdirdiyi fotosessiya il\u0259 s\u00f6z-s\u00f6hb\u0259t\u0259 s\u0259b\u0259b olmu\u015fdu.<\/p>\n<p><img loading=\"lazy\" class=\"alignnone size-medium wp-image-90935\" src=\"https:\/\/arantv.az\/wp-content\/uploads\/2019\/10\/74647583_576636269741100_5665967611897184256_n-240x300.jpg\" alt=\"\" width=\"240\" height=\"300\" \/><img loading=\"lazy\" class=\"alignnone size-medium wp-image-90936\" src=\"https:\/\/arantv.az\/wp-content\/uploads\/2019\/10\/72717241_412955026050927_440571311362670592_n-240x300.jpg\" alt=\"\" width=\"240\" height=\"300\" \/><\/p>\n","protected":false},"excerpt":{"rendered":"<p>R\u0259qqas\u0259 Renka A\u011famuradova yeni fotosessiya etdirib. ARANTV.AZ x\u0259b\u0259r verir ki, R.A\u011famuradova iki f\u0259rqli r\u0259qs geyimi il\u0259 fotoqraf Roman\u0131n obyektivi qar\u015f\u0131s\u0131na ke\u00e7ib. \u00c7\u0259kili\u015fl\u0259r zaman\u0131 Renkan\u0131n imici \u00fcz\u0259rind\u0259 stilist X\u0259yal\u0259 v\u0259 Lamiya \u018fliyeva \u00e7al\u0131b. Qeyd ed\u0259k ki, Renka A\u011famuradova bundan \u00f6nc\u0259 \u201cNurbanu Sultan\u201d v\u0259 niqabla \u00e7\u0259kdirdiyi fotosessiya il\u0259 s\u00f6z-s\u00f6hb\u0259t\u0259 s\u0259b\u0259b olmu\u015fdu.<\/p>\n","protected":false},"author":2,"featured_media":90937,"comment_status":"closed","ping_status":"closed","sticky":false,"template":"","format":"standard","meta":{"om_disable_all_campaigns":false,"_monsterinsights_skip_tracking":false,"_monsterinsights_sitenote_active":false,"_monsterinsights_sitenote_note":"","_monsterinsights_sitenote_category":0},"categories":[20],"tags":[],"aioseo_notices":[],"gutentor_comment":0,"rttpg_featured_image_url":{"full":["https:\/\/arantv.az\/wp-content\/uploads\/2019\/10\/76266712_423272481930517_1985653334735847424_n.jpg",540,540,false],"landscape":["https:\/\/arantv.az\/wp-content\/uploads\/2019\/10\/76266712_423272481930517_1985653334735847424_n.jpg",540,540,false],"portraits":["https:\/\/arantv.az\/wp-content\/uploads\/2019\/10\/76266712_423272481930517_1985653334735847424_n.jpg",540,540,false],"thumbnail":["https:\/\/arantv.az\/wp-content\/uploads\/2019\/10\/76266712_423272481930517_1985653334735847424_n-150x150.jpg",150,150,true],"medium":["https:\/\/arantv.az\/wp-content\/uploads\/2019\/10\/76266712_423272481930517_1985653334735847424_n-300x300.jpg",300,300,true],"large":["https:\/\/arantv.az\/wp-content\/uploads\/2019\/10\/76266712_423272481930517_1985653334735847424_n.jpg",540,540,false],"1536x1536":["https:\/\/arantv.az\/wp-content\/uploads\/2019\/10\/76266712_423272481930517_1985653334735847424_n.jpg",540,540,false],"2048x2048":["https:\/\/arantv.az\/wp-content\/uploads\/2019\/10\/76266712_423272481930517_1985653334735847424_n.jpg",540,540,false],"post-thumbnail":["https:\/\/arantv.az\/wp-content\/uploads\/2019\/10\/76266712_423272481930517_1985653334735847424_n-240x172.jpg",240,172,true],"advps-thumb-one":["https:\/\/arantv.az\/wp-content\/uploads\/2019\/10\/76266712_423272481930517_1985653334735847424_n.jpg",540,540,false]},"rttpg_author":{"display_name":"V\u00fcsal Rafiqo\u011flu","author_link":"https:\/\/arantv.az\/?author=2"},"rttpg_comment":0,"rttpg_category":"<a href=\"https:\/\/arantv.az\/?cat=20\" rel=\"category\">\u015eou biznes<\/a>","rttpg_excerpt":"R\u0259qqas\u0259 Renka A\u011famuradova yeni fotosessiya etdirib. ARANTV.AZ x\u0259b\u0259r verir ki, R.A\u011famuradova iki f\u0259rqli r\u0259qs geyimi il\u0259 fotoqraf Roman\u0131n obyektivi qar\u015f\u0131s\u0131na ke\u00e7ib. \u00c7\u0259kili\u015fl\u0259r zaman\u0131 Renkan\u0131n imici \u00fcz\u0259rind\u0259 stilist X\u0259yal\u0259 v\u0259 Lamiya \u018fliyeva \u00e7al\u0131b. Qeyd ed\u0259k ki, Renka A\u011famuradova bundan \u00f6nc\u0259 \u201cNurbanu Sultan\u201d v\u0259 niqabla \u00e7\u0259kdirdiyi fotosessiya il\u0259 s\u00f6z-s\u00f6hb\u0259t\u0259 s\u0259b\u0259b olmu\u015fdu.","_links":{"self":[{"href":"https:\/\/arantv.az\/index.php?rest_route=\/wp\/v2\/posts\/90934"}],"collection":[{"href":"https:\/\/arantv.az\/index.php?rest_route=\/wp\/v2\/posts"}],"about":[{"href":"https:\/\/arantv.az\/index.php?rest_route=\/wp\/v2\/types\/post"}],"author":[{"embeddable":true,"href":"https:\/\/arantv.az\/index.php?rest_route=\/wp\/v2\/users\/2"}],"replies":[{"embeddable":true,"href":"https:\/\/arantv.az\/index.php?rest_route=%2Fwp%2Fv2%2Fcomments&post=90934"}],"version-history":[{"count":0,"href":"https:\/\/arantv.az\/index.php?rest_route=\/wp\/v2\/posts\/90934\/revisions"}],"wp:featuredmedia":[{"embeddable":true,"href":"https:\/\/arantv.az\/index.php?rest_route=\/wp\/v2\/media\/90937"}],"wp:attachment":[{"href":"https:\/\/arantv.az\/index.php?rest_route=%2Fwp%2Fv2%2Fmedia&parent=90934"}],"wp:term":[{"taxonomy":"category","embeddable":true,"href":"https:\/\/arantv.az\/index.php?rest_route=%2Fwp%2Fv2%2Fcategories&post=90934"},{"taxonomy":"post_tag","embeddable":true,"href":"https:\/\/arantv.az\/index.php?rest_route=%2Fwp%2Fv2%2Ftags&post=90934"}],"curies":[{"name":"wp","href":"https:\/\/api.w.org\/{rel}","templated":true}]}}