{"id":90940,"date":"2019-10-31T08:30:33","date_gmt":"2019-10-31T05:30:33","guid":{"rendered":"http:\/\/arantv.az\/?p=90940"},"modified":"2019-10-31T08:30:33","modified_gmt":"2019-10-31T05:30:33","slug":"tunzal%c9%99-agayeva-royanin-paltarindan-geyindi-foto","status":"publish","type":"post","link":"https:\/\/arantv.az\/?p=90940","title":{"rendered":"T\u00fcnzal\u0259 A\u011fayeva R\u00f6yan\u0131n paltar\u0131ndan geyindi &#8211; FOTO"},"content":{"rendered":"<p>Xalq artisti T\u00fcnzal\u0259 A\u011fayevan\u0131n sosial \u015f\u0259b\u0259k\u0259d\u0259 payla\u015fd\u0131\u011f\u0131 fotoda geyimi diqq\u0259t \u00e7\u0259kib. <strong>ARANTV.AZ<\/strong>-\u0131n m\u0259lumat\u0131na g\u00f6r\u0259, m\u00fc\u011f\u0259nninin libas\u0131n\u0131n eynisind\u0259n xalq artist R\u00f6ya Ayxan da geyinib. H\u0259min paltarda R\u00f6ya 2015-ci ild\u0259 ATV-d\u0259 M\u0259tan\u0259t \u018fliverdiyevan\u0131n apar\u0131c\u0131l\u0131\u011f\u0131 il\u0259 efir\u0259 ged\u0259n \u201cG\u00fcn ke\u00e7ir\u201d proqram\u0131na geyinib.<\/p>\n<p><img loading=\"lazy\" class=\"alignnone size-medium wp-image-90941\" src=\"https:\/\/arantv.az\/wp-content\/uploads\/2019\/10\/76972847_464799370797231_7125327280657661952_n-240x300.jpg\" alt=\"\" width=\"240\" height=\"300\" \/><img loading=\"lazy\" class=\"alignnone size-medium wp-image-90942\" src=\"https:\/\/arantv.az\/wp-content\/uploads\/2019\/10\/75481792_409427539969005_5476349697746534400_n-247x300.jpg\" alt=\"\" width=\"247\" height=\"300\" \/><\/p>\n","protected":false},"excerpt":{"rendered":"<p>Xalq artisti T\u00fcnzal\u0259 A\u011fayevan\u0131n sosial \u015f\u0259b\u0259k\u0259d\u0259 payla\u015fd\u0131\u011f\u0131 fotoda geyimi diqq\u0259t \u00e7\u0259kib. ARANTV.AZ-\u0131n m\u0259lumat\u0131na g\u00f6r\u0259, m\u00fc\u011f\u0259nninin libas\u0131n\u0131n eynisind\u0259n xalq artist R\u00f6ya Ayxan da geyinib. H\u0259min paltarda R\u00f6ya 2015-ci ild\u0259 ATV-d\u0259 M\u0259tan\u0259t \u018fliverdiyevan\u0131n apar\u0131c\u0131l\u0131\u011f\u0131 il\u0259 efir\u0259 ged\u0259n \u201cG\u00fcn ke\u00e7ir\u201d proqram\u0131na geyinib.<\/p>\n","protected":false},"author":2,"featured_media":90943,"comment_status":"closed","ping_status":"closed","sticky":false,"template":"","format":"standard","meta":{"om_disable_all_campaigns":false,"_monsterinsights_skip_tracking":false,"_monsterinsights_sitenote_active":false,"_monsterinsights_sitenote_note":"","_monsterinsights_sitenote_category":0},"categories":[20],"tags":[],"aioseo_notices":[],"gutentor_comment":0,"rttpg_featured_image_url":{"full":["https:\/\/arantv.az\/wp-content\/uploads\/2019\/10\/77217650_2210282569264432_3341317271606788096_n.jpg",960,960,false],"landscape":["https:\/\/arantv.az\/wp-content\/uploads\/2019\/10\/77217650_2210282569264432_3341317271606788096_n.jpg",960,960,false],"portraits":["https:\/\/arantv.az\/wp-content\/uploads\/2019\/10\/77217650_2210282569264432_3341317271606788096_n.jpg",960,960,false],"thumbnail":["https:\/\/arantv.az\/wp-content\/uploads\/2019\/10\/77217650_2210282569264432_3341317271606788096_n-150x150.jpg",150,150,true],"medium":["https:\/\/arantv.az\/wp-content\/uploads\/2019\/10\/77217650_2210282569264432_3341317271606788096_n-300x300.jpg",300,300,true],"large":["https:\/\/arantv.az\/wp-content\/uploads\/2019\/10\/77217650_2210282569264432_3341317271606788096_n.jpg",640,640,false],"1536x1536":["https:\/\/arantv.az\/wp-content\/uploads\/2019\/10\/77217650_2210282569264432_3341317271606788096_n.jpg",960,960,false],"2048x2048":["https:\/\/arantv.az\/wp-content\/uploads\/2019\/10\/77217650_2210282569264432_3341317271606788096_n.jpg",960,960,false],"post-thumbnail":["https:\/\/arantv.az\/wp-content\/uploads\/2019\/10\/77217650_2210282569264432_3341317271606788096_n-240x172.jpg",240,172,true],"advps-thumb-one":["https:\/\/arantv.az\/wp-content\/uploads\/2019\/10\/77217650_2210282569264432_3341317271606788096_n-960x620.jpg",960,620,true]},"rttpg_author":{"display_name":"V\u00fcsal Rafiqo\u011flu","author_link":"https:\/\/arantv.az\/?author=2"},"rttpg_comment":0,"rttpg_category":"<a href=\"https:\/\/arantv.az\/?cat=20\" rel=\"category\">\u015eou biznes<\/a>","rttpg_excerpt":"Xalq artisti T\u00fcnzal\u0259 A\u011fayevan\u0131n sosial \u015f\u0259b\u0259k\u0259d\u0259 payla\u015fd\u0131\u011f\u0131 fotoda geyimi diqq\u0259t \u00e7\u0259kib. ARANTV.AZ-\u0131n m\u0259lumat\u0131na g\u00f6r\u0259, m\u00fc\u011f\u0259nninin libas\u0131n\u0131n eynisind\u0259n xalq artist R\u00f6ya Ayxan da geyinib. H\u0259min paltarda R\u00f6ya 2015-ci ild\u0259 ATV-d\u0259 M\u0259tan\u0259t \u018fliverdiyevan\u0131n apar\u0131c\u0131l\u0131\u011f\u0131 il\u0259 efir\u0259 ged\u0259n \u201cG\u00fcn ke\u00e7ir\u201d proqram\u0131na geyinib.","_links":{"self":[{"href":"https:\/\/arantv.az\/index.php?rest_route=\/wp\/v2\/posts\/90940"}],"collection":[{"href":"https:\/\/arantv.az\/index.php?rest_route=\/wp\/v2\/posts"}],"about":[{"href":"https:\/\/arantv.az\/index.php?rest_route=\/wp\/v2\/types\/post"}],"author":[{"embeddable":true,"href":"https:\/\/arantv.az\/index.php?rest_route=\/wp\/v2\/users\/2"}],"replies":[{"embeddable":true,"href":"https:\/\/arantv.az\/index.php?rest_route=%2Fwp%2Fv2%2Fcomments&post=90940"}],"version-history":[{"count":0,"href":"https:\/\/arantv.az\/index.php?rest_route=\/wp\/v2\/posts\/90940\/revisions"}],"wp:featuredmedia":[{"embeddable":true,"href":"https:\/\/arantv.az\/index.php?rest_route=\/wp\/v2\/media\/90943"}],"wp:attachment":[{"href":"https:\/\/arantv.az\/index.php?rest_route=%2Fwp%2Fv2%2Fmedia&parent=90940"}],"wp:term":[{"taxonomy":"category","embeddable":true,"href":"https:\/\/arantv.az\/index.php?rest_route=%2Fwp%2Fv2%2Fcategories&post=90940"},{"taxonomy":"post_tag","embeddable":true,"href":"https:\/\/arantv.az\/index.php?rest_route=%2Fwp%2Fv2%2Ftags&post=90940"}],"curies":[{"name":"wp","href":"https:\/\/api.w.org\/{rel}","templated":true}]}}