{"id":90951,"date":"2019-10-31T08:53:47","date_gmt":"2019-10-31T05:53:47","guid":{"rendered":"http:\/\/arantv.az\/?p=90951"},"modified":"2019-10-31T08:53:47","modified_gmt":"2019-10-31T05:53:47","slug":"nurm%c9%99h%c9%99mm%c9%99dovun-karyerasini-bitir%c9%99c%c9%99yi-tarix-aciqlandi","status":"publish","type":"post","link":"https:\/\/arantv.az\/?p=90951","title":{"rendered":"Nurm\u0259h\u0259mm\u0259dovun karyeras\u0131n\u0131 bitir\u0259c\u0259yi tarix a\u00e7\u0131qland\u0131"},"content":{"rendered":"<p>Rusiyal\u0131 MMA d\u00f6y\u00fc\u015f\u00e7\u00fcs\u00fc H\u0259bib Nurm\u0259h\u0259mm\u0259dov MMA karyeras\u0131n\u0131 iki v\u0259 ya \u00fc\u00e7 d\u00f6y\u00fc\u015fd\u0259n sonra ba\u015fa vurmal\u0131d\u0131r.<\/p>\n<p>Bu bar\u0259d\u0259 idman\u00e7\u0131n\u0131n atas\u0131 v\u0259 m\u0259\u015fq\u00e7isi Abdulmanap Nurm\u0259h\u0259mm\u0259dov \u201cFight Nights Global\u201d adl\u0131 \u201cYouTube\u201d kanal\u0131nda m\u0259lumat verib.<\/p>\n<div id=\"AdviadNativeVideo0\" class=\"AdviadNativeVideo\"><\/div>\n<p>Onun s\u00f6zl\u0259rin\u0259 g\u00f6r\u0259, Nurm\u0259h\u0259mm\u0259dovun n\u00f6vb\u0259ti r\u0259qibi Toni Ferqyuson\u00a0<a href=\"https:\/\/m.lenta.ru\/news\/2019\/10\/31\/nur\/?fbclid=IwAR0gZU8XIcGXH1VEo_eFj3xbnKN3rJ65nljv9euwxG5miXHofG6sA2lSWpo\" target=\"_blank\" rel=\"noopener\">olacaq<\/a>. O, bu d\u00f6y\u00fc\u015f\u00fcn UFC tarixind\u0259 \u0259n yax\u015f\u0131 d\u00f6y\u00fc\u015f olaca\u011f\u0131n\u0131 vur\u011fulay\u0131b.<\/p>\n<p>Qeyd ed\u0259k ki, Nurm\u0259h\u0259mm\u0259dovun aktivind\u0259 m\u0259\u011flubiyy\u0259tsiz 28 q\u0259l\u0259b\u0259 var.<\/p>\n","protected":false},"excerpt":{"rendered":"<p>Rusiyal\u0131 MMA d\u00f6y\u00fc\u015f\u00e7\u00fcs\u00fc H\u0259bib Nurm\u0259h\u0259mm\u0259dov MMA karyeras\u0131n\u0131 iki v\u0259 ya \u00fc\u00e7 d\u00f6y\u00fc\u015fd\u0259n sonra ba\u015fa vurmal\u0131d\u0131r. Bu bar\u0259d\u0259 idman\u00e7\u0131n\u0131n atas\u0131 v\u0259 m\u0259\u015fq\u00e7isi Abdulmanap Nurm\u0259h\u0259mm\u0259dov \u201cFight Nights Global\u201d adl\u0131 \u201cYouTube\u201d kanal\u0131nda m\u0259lumat verib. Onun s\u00f6zl\u0259rin\u0259 g\u00f6r\u0259, Nurm\u0259h\u0259mm\u0259dovun n\u00f6vb\u0259ti r\u0259qibi Toni Ferqyuson\u00a0olacaq. O, bu d\u00f6y\u00fc\u015f\u00fcn UFC tarixind\u0259 \u0259n yax\u015f\u0131 d\u00f6y\u00fc\u015f olaca\u011f\u0131n\u0131 vur\u011fulay\u0131b. Qeyd ed\u0259k ki, Nurm\u0259h\u0259mm\u0259dovun aktivind\u0259 m\u0259\u011flubiyy\u0259tsiz 28 q\u0259l\u0259b\u0259 var.<\/p>\n","protected":false},"author":2,"featured_media":90952,"comment_status":"closed","ping_status":"closed","sticky":false,"template":"","format":"standard","meta":{"om_disable_all_campaigns":false,"_monsterinsights_skip_tracking":false,"_monsterinsights_sitenote_active":false,"_monsterinsights_sitenote_note":"","_monsterinsights_sitenote_category":0},"categories":[6],"tags":[],"aioseo_notices":[],"gutentor_comment":0,"rttpg_featured_image_url":{"full":["https:\/\/arantv.az\/wp-content\/uploads\/2019\/10\/habib_nurmaqomedov_061018.jpg",620,432,false],"landscape":["https:\/\/arantv.az\/wp-content\/uploads\/2019\/10\/habib_nurmaqomedov_061018.jpg",620,432,false],"portraits":["https:\/\/arantv.az\/wp-content\/uploads\/2019\/10\/habib_nurmaqomedov_061018.jpg",620,432,false],"thumbnail":["https:\/\/arantv.az\/wp-content\/uploads\/2019\/10\/habib_nurmaqomedov_061018-150x150.jpg",150,150,true],"medium":["https:\/\/arantv.az\/wp-content\/uploads\/2019\/10\/habib_nurmaqomedov_061018-300x209.jpg",300,209,true],"large":["https:\/\/arantv.az\/wp-content\/uploads\/2019\/10\/habib_nurmaqomedov_061018.jpg",620,432,false],"1536x1536":["https:\/\/arantv.az\/wp-content\/uploads\/2019\/10\/habib_nurmaqomedov_061018.jpg",620,432,false],"2048x2048":["https:\/\/arantv.az\/wp-content\/uploads\/2019\/10\/habib_nurmaqomedov_061018.jpg",620,432,false],"post-thumbnail":["https:\/\/arantv.az\/wp-content\/uploads\/2019\/10\/habib_nurmaqomedov_061018-240x172.jpg",240,172,true],"advps-thumb-one":["https:\/\/arantv.az\/wp-content\/uploads\/2019\/10\/habib_nurmaqomedov_061018.jpg",620,432,false]},"rttpg_author":{"display_name":"V\u00fcsal Rafiqo\u011flu","author_link":"https:\/\/arantv.az\/?author=2"},"rttpg_comment":0,"rttpg_category":"<a href=\"https:\/\/arantv.az\/?cat=6\" rel=\"category\">\u0130dman<\/a>","rttpg_excerpt":"Rusiyal\u0131 MMA d\u00f6y\u00fc\u015f\u00e7\u00fcs\u00fc H\u0259bib Nurm\u0259h\u0259mm\u0259dov MMA karyeras\u0131n\u0131 iki v\u0259 ya \u00fc\u00e7 d\u00f6y\u00fc\u015fd\u0259n sonra ba\u015fa vurmal\u0131d\u0131r. Bu bar\u0259d\u0259 idman\u00e7\u0131n\u0131n atas\u0131 v\u0259 m\u0259\u015fq\u00e7isi Abdulmanap Nurm\u0259h\u0259mm\u0259dov \u201cFight Nights Global\u201d adl\u0131 \u201cYouTube\u201d kanal\u0131nda m\u0259lumat verib. Onun s\u00f6zl\u0259rin\u0259 g\u00f6r\u0259, Nurm\u0259h\u0259mm\u0259dovun n\u00f6vb\u0259ti r\u0259qibi Toni Ferqyuson\u00a0olacaq. O, bu d\u00f6y\u00fc\u015f\u00fcn UFC tarixind\u0259 \u0259n yax\u015f\u0131 d\u00f6y\u00fc\u015f olaca\u011f\u0131n\u0131 vur\u011fulay\u0131b. Qeyd ed\u0259k ki, Nurm\u0259h\u0259mm\u0259dovun aktivind\u0259 m\u0259\u011flubiyy\u0259tsiz&hellip;","_links":{"self":[{"href":"https:\/\/arantv.az\/index.php?rest_route=\/wp\/v2\/posts\/90951"}],"collection":[{"href":"https:\/\/arantv.az\/index.php?rest_route=\/wp\/v2\/posts"}],"about":[{"href":"https:\/\/arantv.az\/index.php?rest_route=\/wp\/v2\/types\/post"}],"author":[{"embeddable":true,"href":"https:\/\/arantv.az\/index.php?rest_route=\/wp\/v2\/users\/2"}],"replies":[{"embeddable":true,"href":"https:\/\/arantv.az\/index.php?rest_route=%2Fwp%2Fv2%2Fcomments&post=90951"}],"version-history":[{"count":0,"href":"https:\/\/arantv.az\/index.php?rest_route=\/wp\/v2\/posts\/90951\/revisions"}],"wp:featuredmedia":[{"embeddable":true,"href":"https:\/\/arantv.az\/index.php?rest_route=\/wp\/v2\/media\/90952"}],"wp:attachment":[{"href":"https:\/\/arantv.az\/index.php?rest_route=%2Fwp%2Fv2%2Fmedia&parent=90951"}],"wp:term":[{"taxonomy":"category","embeddable":true,"href":"https:\/\/arantv.az\/index.php?rest_route=%2Fwp%2Fv2%2Fcategories&post=90951"},{"taxonomy":"post_tag","embeddable":true,"href":"https:\/\/arantv.az\/index.php?rest_route=%2Fwp%2Fv2%2Ftags&post=90951"}],"curies":[{"name":"wp","href":"https:\/\/api.w.org\/{rel}","templated":true}]}}