{"id":90955,"date":"2019-10-31T08:56:07","date_gmt":"2019-10-31T05:56:07","guid":{"rendered":"http:\/\/arantv.az\/?p=90955"},"modified":"2019-10-31T08:56:07","modified_gmt":"2019-10-31T05:56:07","slug":"elmar-m%c9%99mm%c9%99dyarov-avropa-ittifaqinin-xususi-numay%c9%99nd%c9%99si-il%c9%99-gorusub","status":"publish","type":"post","link":"https:\/\/arantv.az\/?p=90955","title":{"rendered":"Elmar M\u0259mm\u0259dyarov Avropa \u0130ttifaq\u0131n\u0131n x\u00fcsusi n\u00fcmay\u0259nd\u0259si il\u0259 g\u00f6r\u00fc\u015f\u00fcb"},"content":{"rendered":"<p><strong>Az\u0259rbaycan Xarici \u0130\u015fl\u0259r naziri Elmar M\u0259mm\u0259dyarov Avropa \u0130ttifaq\u0131n\u0131n C\u0259nubi Qafqaz v\u0259 G\u00fcrc\u00fcstan b\u00f6hran\u0131 \u00fczr\u0259 x\u00fcsusi n\u00fcmay\u0259nd\u0259si Toivo Klaar il\u0259 g\u00f6r\u00fc\u015f\u00fcb.<\/strong><\/p>\n<p><strong>ARANTV.AZ<\/strong> bildirir ki,\u00a0T.Klaar Az\u0259rbaycan\u0131n Qo\u015fulmama H\u0259r\u0259kat\u0131n\u0131n XVIII Zirv\u0259 G\u00f6r\u00fc\u015f\u00fcn\u0259 y\u00fcks\u0259k s\u0259viyy\u0259d\u0259 ev sahibliyi etm\u0259sin\u0259 g\u00f6r\u0259 t\u0259brikl\u0259rini \u00e7atd\u0131r\u0131b.<\/p>\n<p>Nazir Elmar M\u0259mm\u0259dyarov Qo\u015fulmama H\u0259r\u0259kat\u0131n\u0131n Bak\u0131 Zirv\u0259sinin yekun s\u0259n\u0259dind\u0259 Erm\u0259nistan-Az\u0259rbaycan m\u00fcnaqi\u015f\u0259sinin h\u0259lli il\u0259 ba\u011fl\u0131 q\u0259bul edilmi\u015f m\u00fcdd\u0259an\u0131n \u0259h\u0259miyy\u0259tini vur\u011fulayaraq, m\u00fcnaqi\u015f\u0259nin Az\u0259rbaycan\u0131n \u0259razi b\u00fct\u00f6vl\u00fcy\u00fc v\u0259 beyn\u0259lxalq s\u0259viyy\u0259d\u0259 tan\u0131nm\u0131\u015f s\u0259rh\u0259dl\u0259rinin toxunulmazl\u0131\u011f\u0131 \u0259sas\u0131nda h\u0259llinin, \u0259razil\u0259rimizin i\u015f\u011fal\u0131 n\u0259tic\u0259sind\u0259 yaranm\u0131\u015f v\u0259ziyy\u0259tin qanuniliyinin tan\u0131nmamas\u0131 v\u0259 iqtisadi f\u0259aliyy\u0259t d\u0259 daxil olmaqla bu durumun saxlan\u0131lmas\u0131na h\u0259r hans\u0131 d\u0259st\u0259yin g\u00f6st\u0259rilm\u0259m\u0259si m\u00f6vqeyinin 120 d\u00f6vl\u0259t, y\u0259ni, beyn\u0259lxalq ictimaiyy\u0259tin \u00fc\u00e7d\u0259 ikisi t\u0259r\u0259find\u0259n d\u0259st\u0259kl\u0259ndiyini qeyd edib.<\/p>\n<p>Nazir Erm\u0259nistan-Az\u0259rbaycan Da\u011fl\u0131q Qaraba\u011f m\u00fcnaqi\u015f\u0259sinin h\u0259lli prosesinin haz\u0131rk\u0131 durumu bar\u0259d\u0259 qar\u015f\u0131 t\u0259r\u0259f\u0259 m\u0259lumat verib. E.M\u0259mm\u0259dyarov m\u00fcnaqi\u015f\u0259nin beyn\u0259lxalq ictimaiyy\u0259tin t\u0259l\u0259bin\u0259 uy\u011fun olaraq, Az\u0259rbaycan\u0131n beyn\u0259lxalq tan\u0131nm\u0131\u015f s\u0259rh\u0259dl\u0259ri \u00e7\u0259r\u00e7iv\u0259sind\u0259 \u0259razi b\u00fct\u00f6vl\u00fcy\u00fc \u0259sas\u0131nda h\u0259ll olunmas\u0131n\u0131n vacibliyini qeyd edib.<\/p>\n<p>T\u0259r\u0259fl\u0259r, h\u0259m\u00e7inin qar\u015f\u0131l\u0131ql\u0131 maraq do\u011furan dig\u0259r m\u0259s\u0259l\u0259l\u0259r \u0259traf\u0131nda m\u00fczakir\u0259l\u0259r apar\u0131b.<\/p>\n","protected":false},"excerpt":{"rendered":"<p>Az\u0259rbaycan Xarici \u0130\u015fl\u0259r naziri Elmar M\u0259mm\u0259dyarov Avropa \u0130ttifaq\u0131n\u0131n C\u0259nubi Qafqaz v\u0259 G\u00fcrc\u00fcstan b\u00f6hran\u0131 \u00fczr\u0259 x\u00fcsusi n\u00fcmay\u0259nd\u0259si Toivo Klaar il\u0259 g\u00f6r\u00fc\u015f\u00fcb. ARANTV.AZ bildirir ki,\u00a0T.Klaar Az\u0259rbaycan\u0131n Qo\u015fulmama H\u0259r\u0259kat\u0131n\u0131n XVIII Zirv\u0259 G\u00f6r\u00fc\u015f\u00fcn\u0259 y\u00fcks\u0259k s\u0259viyy\u0259d\u0259 ev sahibliyi etm\u0259sin\u0259 g\u00f6r\u0259 t\u0259brikl\u0259rini \u00e7atd\u0131r\u0131b. Nazir Elmar M\u0259mm\u0259dyarov Qo\u015fulmama H\u0259r\u0259kat\u0131n\u0131n Bak\u0131 Zirv\u0259sinin yekun s\u0259n\u0259dind\u0259 Erm\u0259nistan-Az\u0259rbaycan m\u00fcnaqi\u015f\u0259sinin h\u0259lli il\u0259 ba\u011fl\u0131 q\u0259bul edilmi\u015f m\u00fcdd\u0259an\u0131n \u0259h\u0259miyy\u0259tini vur\u011fulayaraq, m\u00fcnaqi\u015f\u0259nin Az\u0259rbaycan\u0131n \u0259razi b\u00fct\u00f6vl\u00fcy\u00fc v\u0259 beyn\u0259lxalq s\u0259viyy\u0259d\u0259 tan\u0131nm\u0131\u015f s\u0259rh\u0259dl\u0259rinin toxunulmazl\u0131\u011f\u0131 \u0259sas\u0131nda h\u0259llinin, \u0259razil\u0259rimizin i\u015f\u011fal\u0131 n\u0259tic\u0259sind\u0259 yaranm\u0131\u015f v\u0259ziyy\u0259tin qanuniliyinin tan\u0131nmamas\u0131 v\u0259 iqtisadi f\u0259aliyy\u0259t d\u0259 daxil olmaqla bu durumun saxlan\u0131lmas\u0131na h\u0259r hans\u0131 d\u0259st\u0259yin g\u00f6st\u0259rilm\u0259m\u0259si m\u00f6vqeyinin 120&hellip;<\/p>\n","protected":false},"author":2,"featured_media":90956,"comment_status":"closed","ping_status":"closed","sticky":false,"template":"","format":"standard","meta":{"om_disable_all_campaigns":false,"_monsterinsights_skip_tracking":false,"_monsterinsights_sitenote_active":false,"_monsterinsights_sitenote_note":"","_monsterinsights_sitenote_category":0},"categories":[19],"tags":[],"aioseo_notices":[],"gutentor_comment":0,"rttpg_featured_image_url":{"full":["https:\/\/arantv.az\/wp-content\/uploads\/2019\/10\/798456.jpg",800,600,false],"landscape":["https:\/\/arantv.az\/wp-content\/uploads\/2019\/10\/798456.jpg",800,600,false],"portraits":["https:\/\/arantv.az\/wp-content\/uploads\/2019\/10\/798456.jpg",800,600,false],"thumbnail":["https:\/\/arantv.az\/wp-content\/uploads\/2019\/10\/798456-150x150.jpg",150,150,true],"medium":["https:\/\/arantv.az\/wp-content\/uploads\/2019\/10\/798456-300x225.jpg",300,225,true],"large":["https:\/\/arantv.az\/wp-content\/uploads\/2019\/10\/798456.jpg",640,480,false],"1536x1536":["https:\/\/arantv.az\/wp-content\/uploads\/2019\/10\/798456.jpg",800,600,false],"2048x2048":["https:\/\/arantv.az\/wp-content\/uploads\/2019\/10\/798456.jpg",800,600,false],"post-thumbnail":["https:\/\/arantv.az\/wp-content\/uploads\/2019\/10\/798456-240x172.jpg",240,172,true],"advps-thumb-one":["https:\/\/arantv.az\/wp-content\/uploads\/2019\/10\/798456.jpg",800,600,false]},"rttpg_author":{"display_name":"V\u00fcsal Rafiqo\u011flu","author_link":"https:\/\/arantv.az\/?author=2"},"rttpg_comment":0,"rttpg_category":"<a href=\"https:\/\/arantv.az\/?cat=19\" rel=\"category\">G\u00fcnd\u0259m<\/a>","rttpg_excerpt":"Az\u0259rbaycan Xarici \u0130\u015fl\u0259r naziri Elmar M\u0259mm\u0259dyarov Avropa \u0130ttifaq\u0131n\u0131n C\u0259nubi Qafqaz v\u0259 G\u00fcrc\u00fcstan b\u00f6hran\u0131 \u00fczr\u0259 x\u00fcsusi n\u00fcmay\u0259nd\u0259si Toivo Klaar il\u0259 g\u00f6r\u00fc\u015f\u00fcb. ARANTV.AZ bildirir ki,\u00a0T.Klaar Az\u0259rbaycan\u0131n Qo\u015fulmama H\u0259r\u0259kat\u0131n\u0131n XVIII Zirv\u0259 G\u00f6r\u00fc\u015f\u00fcn\u0259 y\u00fcks\u0259k s\u0259viyy\u0259d\u0259 ev sahibliyi etm\u0259sin\u0259 g\u00f6r\u0259 t\u0259brikl\u0259rini \u00e7atd\u0131r\u0131b. Nazir Elmar M\u0259mm\u0259dyarov Qo\u015fulmama H\u0259r\u0259kat\u0131n\u0131n Bak\u0131 Zirv\u0259sinin yekun s\u0259n\u0259dind\u0259 Erm\u0259nistan-Az\u0259rbaycan m\u00fcnaqi\u015f\u0259sinin h\u0259lli il\u0259 ba\u011fl\u0131 q\u0259bul edilmi\u015f m\u00fcdd\u0259an\u0131n \u0259h\u0259miyy\u0259tini&hellip;","_links":{"self":[{"href":"https:\/\/arantv.az\/index.php?rest_route=\/wp\/v2\/posts\/90955"}],"collection":[{"href":"https:\/\/arantv.az\/index.php?rest_route=\/wp\/v2\/posts"}],"about":[{"href":"https:\/\/arantv.az\/index.php?rest_route=\/wp\/v2\/types\/post"}],"author":[{"embeddable":true,"href":"https:\/\/arantv.az\/index.php?rest_route=\/wp\/v2\/users\/2"}],"replies":[{"embeddable":true,"href":"https:\/\/arantv.az\/index.php?rest_route=%2Fwp%2Fv2%2Fcomments&post=90955"}],"version-history":[{"count":0,"href":"https:\/\/arantv.az\/index.php?rest_route=\/wp\/v2\/posts\/90955\/revisions"}],"wp:featuredmedia":[{"embeddable":true,"href":"https:\/\/arantv.az\/index.php?rest_route=\/wp\/v2\/media\/90956"}],"wp:attachment":[{"href":"https:\/\/arantv.az\/index.php?rest_route=%2Fwp%2Fv2%2Fmedia&parent=90955"}],"wp:term":[{"taxonomy":"category","embeddable":true,"href":"https:\/\/arantv.az\/index.php?rest_route=%2Fwp%2Fv2%2Fcategories&post=90955"},{"taxonomy":"post_tag","embeddable":true,"href":"https:\/\/arantv.az\/index.php?rest_route=%2Fwp%2Fv2%2Ftags&post=90955"}],"curies":[{"name":"wp","href":"https:\/\/api.w.org\/{rel}","templated":true}]}}