{"id":90965,"date":"2019-10-31T09:38:19","date_gmt":"2019-10-31T06:38:19","guid":{"rendered":"http:\/\/arantv.az\/?p=90965"},"modified":"2019-10-31T09:38:19","modified_gmt":"2019-10-31T06:38:19","slug":"mehriban-%c9%99liyevanin-tapsirigi-il%c9%99-%c9%99bulf%c9%99z-elcib%c9%99yin-evi-t%c9%99mir-edildi-foto","status":"publish","type":"post","link":"https:\/\/arantv.az\/?p=90965","title":{"rendered":"Mehriban \u018fliyevan\u0131n tap\u015f\u0131r\u0131\u011f\u0131 il\u0259 \u018fb\u00fclf\u0259z El\u00e7ib\u0259yin evi t\u0259mir edildi &#8211; FOTO"},"content":{"rendered":"<p>Az\u0259rbaycan\u0131n Birinci vitse-prezidenti Mehriban \u018fliyevan\u0131n tap\u015f\u0131r\u0131\u011f\u0131 il\u0259 Az\u0259rbaycan\u0131n eks-prezidenti \u018fb\u00fclf\u0259z El\u00e7ib\u0259yin evi t\u0259mir edilib.<\/p>\n<p><strong>ARANTV.AZ<\/strong>-\u0131n m\u0259lumat\u0131na g\u00f6r\u0259, El\u00e7ib\u0259yin o\u011flu \u018frturqut \u018fliyev Birinci vitse-prezident Mehriban \u018fliyevaya t\u0259\u015f\u0259kk\u00fcr edib:<\/p>\n<p>\u201cAz\u0259rbaycan\u0131n Birinci vitse-prezidenti Mehriban \u018fliyevaya t\u0259\u015f\u0259kk\u00fcr\u00fcm\u00fcz\u00fc bildirir\u0259m. Bizim ya\u015fad\u0131\u011f\u0131m\u0131z evin t\u0259miri il\u0259 ba\u011fl\u0131 m\u00fcraci\u0259t \u00f6z h\u0259llini tapd\u0131 v\u0259 yax\u0131n g\u00fcnl\u0259rd\u0259 t\u0259mir olunan evimiz\u0259 yerl\u0259\u015f\u0259c\u0259yik\u201d.<\/p>\n<div id=\"AdviadNativeVideo0\" class=\"AdviadNativeVideo\"><\/div>\n<p>Qeyd ed\u0259k ki, \u018fb\u00fclf\u0259z El\u00e7ib\u0259yin h\u0259yat yolda\u015f\u0131 H\u0259lim\u0259 \u018fliyeva v\u0259fat\u0131ndan bir q\u0259d\u0259r \u0259vv\u0259l Birinci vitse-prezident Mehriban \u018fliyevaya Bin\u0259q\u0259di rayonu, R\u0259sulzad\u0259 q\u0259s\u0259b\u0259sind\u0259 yerl\u0259\u015f\u0259n evl\u0259rinin t\u0259miri il\u0259 ba\u011fl\u0131 m\u00fcraci\u0259t \u00fcnvanlay\u0131b.<\/p>\n<p>Mehriban \u018fliyevan\u0131n tap\u015f\u0131r\u0131\u011f\u0131na \u0259sas\u0259n, Heyd\u0259r \u018fliyev Fondu t\u0259r\u0259find\u0259n evd\u0259 yenid\u0259nqurma v\u0259 t\u0259mir i\u015fl\u0259ri h\u0259yata ke\u00e7irib. \u0130ki m\u0259rt\u0259b\u0259 v\u0259 mansardan ibar\u0259t ya\u015fay\u0131\u015f evind\u0259, h\u0259m\u00e7inin kanalizasiya, i\u015f\u0131q v\u0259 su sistemi tamamil\u0259 yenil\u0259nib. Ya\u015fay\u0131\u015f evinin yerl\u0259\u015fdiyi h\u0259y\u0259tyan\u0131 sah\u0259 abadla\u015fd\u0131r\u0131l\u0131b.<\/p>\n<p>Heyd\u0259r \u018fliyev Fondu yay\u0131lan m\u0259lumat\u0131 t\u0259sdiql\u0259y\u0259r\u0259k art\u0131q t\u0259mir i\u015fl\u0259rinin ba\u015fa \u00e7atd\u0131\u011f\u0131n\u0131 qeyd edib.<\/p>\n<div class=\"gallery\">\n<div class=\"gallery-i\"><img src=\"https:\/\/assets.oxu.az\/uploads\/W1siZiIsIjIwMTkvMTAvMzEvMTAvMjEvNDEvY2U0YTljMjgtZjQ1Yy00YjYwLWIwNmItYzE0N2M1MTViZGM3L2hvdXNlXzMxMTAxOS5qcGciXSxbInAiLCJlbmNvZGUiLCJqcGciLCItcXVhbGl0eSA4MCJdLFsicCIsInRodW1iIiwiNTkweDU5MFx1MDAzZSJdXQ?sha=f183a119a47aafe7\" alt=\"\" \/><\/div>\n<\/div>\n<div>Trend<\/div>\n","protected":false},"excerpt":{"rendered":"<p>Az\u0259rbaycan\u0131n Birinci vitse-prezidenti Mehriban \u018fliyevan\u0131n tap\u015f\u0131r\u0131\u011f\u0131 il\u0259 Az\u0259rbaycan\u0131n eks-prezidenti \u018fb\u00fclf\u0259z El\u00e7ib\u0259yin evi t\u0259mir edilib. ARANTV.AZ-\u0131n m\u0259lumat\u0131na g\u00f6r\u0259, El\u00e7ib\u0259yin o\u011flu \u018frturqut \u018fliyev Birinci vitse-prezident Mehriban \u018fliyevaya t\u0259\u015f\u0259kk\u00fcr edib: \u201cAz\u0259rbaycan\u0131n Birinci vitse-prezidenti Mehriban \u018fliyevaya t\u0259\u015f\u0259kk\u00fcr\u00fcm\u00fcz\u00fc bildirir\u0259m. Bizim ya\u015fad\u0131\u011f\u0131m\u0131z evin t\u0259miri il\u0259 ba\u011fl\u0131 m\u00fcraci\u0259t \u00f6z h\u0259llini tapd\u0131 v\u0259 yax\u0131n g\u00fcnl\u0259rd\u0259 t\u0259mir olunan evimiz\u0259 yerl\u0259\u015f\u0259c\u0259yik\u201d. Qeyd ed\u0259k ki, \u018fb\u00fclf\u0259z El\u00e7ib\u0259yin h\u0259yat yolda\u015f\u0131 H\u0259lim\u0259 \u018fliyeva v\u0259fat\u0131ndan bir q\u0259d\u0259r \u0259vv\u0259l Birinci vitse-prezident Mehriban \u018fliyevaya Bin\u0259q\u0259di rayonu, R\u0259sulzad\u0259 q\u0259s\u0259b\u0259sind\u0259 yerl\u0259\u015f\u0259n evl\u0259rinin t\u0259miri il\u0259 ba\u011fl\u0131 m\u00fcraci\u0259t \u00fcnvanlay\u0131b. Mehriban \u018fliyevan\u0131n tap\u015f\u0131r\u0131\u011f\u0131na \u0259sas\u0259n, Heyd\u0259r \u018fliyev Fondu t\u0259r\u0259find\u0259n evd\u0259 yenid\u0259nqurma v\u0259&hellip;<\/p>\n","protected":false},"author":2,"featured_media":90966,"comment_status":"closed","ping_status":"closed","sticky":false,"template":"","format":"standard","meta":{"om_disable_all_campaigns":false,"_monsterinsights_skip_tracking":false,"_monsterinsights_sitenote_active":false,"_monsterinsights_sitenote_note":"","_monsterinsights_sitenote_category":0},"categories":[4],"tags":[],"aioseo_notices":[],"gutentor_comment":0,"rttpg_featured_image_url":{"full":["https:\/\/arantv.az\/wp-content\/uploads\/2019\/10\/Mehriban-Aliyeva-.jpg",620,400,false],"landscape":["https:\/\/arantv.az\/wp-content\/uploads\/2019\/10\/Mehriban-Aliyeva-.jpg",620,400,false],"portraits":["https:\/\/arantv.az\/wp-content\/uploads\/2019\/10\/Mehriban-Aliyeva-.jpg",620,400,false],"thumbnail":["https:\/\/arantv.az\/wp-content\/uploads\/2019\/10\/Mehriban-Aliyeva--150x150.jpg",150,150,true],"medium":["https:\/\/arantv.az\/wp-content\/uploads\/2019\/10\/Mehriban-Aliyeva--300x194.jpg",300,194,true],"large":["https:\/\/arantv.az\/wp-content\/uploads\/2019\/10\/Mehriban-Aliyeva-.jpg",620,400,false],"1536x1536":["https:\/\/arantv.az\/wp-content\/uploads\/2019\/10\/Mehriban-Aliyeva-.jpg",620,400,false],"2048x2048":["https:\/\/arantv.az\/wp-content\/uploads\/2019\/10\/Mehriban-Aliyeva-.jpg",620,400,false],"post-thumbnail":["https:\/\/arantv.az\/wp-content\/uploads\/2019\/10\/Mehriban-Aliyeva--240x172.jpg",240,172,true],"advps-thumb-one":["https:\/\/arantv.az\/wp-content\/uploads\/2019\/10\/Mehriban-Aliyeva-.jpg",620,400,false]},"rttpg_author":{"display_name":"V\u00fcsal Rafiqo\u011flu","author_link":"https:\/\/arantv.az\/?author=2"},"rttpg_comment":0,"rttpg_category":"<a href=\"https:\/\/arantv.az\/?cat=4\" rel=\"category\">Siyas\u0259t<\/a>","rttpg_excerpt":"Az\u0259rbaycan\u0131n Birinci vitse-prezidenti Mehriban \u018fliyevan\u0131n tap\u015f\u0131r\u0131\u011f\u0131 il\u0259 Az\u0259rbaycan\u0131n eks-prezidenti \u018fb\u00fclf\u0259z El\u00e7ib\u0259yin evi t\u0259mir edilib. ARANTV.AZ-\u0131n m\u0259lumat\u0131na g\u00f6r\u0259, El\u00e7ib\u0259yin o\u011flu \u018frturqut \u018fliyev Birinci vitse-prezident Mehriban \u018fliyevaya t\u0259\u015f\u0259kk\u00fcr edib: \u201cAz\u0259rbaycan\u0131n Birinci vitse-prezidenti Mehriban \u018fliyevaya t\u0259\u015f\u0259kk\u00fcr\u00fcm\u00fcz\u00fc bildirir\u0259m. Bizim ya\u015fad\u0131\u011f\u0131m\u0131z evin t\u0259miri il\u0259 ba\u011fl\u0131 m\u00fcraci\u0259t \u00f6z h\u0259llini tapd\u0131 v\u0259 yax\u0131n g\u00fcnl\u0259rd\u0259 t\u0259mir olunan evimiz\u0259 yerl\u0259\u015f\u0259c\u0259yik\u201d. Qeyd ed\u0259k ki, \u018fb\u00fclf\u0259z&hellip;","_links":{"self":[{"href":"https:\/\/arantv.az\/index.php?rest_route=\/wp\/v2\/posts\/90965"}],"collection":[{"href":"https:\/\/arantv.az\/index.php?rest_route=\/wp\/v2\/posts"}],"about":[{"href":"https:\/\/arantv.az\/index.php?rest_route=\/wp\/v2\/types\/post"}],"author":[{"embeddable":true,"href":"https:\/\/arantv.az\/index.php?rest_route=\/wp\/v2\/users\/2"}],"replies":[{"embeddable":true,"href":"https:\/\/arantv.az\/index.php?rest_route=%2Fwp%2Fv2%2Fcomments&post=90965"}],"version-history":[{"count":0,"href":"https:\/\/arantv.az\/index.php?rest_route=\/wp\/v2\/posts\/90965\/revisions"}],"wp:featuredmedia":[{"embeddable":true,"href":"https:\/\/arantv.az\/index.php?rest_route=\/wp\/v2\/media\/90966"}],"wp:attachment":[{"href":"https:\/\/arantv.az\/index.php?rest_route=%2Fwp%2Fv2%2Fmedia&parent=90965"}],"wp:term":[{"taxonomy":"category","embeddable":true,"href":"https:\/\/arantv.az\/index.php?rest_route=%2Fwp%2Fv2%2Fcategories&post=90965"},{"taxonomy":"post_tag","embeddable":true,"href":"https:\/\/arantv.az\/index.php?rest_route=%2Fwp%2Fv2%2Ftags&post=90965"}],"curies":[{"name":"wp","href":"https:\/\/api.w.org\/{rel}","templated":true}]}}