{"id":90977,"date":"2019-10-31T09:42:17","date_gmt":"2019-10-31T06:42:17","guid":{"rendered":"http:\/\/arantv.az\/?p=90977"},"modified":"2019-10-31T09:42:17","modified_gmt":"2019-10-31T06:42:17","slug":"primakovla-bagli-s%c9%99rgi-hidd%c9%99t-dogurdu-baki-slavyan-universiteti-d%c9%99-ona-qucaq-acib","status":"publish","type":"post","link":"https:\/\/arantv.az\/?p=90977","title":{"rendered":"Primakovla ba\u011fl\u0131 s\u0259rgi hidd\u0259t do\u011furdu &#8211; Bak\u0131 Slavyan Universiteti d\u0259 ona \u201cqucaq a\u00e7\u0131b\u201d"},"content":{"rendered":"<p>Oktyabr\u0131n 29-da Rusiyan\u0131n ictimai-siyasi xadimi Yevgeni Primakovun 90 illiyin\u0259 h\u0259sr olunmu\u015f s\u0259rgi ke\u00e7irilib.<\/p>\n<p>Bu, Az\u0259rbaycan ictimaiyy\u0259tind\u0259 naraz\u0131l\u0131qla qar\u015f\u0131lan\u0131b. Etiraz\u0131n mahiyy\u0259ti is\u0259 yax\u0131n tarixin unudulmamas\u0131 v\u0259 Y.Primakovun Az\u0259rbaycan xalq\u0131n\u0131n yadda\u015f\u0131nda buraxd\u0131\u011f\u0131 izl\u0259 ba\u011fl\u0131d\u0131r.<\/p>\n<p>Y.Primakov Az\u0259rbaycan ictimai-siyasi dair\u0259l\u0259rind\u0259 birm\u0259nal\u0131 qar\u015f\u0131lanm\u0131r, o, daha \u00e7ox m\u0259nfi obrazl\u0131 \u015f\u0259xs kimi yadda\u015flarda qal\u0131b.<\/p>\n<div id=\"AdviadNativeVideo0\" class=\"AdviadNativeVideo\"><\/div>\n<p><img src=\"https:\/\/assets.oxu.az\/uploads\/W1siZiIsIjIwMTkvMTAvMzEvMDkvNTgvNTgvNmEwY2I4NTEtMmZjOS00ZjkwLWE2ZmYtYTgyMTk0OTYzYTY3L2NvbXByZXNzZWRfZmlsZSAoMykuanBlZyJdLFsicCIsImVuY29kZSIsImpwZyIsIi1xdWFsaXR5IDgwIl0sWyJwIiwidGh1bWIiLCI1OTB4NTkwXHUwMDNlIl1d?sha=f735c8e4440fcdf9\" \/><\/p>\n<p>S\u0259rgi Bak\u0131da Rusiya \u0130nformasiya-M\u0259d\u0259niyy\u0259t M\u0259rk\u0259zind\u0259 ke\u00e7irilib. S\u0259rgid\u0259 Rusiya Xarici \u0130\u015fl\u0259r Nazirliyinin arxivind\u0259n s\u0259n\u0259dl\u0259r v\u0259 foto\u015f\u0259kill\u0259r t\u0259qdim olunub.<\/p>\n<p>S\u0259rgi \u201cYevgeni Primakov: \u0130nsan v\u0259 siyas\u0259t\u00e7i\u201d ad\u0131 il\u0259 t\u0259qdim edilib.<\/p>\n<p>Y.Primakov Rusiyan\u0131n Xarici K\u0259\u015ffiyyat Xidm\u0259tinin direktoru (1991-1996), Xarici \u0130\u015fl\u0259r naziri (1996-1998) v\u0259 Ba\u015f nazir (1998-1999) i\u015fl\u0259yib. O, 2015-ci ild\u0259 v\u0259fat edib.<\/p>\n<p>Y.Primakov 1990-c\u0131 ilin 20 Yanvar\u0131nda Bak\u0131ya sovet qo\u015funlar\u0131n\u0131n yeridilm\u0259sini SSR\u0130 M\u00fcdafi\u0259 naziri Yazovla birg\u0259 h\u0259yata ke\u00e7ir\u0259n \u015f\u0259xsdir.<\/p>\n<p><img src=\"https:\/\/assets.oxu.az\/uploads\/W1siZiIsIjIwMTkvMTAvMzEvMDkvNTgvNTkvZGM1ZWI4NDQtMzRkYS00ODBkLTgwZTAtMzFjOGEwZjk3OWVmL2NvbXByZXNzZWRfZmlsZS5qcGVnIl0sWyJwIiwiZW5jb2RlIiwianBnIiwiLXF1YWxpdHkgODAiXSxbInAiLCJ0aHVtYiIsIjU5MHg1OTBcdTAwM2UiXV0?sha=a6d69a07e73a092b\" \/><\/p>\n<p>Az\u0259rbaycan ictimaiyy\u0259tind\u0259 \u0259sas naraz\u0131l\u0131q yaradan da Y.Primakovun 20 Yanvar q\u0131r\u011f\u0131n\u0131n\u0131n \u0259sas t\u0259\u015fkilat\u00e7\u0131lar\u0131ndan biri olmas\u0131d\u0131r. Y.Primakov 1990-c\u0131 ilin yanvar\u0131nda Kremlin Az\u0259rbaycanda n\u00fcmay\u0259nd\u0259si idi.<\/p>\n<p>S\u0259rgid\u0259n bir ne\u00e7\u0259 g\u00fcn \u00f6nc\u0259 is\u0259 Rusiya Federasiyas\u0131n\u0131n Az\u0259rbaycandak\u0131 s\u0259firliyinin t\u0259\u015f\u0259bb\u00fcs\u00fc il\u0259 Y.Primakovun 90 illik yubileyi v\u0259 onun XX-XXI \u0259srin qovu\u015fu\u011funda beyn\u0259lxalq m\u00fcnasib\u0259tl\u0259rd\u0259 rolu il\u0259 ba\u011fl\u0131\u00a0esse m\u00fcsabiq\u0259si ke\u00e7irilib.<\/p>\n<p>Rusiyan\u0131n Az\u0259rbaycandak\u0131 s\u0259firi Mixail Bo\u00e7arnikov oktyabr\u0131n 15-d\u0259 esse m\u00fcsabiq\u0259sinin qalibi olmu\u015f t\u0259l\u0259b\u0259l\u0259ri \u2013 Ayg\u00fcl Mirzoyeva, Ruzana \u018fliyeva, Sarana B\u0259d\u0259lova, K\u0259mal\u0259 Qas\u0131mova v\u0259 Aliy\u0259 Mamalovan\u0131 q\u0259bul edib.<\/p>\n<p>H\u0259min t\u0259l\u0259b\u0259l\u0259r Bak\u0131 Slavyan Universitetinin beyn\u0259lxalq m\u00fcnasib\u0259tl\u0259r, region\u015f\u00fcnasl\u0131q v\u0259 jurnalistika fak\u00fclt\u0259l\u0259rind\u0259 t\u0259hsil al\u0131rlar.<\/p>\n<p>G\u00f6r\u00fc\u015fd\u0259 universitetin elmi i\u015fl\u0259r \u00fczr\u0259 prorektoru, professor Rafiq Novruzov, beyn\u0259lxalq m\u00fcnasib\u0259tl\u0259r, region\u015f\u00fcnasl\u0131q v\u0259 jurnalistika fak\u00fclt\u0259sinin dekan\u0131, dosent \u015eirinb\u0259y \u018fliyev d\u0259 i\u015ftirak edibl\u0259r. Ayg\u00fcl Mirzoyeva esse m\u00fcsabiq\u0259sind\u0259 birinci yer\u0259 layiq g\u00f6r\u00fcl\u00fcb.<\/p>\n<p>Bak\u0131 Slavyan Universitetinin d\u0259 Primakova \u201cqucaq a\u00e7mas\u0131\u201d hidd\u0259t do\u011furub.<\/p>\n<p><img src=\"https:\/\/assets.oxu.az\/uploads\/W1siZiIsIjIwMTkvMTAvMzEvMTAvMTMvNDUvMWExNTU0ZWUtYWNiMS00MzViLWIxMjQtNzczMjQ2MWMwOGExLzIuanBnIl0sWyJwIiwiZW5jb2RlIiwianBnIiwiLXF1YWxpdHkgODAiXSxbInAiLCJ0aHVtYiIsIjU5MHg1OTBcdTAwM2UiXV0?sha=7ccffbf6e2b6d74f\" \/><\/p>\n<p><img src=\"https:\/\/assets.oxu.az\/uploads\/W1siZiIsIjIwMTkvMTAvMzEvMTAvMTMvNDUvZjk4YTViNTgtNmUzOS00NzQ3LThlNzItNWI2Zjc0N2FlOGFhLzEuanBnIl0sWyJwIiwiZW5jb2RlIiwianBnIiwiLXF1YWxpdHkgODAiXSxbInAiLCJ0aHVtYiIsIjU5MHg1OTBcdTAwM2UiXV0?sha=7fb4421f957f417f\" \/><\/p>\n","protected":false},"excerpt":{"rendered":"<p>Oktyabr\u0131n 29-da Rusiyan\u0131n ictimai-siyasi xadimi Yevgeni Primakovun 90 illiyin\u0259 h\u0259sr olunmu\u015f s\u0259rgi ke\u00e7irilib. Bu, Az\u0259rbaycan ictimaiyy\u0259tind\u0259 naraz\u0131l\u0131qla qar\u015f\u0131lan\u0131b. Etiraz\u0131n mahiyy\u0259ti is\u0259 yax\u0131n tarixin unudulmamas\u0131 v\u0259 Y.Primakovun Az\u0259rbaycan xalq\u0131n\u0131n yadda\u015f\u0131nda buraxd\u0131\u011f\u0131 izl\u0259 ba\u011fl\u0131d\u0131r. Y.Primakov Az\u0259rbaycan ictimai-siyasi dair\u0259l\u0259rind\u0259 birm\u0259nal\u0131 qar\u015f\u0131lanm\u0131r, o, daha \u00e7ox m\u0259nfi obrazl\u0131 \u015f\u0259xs kimi yadda\u015flarda qal\u0131b. S\u0259rgi Bak\u0131da Rusiya \u0130nformasiya-M\u0259d\u0259niyy\u0259t M\u0259rk\u0259zind\u0259 ke\u00e7irilib. S\u0259rgid\u0259 Rusiya Xarici \u0130\u015fl\u0259r Nazirliyinin arxivind\u0259n s\u0259n\u0259dl\u0259r v\u0259 foto\u015f\u0259kill\u0259r t\u0259qdim olunub. S\u0259rgi \u201cYevgeni Primakov: \u0130nsan v\u0259 siyas\u0259t\u00e7i\u201d ad\u0131 il\u0259 t\u0259qdim edilib. Y.Primakov Rusiyan\u0131n Xarici K\u0259\u015ffiyyat Xidm\u0259tinin direktoru (1991-1996), Xarici \u0130\u015fl\u0259r naziri (1996-1998) v\u0259 Ba\u015f nazir (1998-1999) i\u015fl\u0259yib.&hellip;<\/p>\n","protected":false},"author":2,"featured_media":90978,"comment_status":"closed","ping_status":"closed","sticky":false,"template":"","format":"standard","meta":{"om_disable_all_campaigns":false,"_monsterinsights_skip_tracking":false,"_monsterinsights_sitenote_active":false,"_monsterinsights_sitenote_note":"","_monsterinsights_sitenote_category":0},"categories":[1],"tags":[],"aioseo_notices":[],"gutentor_comment":0,"rttpg_featured_image_url":{"full":["https:\/\/arantv.az\/wp-content\/uploads\/2019\/10\/80575.jpg",620,411,false],"landscape":["https:\/\/arantv.az\/wp-content\/uploads\/2019\/10\/80575.jpg",620,411,false],"portraits":["https:\/\/arantv.az\/wp-content\/uploads\/2019\/10\/80575.jpg",620,411,false],"thumbnail":["https:\/\/arantv.az\/wp-content\/uploads\/2019\/10\/80575-150x150.jpg",150,150,true],"medium":["https:\/\/arantv.az\/wp-content\/uploads\/2019\/10\/80575-300x199.jpg",300,199,true],"large":["https:\/\/arantv.az\/wp-content\/uploads\/2019\/10\/80575.jpg",620,411,false],"1536x1536":["https:\/\/arantv.az\/wp-content\/uploads\/2019\/10\/80575.jpg",620,411,false],"2048x2048":["https:\/\/arantv.az\/wp-content\/uploads\/2019\/10\/80575.jpg",620,411,false],"post-thumbnail":["https:\/\/arantv.az\/wp-content\/uploads\/2019\/10\/80575-240x172.jpg",240,172,true],"advps-thumb-one":["https:\/\/arantv.az\/wp-content\/uploads\/2019\/10\/80575.jpg",620,411,false]},"rttpg_author":{"display_name":"V\u00fcsal Rafiqo\u011flu","author_link":"https:\/\/arantv.az\/?author=2"},"rttpg_comment":0,"rttpg_category":"<a href=\"https:\/\/arantv.az\/?cat=1\" rel=\"category\">C\u0259miyy\u0259t<\/a>","rttpg_excerpt":"Oktyabr\u0131n 29-da Rusiyan\u0131n ictimai-siyasi xadimi Yevgeni Primakovun 90 illiyin\u0259 h\u0259sr olunmu\u015f s\u0259rgi ke\u00e7irilib. Bu, Az\u0259rbaycan ictimaiyy\u0259tind\u0259 naraz\u0131l\u0131qla qar\u015f\u0131lan\u0131b. Etiraz\u0131n mahiyy\u0259ti is\u0259 yax\u0131n tarixin unudulmamas\u0131 v\u0259 Y.Primakovun Az\u0259rbaycan xalq\u0131n\u0131n yadda\u015f\u0131nda buraxd\u0131\u011f\u0131 izl\u0259 ba\u011fl\u0131d\u0131r. Y.Primakov Az\u0259rbaycan ictimai-siyasi dair\u0259l\u0259rind\u0259 birm\u0259nal\u0131 qar\u015f\u0131lanm\u0131r, o, daha \u00e7ox m\u0259nfi obrazl\u0131 \u015f\u0259xs kimi yadda\u015flarda qal\u0131b. S\u0259rgi Bak\u0131da Rusiya \u0130nformasiya-M\u0259d\u0259niyy\u0259t M\u0259rk\u0259zind\u0259 ke\u00e7irilib. S\u0259rgid\u0259 Rusiya&hellip;","_links":{"self":[{"href":"https:\/\/arantv.az\/index.php?rest_route=\/wp\/v2\/posts\/90977"}],"collection":[{"href":"https:\/\/arantv.az\/index.php?rest_route=\/wp\/v2\/posts"}],"about":[{"href":"https:\/\/arantv.az\/index.php?rest_route=\/wp\/v2\/types\/post"}],"author":[{"embeddable":true,"href":"https:\/\/arantv.az\/index.php?rest_route=\/wp\/v2\/users\/2"}],"replies":[{"embeddable":true,"href":"https:\/\/arantv.az\/index.php?rest_route=%2Fwp%2Fv2%2Fcomments&post=90977"}],"version-history":[{"count":0,"href":"https:\/\/arantv.az\/index.php?rest_route=\/wp\/v2\/posts\/90977\/revisions"}],"wp:featuredmedia":[{"embeddable":true,"href":"https:\/\/arantv.az\/index.php?rest_route=\/wp\/v2\/media\/90978"}],"wp:attachment":[{"href":"https:\/\/arantv.az\/index.php?rest_route=%2Fwp%2Fv2%2Fmedia&parent=90977"}],"wp:term":[{"taxonomy":"category","embeddable":true,"href":"https:\/\/arantv.az\/index.php?rest_route=%2Fwp%2Fv2%2Fcategories&post=90977"},{"taxonomy":"post_tag","embeddable":true,"href":"https:\/\/arantv.az\/index.php?rest_route=%2Fwp%2Fv2%2Ftags&post=90977"}],"curies":[{"name":"wp","href":"https:\/\/api.w.org\/{rel}","templated":true}]}}