{"id":90985,"date":"2019-10-31T09:45:41","date_gmt":"2019-10-31T06:45:41","guid":{"rendered":"http:\/\/arantv.az\/?p=90985"},"modified":"2019-10-31T09:45:41","modified_gmt":"2019-10-31T06:45:41","slug":"bakida-17-yasi-g%c9%99nci-v%c9%99hsic%c9%99sin%c9%99-doydul%c9%99r","status":"publish","type":"post","link":"https:\/\/arantv.az\/?p=90985","title":{"rendered":"Bak\u0131da 17 ya\u015f\u0131 g\u0259nci v\u0259h\u015fic\u0259sin\u0259 d\u00f6yd\u00fcl\u0259r"},"content":{"rendered":"<p><strong>Bak\u0131da d\u00f6y\u00fclm\u0259 fakt\u0131 qeyd\u0259 al\u0131n\u0131b.<\/strong><\/p>\n<p><strong>ARANTV.AZ<\/strong>\u00a0\u00a0<a href=\"http:\/\/az.trend.az\/\" target=\"_blank\" rel=\"noopener\">Trend<\/a>-\u0259 istinad\u0259n bildirir ki,\u00a0hadis\u0259 \u00f6t\u0259n g\u00fcn saat 17 rad\u0259l\u0259rind\u0259 N\u0259simi rayonunda ba\u015f verib.<\/p>\n<p>Bel\u0259 ki, Asif M\u0259h\u0259rr\u0259mov k\u00fc\u00e7\u0259si, 19 \u00fcnvan\u0131nda nam\u0259lum \u015f\u0259xs v\u0259 ya \u015f\u0259xsl\u0259r t\u0259r\u0259find\u0259n d\u00f6y\u00fcl\u0259r\u0259k x\u0259sar\u0259tl\u0259r alan 1997-ci il t\u0259v\u0259ll\u00fcdl\u00fc H\u00fcseynli Qurban Rza o\u011flu 1 sayl\u0131 Kliniki Tibbi M\u0259rk\u0259z\u0259 \u00e7atd\u0131r\u0131l\u0131b.<\/p>\n<p>A\u00e7\u0131q k\u0259ll\u0259-beyin travmas\u0131 alan g\u0259nc haz\u0131rda reanimasiya \u015f\u00f6b\u0259sind\u0259 m\u00fcalic\u0259 al\u0131r.<\/p>\n<div>\n<div id=\"AdviadNativeVideo0\" class=\"AdviadNativeVideo\"><\/div>\n<\/div>\n<p>Hadis\u0259 il\u0259 ba\u011fl\u0131 ara\u015fd\u0131rma apar\u0131l\u0131r.<\/p>\n","protected":false},"excerpt":{"rendered":"<p>Bak\u0131da d\u00f6y\u00fclm\u0259 fakt\u0131 qeyd\u0259 al\u0131n\u0131b. ARANTV.AZ\u00a0\u00a0Trend-\u0259 istinad\u0259n bildirir ki,\u00a0hadis\u0259 \u00f6t\u0259n g\u00fcn saat 17 rad\u0259l\u0259rind\u0259 N\u0259simi rayonunda ba\u015f verib. Bel\u0259 ki, Asif M\u0259h\u0259rr\u0259mov k\u00fc\u00e7\u0259si, 19 \u00fcnvan\u0131nda nam\u0259lum \u015f\u0259xs v\u0259 ya \u015f\u0259xsl\u0259r t\u0259r\u0259find\u0259n d\u00f6y\u00fcl\u0259r\u0259k x\u0259sar\u0259tl\u0259r alan 1997-ci il t\u0259v\u0259ll\u00fcdl\u00fc H\u00fcseynli Qurban Rza o\u011flu 1 sayl\u0131 Kliniki Tibbi M\u0259rk\u0259z\u0259 \u00e7atd\u0131r\u0131l\u0131b. A\u00e7\u0131q k\u0259ll\u0259-beyin travmas\u0131 alan g\u0259nc haz\u0131rda reanimasiya \u015f\u00f6b\u0259sind\u0259 m\u00fcalic\u0259 al\u0131r. Hadis\u0259 il\u0259 ba\u011fl\u0131 ara\u015fd\u0131rma apar\u0131l\u0131r.<\/p>\n","protected":false},"author":2,"featured_media":90986,"comment_status":"closed","ping_status":"closed","sticky":false,"template":"","format":"standard","meta":{"om_disable_all_campaigns":false,"_monsterinsights_skip_tracking":false,"_monsterinsights_sitenote_active":false,"_monsterinsights_sitenote_note":"","_monsterinsights_sitenote_category":0},"categories":[3],"tags":[],"aioseo_notices":[],"gutentor_comment":0,"rttpg_featured_image_url":{"full":["https:\/\/arantv.az\/wp-content\/uploads\/2019\/10\/yumruq_0235-1.jpg",800,600,false],"landscape":["https:\/\/arantv.az\/wp-content\/uploads\/2019\/10\/yumruq_0235-1.jpg",800,600,false],"portraits":["https:\/\/arantv.az\/wp-content\/uploads\/2019\/10\/yumruq_0235-1.jpg",800,600,false],"thumbnail":["https:\/\/arantv.az\/wp-content\/uploads\/2019\/10\/yumruq_0235-1-150x150.jpg",150,150,true],"medium":["https:\/\/arantv.az\/wp-content\/uploads\/2019\/10\/yumruq_0235-1-300x225.jpg",300,225,true],"large":["https:\/\/arantv.az\/wp-content\/uploads\/2019\/10\/yumruq_0235-1.jpg",640,480,false],"1536x1536":["https:\/\/arantv.az\/wp-content\/uploads\/2019\/10\/yumruq_0235-1.jpg",800,600,false],"2048x2048":["https:\/\/arantv.az\/wp-content\/uploads\/2019\/10\/yumruq_0235-1.jpg",800,600,false],"post-thumbnail":["https:\/\/arantv.az\/wp-content\/uploads\/2019\/10\/yumruq_0235-1-240x172.jpg",240,172,true],"advps-thumb-one":["https:\/\/arantv.az\/wp-content\/uploads\/2019\/10\/yumruq_0235-1.jpg",800,600,false]},"rttpg_author":{"display_name":"V\u00fcsal Rafiqo\u011flu","author_link":"https:\/\/arantv.az\/?author=2"},"rttpg_comment":0,"rttpg_category":"<a href=\"https:\/\/arantv.az\/?cat=3\" rel=\"category\">Kriminal<\/a>","rttpg_excerpt":"Bak\u0131da d\u00f6y\u00fclm\u0259 fakt\u0131 qeyd\u0259 al\u0131n\u0131b. ARANTV.AZ\u00a0\u00a0Trend-\u0259 istinad\u0259n bildirir ki,\u00a0hadis\u0259 \u00f6t\u0259n g\u00fcn saat 17 rad\u0259l\u0259rind\u0259 N\u0259simi rayonunda ba\u015f verib. Bel\u0259 ki, Asif M\u0259h\u0259rr\u0259mov k\u00fc\u00e7\u0259si, 19 \u00fcnvan\u0131nda nam\u0259lum \u015f\u0259xs v\u0259 ya \u015f\u0259xsl\u0259r t\u0259r\u0259find\u0259n d\u00f6y\u00fcl\u0259r\u0259k x\u0259sar\u0259tl\u0259r alan 1997-ci il t\u0259v\u0259ll\u00fcdl\u00fc H\u00fcseynli Qurban Rza o\u011flu 1 sayl\u0131 Kliniki Tibbi M\u0259rk\u0259z\u0259 \u00e7atd\u0131r\u0131l\u0131b. A\u00e7\u0131q k\u0259ll\u0259-beyin travmas\u0131 alan g\u0259nc haz\u0131rda reanimasiya \u015f\u00f6b\u0259sind\u0259&hellip;","_links":{"self":[{"href":"https:\/\/arantv.az\/index.php?rest_route=\/wp\/v2\/posts\/90985"}],"collection":[{"href":"https:\/\/arantv.az\/index.php?rest_route=\/wp\/v2\/posts"}],"about":[{"href":"https:\/\/arantv.az\/index.php?rest_route=\/wp\/v2\/types\/post"}],"author":[{"embeddable":true,"href":"https:\/\/arantv.az\/index.php?rest_route=\/wp\/v2\/users\/2"}],"replies":[{"embeddable":true,"href":"https:\/\/arantv.az\/index.php?rest_route=%2Fwp%2Fv2%2Fcomments&post=90985"}],"version-history":[{"count":0,"href":"https:\/\/arantv.az\/index.php?rest_route=\/wp\/v2\/posts\/90985\/revisions"}],"wp:featuredmedia":[{"embeddable":true,"href":"https:\/\/arantv.az\/index.php?rest_route=\/wp\/v2\/media\/90986"}],"wp:attachment":[{"href":"https:\/\/arantv.az\/index.php?rest_route=%2Fwp%2Fv2%2Fmedia&parent=90985"}],"wp:term":[{"taxonomy":"category","embeddable":true,"href":"https:\/\/arantv.az\/index.php?rest_route=%2Fwp%2Fv2%2Fcategories&post=90985"},{"taxonomy":"post_tag","embeddable":true,"href":"https:\/\/arantv.az\/index.php?rest_route=%2Fwp%2Fv2%2Ftags&post=90985"}],"curies":[{"name":"wp","href":"https:\/\/api.w.org\/{rel}","templated":true}]}}