{"id":90993,"date":"2019-10-31T09:56:21","date_gmt":"2019-10-31T06:56:21","guid":{"rendered":"http:\/\/arantv.az\/?p=90993"},"modified":"2019-10-31T09:56:21","modified_gmt":"2019-10-31T06:56:21","slug":"pakistanda-qatar-faci%c9%99si-cox-sayda-ol%c9%99n-var","status":"publish","type":"post","link":"https:\/\/arantv.az\/?p=90993","title":{"rendered":"Pakistanda qatar faci\u0259si: \u00c7ox sayda \u00f6l\u0259n var"},"content":{"rendered":"<p>Pakistan\u0131n Liyakatpur \u015f\u0259h\u0259ri yax\u0131nl\u0131\u011f\u0131nda qatarda faci\u0259vi yan\u011f\u0131n olub. \u0130lkin m\u0259lumatlara g\u00f6r\u0259, \u00fc\u00e7 vaqonu yanan s\u0259rni\u015fin qatar\u0131nda 65 n\u0259f\u0259r h\u0259yat\u0131n\u0131 itirib.<\/p>\n<div id=\"AdviadNativeVideo0\" class=\"AdviadNativeVideo\"><\/div>\n<p>Pakistan D\u0259mir Yollar\u0131 naziri \u015eeyx R\u0259\u015fid \u018fhm\u0259d a\u00e7\u0131qlamas\u0131nda yan\u011f\u0131n\u0131n partlay\u0131\u015f s\u0259b\u0259bind\u0259n ba\u015f\u00a0<a href=\"http:\/\/www.hurriyet.com.tr\/dunya\/son-dakika-pakistanda-tren-yangini-faciasi-cok-sayida-olu-var-41363394\" target=\"_blank\" rel=\"noopener\">verdiyini bildirib.<\/a>\u00a0O, qatardak\u0131 s\u0259rni\u015finl\u0259rin \u0259ks\u0259riyy\u0259tinin partlay\u0131\u015fdan qorxaraq \u00f6zl\u0259rini qatardan atd\u0131qlar\u0131 \u00fc\u00e7\u00fcn \u00f6ld\u00fcy\u00fcn\u00fc s\u00f6yl\u0259yib.<\/p>\n<p>Haz\u0131rda\u00a0xilasetm\u0259 briqadalar\u0131\u00a0hadis\u0259 yerin\u0259 y\u00f6nl\u0259ndirilib.<\/p>\n","protected":false},"excerpt":{"rendered":"<p>Pakistan\u0131n Liyakatpur \u015f\u0259h\u0259ri yax\u0131nl\u0131\u011f\u0131nda qatarda faci\u0259vi yan\u011f\u0131n olub. \u0130lkin m\u0259lumatlara g\u00f6r\u0259, \u00fc\u00e7 vaqonu yanan s\u0259rni\u015fin qatar\u0131nda 65 n\u0259f\u0259r h\u0259yat\u0131n\u0131 itirib. Pakistan D\u0259mir Yollar\u0131 naziri \u015eeyx R\u0259\u015fid \u018fhm\u0259d a\u00e7\u0131qlamas\u0131nda yan\u011f\u0131n\u0131n partlay\u0131\u015f s\u0259b\u0259bind\u0259n ba\u015f\u00a0verdiyini bildirib.\u00a0O, qatardak\u0131 s\u0259rni\u015finl\u0259rin \u0259ks\u0259riyy\u0259tinin partlay\u0131\u015fdan qorxaraq \u00f6zl\u0259rini qatardan atd\u0131qlar\u0131 \u00fc\u00e7\u00fcn \u00f6ld\u00fcy\u00fcn\u00fc s\u00f6yl\u0259yib. Haz\u0131rda\u00a0xilasetm\u0259 briqadalar\u0131\u00a0hadis\u0259 yerin\u0259 y\u00f6nl\u0259ndirilib.<\/p>\n","protected":false},"author":2,"featured_media":90994,"comment_status":"closed","ping_status":"closed","sticky":false,"template":"","format":"standard","meta":{"om_disable_all_campaigns":false,"_monsterinsights_skip_tracking":false,"_monsterinsights_sitenote_active":false,"_monsterinsights_sitenote_note":"","_monsterinsights_sitenote_category":0},"categories":[7],"tags":[],"aioseo_notices":[],"gutentor_comment":0,"rttpg_featured_image_url":{"full":["https:\/\/arantv.az\/wp-content\/uploads\/2019\/10\/5dba788cc9de3d0798a8fc81.jpg",620,344,false],"landscape":["https:\/\/arantv.az\/wp-content\/uploads\/2019\/10\/5dba788cc9de3d0798a8fc81.jpg",620,344,false],"portraits":["https:\/\/arantv.az\/wp-content\/uploads\/2019\/10\/5dba788cc9de3d0798a8fc81.jpg",620,344,false],"thumbnail":["https:\/\/arantv.az\/wp-content\/uploads\/2019\/10\/5dba788cc9de3d0798a8fc81-150x150.jpg",150,150,true],"medium":["https:\/\/arantv.az\/wp-content\/uploads\/2019\/10\/5dba788cc9de3d0798a8fc81-300x166.jpg",300,166,true],"large":["https:\/\/arantv.az\/wp-content\/uploads\/2019\/10\/5dba788cc9de3d0798a8fc81.jpg",620,344,false],"1536x1536":["https:\/\/arantv.az\/wp-content\/uploads\/2019\/10\/5dba788cc9de3d0798a8fc81.jpg",620,344,false],"2048x2048":["https:\/\/arantv.az\/wp-content\/uploads\/2019\/10\/5dba788cc9de3d0798a8fc81.jpg",620,344,false],"post-thumbnail":["https:\/\/arantv.az\/wp-content\/uploads\/2019\/10\/5dba788cc9de3d0798a8fc81-240x172.jpg",240,172,true],"advps-thumb-one":["https:\/\/arantv.az\/wp-content\/uploads\/2019\/10\/5dba788cc9de3d0798a8fc81.jpg",620,344,false]},"rttpg_author":{"display_name":"V\u00fcsal Rafiqo\u011flu","author_link":"https:\/\/arantv.az\/?author=2"},"rttpg_comment":0,"rttpg_category":"<a href=\"https:\/\/arantv.az\/?cat=7\" rel=\"category\">D\u00fcnya<\/a>","rttpg_excerpt":"Pakistan\u0131n Liyakatpur \u015f\u0259h\u0259ri yax\u0131nl\u0131\u011f\u0131nda qatarda faci\u0259vi yan\u011f\u0131n olub. \u0130lkin m\u0259lumatlara g\u00f6r\u0259, \u00fc\u00e7 vaqonu yanan s\u0259rni\u015fin qatar\u0131nda 65 n\u0259f\u0259r h\u0259yat\u0131n\u0131 itirib. Pakistan D\u0259mir Yollar\u0131 naziri \u015eeyx R\u0259\u015fid \u018fhm\u0259d a\u00e7\u0131qlamas\u0131nda yan\u011f\u0131n\u0131n partlay\u0131\u015f s\u0259b\u0259bind\u0259n ba\u015f\u00a0verdiyini bildirib.\u00a0O, qatardak\u0131 s\u0259rni\u015finl\u0259rin \u0259ks\u0259riyy\u0259tinin partlay\u0131\u015fdan qorxaraq \u00f6zl\u0259rini qatardan atd\u0131qlar\u0131 \u00fc\u00e7\u00fcn \u00f6ld\u00fcy\u00fcn\u00fc s\u00f6yl\u0259yib. Haz\u0131rda\u00a0xilasetm\u0259 briqadalar\u0131\u00a0hadis\u0259 yerin\u0259 y\u00f6nl\u0259ndirilib.","_links":{"self":[{"href":"https:\/\/arantv.az\/index.php?rest_route=\/wp\/v2\/posts\/90993"}],"collection":[{"href":"https:\/\/arantv.az\/index.php?rest_route=\/wp\/v2\/posts"}],"about":[{"href":"https:\/\/arantv.az\/index.php?rest_route=\/wp\/v2\/types\/post"}],"author":[{"embeddable":true,"href":"https:\/\/arantv.az\/index.php?rest_route=\/wp\/v2\/users\/2"}],"replies":[{"embeddable":true,"href":"https:\/\/arantv.az\/index.php?rest_route=%2Fwp%2Fv2%2Fcomments&post=90993"}],"version-history":[{"count":0,"href":"https:\/\/arantv.az\/index.php?rest_route=\/wp\/v2\/posts\/90993\/revisions"}],"wp:featuredmedia":[{"embeddable":true,"href":"https:\/\/arantv.az\/index.php?rest_route=\/wp\/v2\/media\/90994"}],"wp:attachment":[{"href":"https:\/\/arantv.az\/index.php?rest_route=%2Fwp%2Fv2%2Fmedia&parent=90993"}],"wp:term":[{"taxonomy":"category","embeddable":true,"href":"https:\/\/arantv.az\/index.php?rest_route=%2Fwp%2Fv2%2Fcategories&post=90993"},{"taxonomy":"post_tag","embeddable":true,"href":"https:\/\/arantv.az\/index.php?rest_route=%2Fwp%2Fv2%2Ftags&post=90993"}],"curies":[{"name":"wp","href":"https:\/\/api.w.org\/{rel}","templated":true}]}}