{"id":90997,"date":"2019-10-31T09:57:22","date_gmt":"2019-10-31T06:57:22","guid":{"rendered":"http:\/\/arantv.az\/?p=90997"},"modified":"2019-10-31T09:57:22","modified_gmt":"2019-10-31T06:57:22","slug":"yunanistanda-iki-az%c9%99rbaycanli-h%c9%99bsxanaya-salindi","status":"publish","type":"post","link":"https:\/\/arantv.az\/?p=90997","title":{"rendered":"Yunan\u0131standa iki az\u0259rbaycanl\u0131 h\u0259bsxanaya sal\u0131nd\u0131"},"content":{"rendered":"<p>Nef\u00e7ala rayonunun Bank\u0259 q\u0259s\u0259b\u0259sind\u0259n A\u011fayev Rauf Tofiq o\u011flu v\u0259 Salyan rayonunun Q\u0131z\u0131la\u011fac k\u0259ndind\u0259n Mikay\u0131lov \u018fb\u00fclf\u0259z Ad\u0131\u015firin o\u011flu bir ne\u00e7\u0259 ay\u00a0 bundan qabaq T\u00fcrkiy\u0259y\u0259 i\u015fl\u0259m\u0259y\u0259 gedibl\u0259r.<\/p>\n<p>Az\u0259rbaycan v\u0259t\u0259nda\u015flar\u0131na \u0130talyada i\u015fl\u0259m\u0259k t\u0259klif edilib. \u018fm\u0259khaqq\u0131n\u0131n y\u00fcks\u0259k oldu\u011fu\u00a0v\u0259d edilib. Bu zaman h\u0259r iki az\u0259rbaycanl\u0131 g\u0259mi il\u0259 gizli formada \u0130taliyaya ke\u00e7m\u0259k ist\u0259yibl\u0259r. Ancaq\u00a0 Yunan\u0131standa tutulublar. Haz\u0131rda \u00fc\u00e7\u00a0ayd\u0131r ki, h\u0259bsd\u0259dirl\u0259r.<\/p>\n<p>H\u0259r iki soyda\u015f\u0131m\u0131z\u0131n ail\u0259si Modern.az-a narahat olduqlar\u0131n\u0131 bildiribl\u0259r. Ail\u0259l\u0259r s\u0259firliy\u0259 m\u00fcraci\u0259t ets\u0259 d\u0259, cavab ala bilm\u0259dikl\u0259rini deyibl\u0259r.<\/p>\n<div id=\"AdviadNativeVideo0\" class=\"AdviadNativeVideo\"><\/div>\n<p>Modern.az-\u0131n \u0259m\u0259kda\u015f\u0131 m\u0259s\u0259l\u0259 il\u0259 ba\u011fl\u0131 Xarici \u0130\u015fl\u0259r Nazirliyi il\u0259 \u0259laq\u0259 saxlay\u0131b.<\/p>\n<p>Nazirliyin m\u0259tbuat katibi Leyla Abdullayeva\u00a0cavab bildirib ki, Az\u0259rbaycan\u0131n Yunan\u0131standak\u0131 s\u0259firliyi m\u0259s\u0259l\u0259ni n\u0259zar\u0259td\u0259 saxlay\u0131r:<\/p>\n<p>\u201cAz\u0259rbaycan v\u0259t\u0259nda\u015flar\u0131 Mikay\u0131lov \u018fb\u00fclf\u0259z Ad\u0131\u015firin o\u011flu v\u0259 A\u011fayev Rauf Tofiq o\u011flu insan alveri, \u00f6zg\u0259 h\u0259yat\u0131n\u0131 t\u0259hl\u00fck\u0259y\u0259 m\u0259ruz qoymaq v\u0259 d\u00f6vl\u0259t s\u0259rh\u0259dl\u0259rini qanunsuz ke\u00e7m\u0259kd\u0259 ittiham olunaraq Yunan\u0131stan\u0131n Nafplio \u015f\u0259h\u0259r h\u0259bsxanas\u0131nda saxlan\u0131l\u0131rlar.<\/p>\n<p>Qeyd etm\u0259k ist\u0259rdik ki, s\u00f6z\u00fcged\u0259n \u015f\u0259xsl\u0259r qanunsuz miqrantlar\u0131 da\u015f\u0131yan g\u0259mi il\u0259 T\u00fcrkiy\u0259nin Bodrum \u015f\u0259h\u0259rind\u0259n \u0130taliyan\u0131n Katanya \u015f\u0259h\u0259rin\u0259 yola \u00e7\u0131x\u0131blar. \u00d6lk\u0259mizin Yunan\u0131standak\u0131 s\u0259firliyi m\u0259s\u0259l\u0259ni n\u0259zar\u0259td\u0259 saxlay\u0131r, saxlanan az\u0259rbaycanl\u0131 \u015f\u0259xsl\u0259rl\u0259 g\u00f6r\u00fc\u015f ke\u00e7irilib\u201d.<\/p>\n<p>X\u0130N r\u0259smisi bildirib ki, v\u0259t\u0259nda\u015flar\u0131m\u0131za h\u00fcquqi yard\u0131m g\u00f6st\u0259rilir:<\/p>\n<p>\u201cOnlar saxlanma \u015f\u0259raitl\u0259rind\u0259n \u015fikay\u0259tl\u0259nm\u0259yib v\u0259 h\u0259r hans\u0131 zorak\u0131l\u0131qla \u00fczl\u0259\u015fm\u0259dikl\u0259rini bildiribl\u0259r. Saxlan\u0131lan v\u0259t\u0259nda\u015flar\u0131m\u0131za Yunan\u0131stan Respublikas\u0131n\u0131n qanunlar\u0131na uy\u011fun olaraq h\u00fcquqi yard\u0131m g\u00f6st\u0259rilir\u201d.<\/p>\n","protected":false},"excerpt":{"rendered":"<p>Nef\u00e7ala rayonunun Bank\u0259 q\u0259s\u0259b\u0259sind\u0259n A\u011fayev Rauf Tofiq o\u011flu v\u0259 Salyan rayonunun Q\u0131z\u0131la\u011fac k\u0259ndind\u0259n Mikay\u0131lov \u018fb\u00fclf\u0259z Ad\u0131\u015firin o\u011flu bir ne\u00e7\u0259 ay\u00a0 bundan qabaq T\u00fcrkiy\u0259y\u0259 i\u015fl\u0259m\u0259y\u0259 gedibl\u0259r. Az\u0259rbaycan v\u0259t\u0259nda\u015flar\u0131na \u0130talyada i\u015fl\u0259m\u0259k t\u0259klif edilib. \u018fm\u0259khaqq\u0131n\u0131n y\u00fcks\u0259k oldu\u011fu\u00a0v\u0259d edilib. Bu zaman h\u0259r iki az\u0259rbaycanl\u0131 g\u0259mi il\u0259 gizli formada \u0130taliyaya ke\u00e7m\u0259k ist\u0259yibl\u0259r. Ancaq\u00a0 Yunan\u0131standa tutulublar. Haz\u0131rda \u00fc\u00e7\u00a0ayd\u0131r ki, h\u0259bsd\u0259dirl\u0259r. H\u0259r iki soyda\u015f\u0131m\u0131z\u0131n ail\u0259si Modern.az-a narahat olduqlar\u0131n\u0131 bildiribl\u0259r. Ail\u0259l\u0259r s\u0259firliy\u0259 m\u00fcraci\u0259t ets\u0259 d\u0259, cavab ala bilm\u0259dikl\u0259rini deyibl\u0259r. Modern.az-\u0131n \u0259m\u0259kda\u015f\u0131 m\u0259s\u0259l\u0259 il\u0259 ba\u011fl\u0131 Xarici \u0130\u015fl\u0259r Nazirliyi il\u0259 \u0259laq\u0259 saxlay\u0131b. Nazirliyin m\u0259tbuat katibi Leyla Abdullayeva\u00a0cavab bildirib ki, Az\u0259rbaycan\u0131n&hellip;<\/p>\n","protected":false},"author":2,"featured_media":90998,"comment_status":"closed","ping_status":"closed","sticky":false,"template":"","format":"standard","meta":{"om_disable_all_campaigns":false,"_monsterinsights_skip_tracking":false,"_monsterinsights_sitenote_active":false,"_monsterinsights_sitenote_note":"","_monsterinsights_sitenote_category":0},"categories":[1],"tags":[],"aioseo_notices":[],"gutentor_comment":0,"rttpg_featured_image_url":{"full":["https:\/\/arantv.az\/wp-content\/uploads\/2019\/10\/1e24fde3f3fcde11a2bc7327384e3240.jpg",620,427,false],"landscape":["https:\/\/arantv.az\/wp-content\/uploads\/2019\/10\/1e24fde3f3fcde11a2bc7327384e3240.jpg",620,427,false],"portraits":["https:\/\/arantv.az\/wp-content\/uploads\/2019\/10\/1e24fde3f3fcde11a2bc7327384e3240.jpg",620,427,false],"thumbnail":["https:\/\/arantv.az\/wp-content\/uploads\/2019\/10\/1e24fde3f3fcde11a2bc7327384e3240-150x150.jpg",150,150,true],"medium":["https:\/\/arantv.az\/wp-content\/uploads\/2019\/10\/1e24fde3f3fcde11a2bc7327384e3240-300x207.jpg",300,207,true],"large":["https:\/\/arantv.az\/wp-content\/uploads\/2019\/10\/1e24fde3f3fcde11a2bc7327384e3240.jpg",620,427,false],"1536x1536":["https:\/\/arantv.az\/wp-content\/uploads\/2019\/10\/1e24fde3f3fcde11a2bc7327384e3240.jpg",620,427,false],"2048x2048":["https:\/\/arantv.az\/wp-content\/uploads\/2019\/10\/1e24fde3f3fcde11a2bc7327384e3240.jpg",620,427,false],"post-thumbnail":["https:\/\/arantv.az\/wp-content\/uploads\/2019\/10\/1e24fde3f3fcde11a2bc7327384e3240-240x172.jpg",240,172,true],"advps-thumb-one":["https:\/\/arantv.az\/wp-content\/uploads\/2019\/10\/1e24fde3f3fcde11a2bc7327384e3240.jpg",620,427,false]},"rttpg_author":{"display_name":"V\u00fcsal Rafiqo\u011flu","author_link":"https:\/\/arantv.az\/?author=2"},"rttpg_comment":0,"rttpg_category":"<a href=\"https:\/\/arantv.az\/?cat=1\" rel=\"category\">C\u0259miyy\u0259t<\/a>","rttpg_excerpt":"Nef\u00e7ala rayonunun Bank\u0259 q\u0259s\u0259b\u0259sind\u0259n A\u011fayev Rauf Tofiq o\u011flu v\u0259 Salyan rayonunun Q\u0131z\u0131la\u011fac k\u0259ndind\u0259n Mikay\u0131lov \u018fb\u00fclf\u0259z Ad\u0131\u015firin o\u011flu bir ne\u00e7\u0259 ay\u00a0 bundan qabaq T\u00fcrkiy\u0259y\u0259 i\u015fl\u0259m\u0259y\u0259 gedibl\u0259r. Az\u0259rbaycan v\u0259t\u0259nda\u015flar\u0131na \u0130talyada i\u015fl\u0259m\u0259k t\u0259klif edilib. \u018fm\u0259khaqq\u0131n\u0131n y\u00fcks\u0259k oldu\u011fu\u00a0v\u0259d edilib. Bu zaman h\u0259r iki az\u0259rbaycanl\u0131 g\u0259mi il\u0259 gizli formada \u0130taliyaya ke\u00e7m\u0259k ist\u0259yibl\u0259r. Ancaq\u00a0 Yunan\u0131standa tutulublar. Haz\u0131rda \u00fc\u00e7\u00a0ayd\u0131r ki, h\u0259bsd\u0259dirl\u0259r. H\u0259r&hellip;","_links":{"self":[{"href":"https:\/\/arantv.az\/index.php?rest_route=\/wp\/v2\/posts\/90997"}],"collection":[{"href":"https:\/\/arantv.az\/index.php?rest_route=\/wp\/v2\/posts"}],"about":[{"href":"https:\/\/arantv.az\/index.php?rest_route=\/wp\/v2\/types\/post"}],"author":[{"embeddable":true,"href":"https:\/\/arantv.az\/index.php?rest_route=\/wp\/v2\/users\/2"}],"replies":[{"embeddable":true,"href":"https:\/\/arantv.az\/index.php?rest_route=%2Fwp%2Fv2%2Fcomments&post=90997"}],"version-history":[{"count":0,"href":"https:\/\/arantv.az\/index.php?rest_route=\/wp\/v2\/posts\/90997\/revisions"}],"wp:featuredmedia":[{"embeddable":true,"href":"https:\/\/arantv.az\/index.php?rest_route=\/wp\/v2\/media\/90998"}],"wp:attachment":[{"href":"https:\/\/arantv.az\/index.php?rest_route=%2Fwp%2Fv2%2Fmedia&parent=90997"}],"wp:term":[{"taxonomy":"category","embeddable":true,"href":"https:\/\/arantv.az\/index.php?rest_route=%2Fwp%2Fv2%2Fcategories&post=90997"},{"taxonomy":"post_tag","embeddable":true,"href":"https:\/\/arantv.az\/index.php?rest_route=%2Fwp%2Fv2%2Ftags&post=90997"}],"curies":[{"name":"wp","href":"https:\/\/api.w.org\/{rel}","templated":true}]}}