{"id":91001,"date":"2019-10-31T10:32:50","date_gmt":"2019-10-31T07:32:50","guid":{"rendered":"http:\/\/arantv.az\/?p=91001"},"modified":"2019-10-31T10:32:50","modified_gmt":"2019-10-31T07:32:50","slug":"boyuk-britaniya-bas-nazirinin-elcisi-az%c9%99rbaycan-il%c9%99-munasib%c9%99tl%c9%99ri-daha-da-six-etm%c9%99k-%c9%99sas-m%c9%99qs%c9%99dimizdir","status":"publish","type":"post","link":"https:\/\/arantv.az\/?p=91001","title":{"rendered":"B\u00f6y\u00fck Britaniya Ba\u015f nazirinin el\u00e7isi: &#8220;Az\u0259rbaycan il\u0259 m\u00fcnasib\u0259tl\u0259ri daha da s\u0131x etm\u0259k \u0259sas m\u0259qs\u0259dimizdir&#8221;"},"content":{"rendered":"<blockquote><p><em><strong>Az\u0259rbycan Prezidenti \u0130lham \u018fliyev il\u0259 d\u00fcn\u0259n \u00e7ox m\u0259hsuldar v\u0259 pozitiv g\u00f6r\u00fc\u015f ke\u00e7irilib.<\/strong><\/em><\/p><\/blockquote>\n<p><strong>ARANTV.AZ<\/strong>\u00a0\u00a0<a href=\"http:\/\/az.trend.az\/\" target=\"_blank\" rel=\"noopener\">Trend<\/a>-\u0259 istinad\u0259n bildirir ki,\u00a0bunu B\u00f6y\u00fck Britaniya Ba\u015f nazirinin Az\u0259rbaycan \u00fczr\u0259 ticar\u0259t el\u00e7isi Baronessa Emma Nikolson deyib.<\/p>\n<p>Onun s\u00f6zl\u0259rin\u0259 g\u00f6r\u0259, Prezident \u0130lham \u018fliyev d\u0259f\u0259l\u0259rl\u0259 Londonda olub: &#8220;Sonuncu d\u0259f\u0259 Az\u0259rbaycan Prezidenti il\u0259 &#8220;BP&#8221; il\u0259 birlikd\u0259 &#8220;\u018fsrin M\u00fcqavil\u0259si&#8221;nin sonrak\u0131 m\u0259rh\u0259l\u0259si \u00fczr\u0259 imzalanma m\u0259rasimind\u0259 g\u00f6r\u00fc\u015fm\u00fc\u015fd\u00fcm. \u00dcmid edir\u0259m ki, Az\u0259rbaycan Prezidenti yen\u0259 d\u0259 Londona s\u0259f\u0259r ed\u0259c\u0259k v\u0259 onunla g\u00f6r\u00fc\u015fm\u0259k imkan\u0131m\u0131z olacaq. Onu yenid\u0259n q\u0259bul etm\u0259k bizim \u00fc\u00e7\u00fcn b\u00f6y\u00fck \u015f\u0259r\u0259f olar&#8221;.<\/p>\n<p>Ba\u015f Nazirin el\u00e7isi hesab edir ki, bu s\u0259f\u0259rl\u0259r Az\u0259rbaycan il\u0259 B\u00f6y\u00fck Britaniya aras\u0131nda m\u00fcnasib\u0259tl\u0259ri daha s\u0131x v\u0259 yax\u0131n edir: &#8220;Bu da bizim \u0259sas m\u0259qs\u0259dimizdir. \u00c7\u00fcnki n\u0259z\u0259r\u0259 almal\u0131y\u0131q ki, B\u00f6y\u00fck Britaniya Avropa \u0130ttifaq\u0131n\u0131 t\u0259rk edir, ona g\u00f6r\u0259 d\u0259 bu, bizim \u00fc\u00e7\u00fcn kifay\u0259t q\u0259d\u0259r m\u00fch\u00fcm m\u0259s\u0259l\u0259dir&#8221;.<\/p>\n","protected":false},"excerpt":{"rendered":"<p>Az\u0259rbycan Prezidenti \u0130lham \u018fliyev il\u0259 d\u00fcn\u0259n \u00e7ox m\u0259hsuldar v\u0259 pozitiv g\u00f6r\u00fc\u015f ke\u00e7irilib. ARANTV.AZ\u00a0\u00a0Trend-\u0259 istinad\u0259n bildirir ki,\u00a0bunu B\u00f6y\u00fck Britaniya Ba\u015f nazirinin Az\u0259rbaycan \u00fczr\u0259 ticar\u0259t el\u00e7isi Baronessa Emma Nikolson deyib. Onun s\u00f6zl\u0259rin\u0259 g\u00f6r\u0259, Prezident \u0130lham \u018fliyev d\u0259f\u0259l\u0259rl\u0259 Londonda olub: &#8220;Sonuncu d\u0259f\u0259 Az\u0259rbaycan Prezidenti il\u0259 &#8220;BP&#8221; il\u0259 birlikd\u0259 &#8220;\u018fsrin M\u00fcqavil\u0259si&#8221;nin sonrak\u0131 m\u0259rh\u0259l\u0259si \u00fczr\u0259 imzalanma m\u0259rasimind\u0259 g\u00f6r\u00fc\u015fm\u00fc\u015fd\u00fcm. \u00dcmid edir\u0259m ki, Az\u0259rbaycan Prezidenti yen\u0259 d\u0259 Londona s\u0259f\u0259r ed\u0259c\u0259k v\u0259 onunla g\u00f6r\u00fc\u015fm\u0259k imkan\u0131m\u0131z olacaq. Onu yenid\u0259n q\u0259bul etm\u0259k bizim \u00fc\u00e7\u00fcn b\u00f6y\u00fck \u015f\u0259r\u0259f olar&#8221;. Ba\u015f Nazirin el\u00e7isi hesab edir ki, bu s\u0259f\u0259rl\u0259r Az\u0259rbaycan il\u0259 B\u00f6y\u00fck Britaniya aras\u0131nda&hellip;<\/p>\n","protected":false},"author":2,"featured_media":91002,"comment_status":"closed","ping_status":"closed","sticky":false,"template":"","format":"standard","meta":{"om_disable_all_campaigns":false,"_monsterinsights_skip_tracking":false,"_monsterinsights_sitenote_active":false,"_monsterinsights_sitenote_note":"","_monsterinsights_sitenote_category":0},"categories":[4],"tags":[],"aioseo_notices":[],"gutentor_comment":0,"rttpg_featured_image_url":{"full":["https:\/\/arantv.az\/wp-content\/uploads\/2019\/10\/798482.jpg",800,600,false],"landscape":["https:\/\/arantv.az\/wp-content\/uploads\/2019\/10\/798482.jpg",800,600,false],"portraits":["https:\/\/arantv.az\/wp-content\/uploads\/2019\/10\/798482.jpg",800,600,false],"thumbnail":["https:\/\/arantv.az\/wp-content\/uploads\/2019\/10\/798482-150x150.jpg",150,150,true],"medium":["https:\/\/arantv.az\/wp-content\/uploads\/2019\/10\/798482-300x225.jpg",300,225,true],"large":["https:\/\/arantv.az\/wp-content\/uploads\/2019\/10\/798482.jpg",640,480,false],"1536x1536":["https:\/\/arantv.az\/wp-content\/uploads\/2019\/10\/798482.jpg",800,600,false],"2048x2048":["https:\/\/arantv.az\/wp-content\/uploads\/2019\/10\/798482.jpg",800,600,false],"post-thumbnail":["https:\/\/arantv.az\/wp-content\/uploads\/2019\/10\/798482-240x172.jpg",240,172,true],"advps-thumb-one":["https:\/\/arantv.az\/wp-content\/uploads\/2019\/10\/798482.jpg",800,600,false]},"rttpg_author":{"display_name":"V\u00fcsal Rafiqo\u011flu","author_link":"https:\/\/arantv.az\/?author=2"},"rttpg_comment":0,"rttpg_category":"<a href=\"https:\/\/arantv.az\/?cat=4\" rel=\"category\">Siyas\u0259t<\/a>","rttpg_excerpt":"Az\u0259rbycan Prezidenti \u0130lham \u018fliyev il\u0259 d\u00fcn\u0259n \u00e7ox m\u0259hsuldar v\u0259 pozitiv g\u00f6r\u00fc\u015f ke\u00e7irilib. ARANTV.AZ\u00a0\u00a0Trend-\u0259 istinad\u0259n bildirir ki,\u00a0bunu B\u00f6y\u00fck Britaniya Ba\u015f nazirinin Az\u0259rbaycan \u00fczr\u0259 ticar\u0259t el\u00e7isi Baronessa Emma Nikolson deyib. Onun s\u00f6zl\u0259rin\u0259 g\u00f6r\u0259, Prezident \u0130lham \u018fliyev d\u0259f\u0259l\u0259rl\u0259 Londonda olub: &#8220;Sonuncu d\u0259f\u0259 Az\u0259rbaycan Prezidenti il\u0259 &#8220;BP&#8221; il\u0259 birlikd\u0259 &#8220;\u018fsrin M\u00fcqavil\u0259si&#8221;nin sonrak\u0131 m\u0259rh\u0259l\u0259si \u00fczr\u0259 imzalanma m\u0259rasimind\u0259 g\u00f6r\u00fc\u015fm\u00fc\u015fd\u00fcm. \u00dcmid edir\u0259m&hellip;","_links":{"self":[{"href":"https:\/\/arantv.az\/index.php?rest_route=\/wp\/v2\/posts\/91001"}],"collection":[{"href":"https:\/\/arantv.az\/index.php?rest_route=\/wp\/v2\/posts"}],"about":[{"href":"https:\/\/arantv.az\/index.php?rest_route=\/wp\/v2\/types\/post"}],"author":[{"embeddable":true,"href":"https:\/\/arantv.az\/index.php?rest_route=\/wp\/v2\/users\/2"}],"replies":[{"embeddable":true,"href":"https:\/\/arantv.az\/index.php?rest_route=%2Fwp%2Fv2%2Fcomments&post=91001"}],"version-history":[{"count":0,"href":"https:\/\/arantv.az\/index.php?rest_route=\/wp\/v2\/posts\/91001\/revisions"}],"wp:featuredmedia":[{"embeddable":true,"href":"https:\/\/arantv.az\/index.php?rest_route=\/wp\/v2\/media\/91002"}],"wp:attachment":[{"href":"https:\/\/arantv.az\/index.php?rest_route=%2Fwp%2Fv2%2Fmedia&parent=91001"}],"wp:term":[{"taxonomy":"category","embeddable":true,"href":"https:\/\/arantv.az\/index.php?rest_route=%2Fwp%2Fv2%2Fcategories&post=91001"},{"taxonomy":"post_tag","embeddable":true,"href":"https:\/\/arantv.az\/index.php?rest_route=%2Fwp%2Fv2%2Ftags&post=91001"}],"curies":[{"name":"wp","href":"https:\/\/api.w.org\/{rel}","templated":true}]}}