{"id":91005,"date":"2019-10-31T10:33:37","date_gmt":"2019-10-31T07:33:37","guid":{"rendered":"http:\/\/arantv.az\/?p=91005"},"modified":"2019-10-31T10:33:37","modified_gmt":"2019-10-31T07:33:37","slug":"nazir-aciqladi-yararsiz-avtomobill%c9%99rl%c9%99-bagli-proqram-hazirlanir","status":"publish","type":"post","link":"https:\/\/arantv.az\/?p=91005","title":{"rendered":"Nazir a\u00e7\u0131qlad\u0131: Yarars\u0131z avtomobill\u0259rl\u0259 ba\u011fl\u0131 proqram haz\u0131rlan\u0131r"},"content":{"rendered":"<p>Haz\u0131rda istismar olunan 1 milyon 402 mind\u0259n art\u0131q n\u0259qliyyat vasit\u0259sind\u0259n 35 fazinin istehsal tarixi 10 il,\u00a0 23 faizinin istehsal tarixi 20 ild\u0259n daha 19,1 faizinin istehsal tarixi is\u0259 30 ild\u0259n yuxar\u0131d\u0131r.<\/p>\n<p><strong>ARANTV.AZ<\/strong>-\u0131n m\u0259lumat\u0131na g\u00f6r\u0259, bunu YAP-\u0131n Q\u0259rargah\u0131nda ke\u00e7iril\u0259n m\u0259tbuat konfrans\u0131nda Ekologiya v\u0259 T\u0259bii S\u0259rv\u0259tl\u0259r naziri Muxtar Babayev bildirib.<\/p>\n<p>Onun s\u00f6zl\u0259rin\u0259 g\u00f6r\u0259, 2016-c\u0131 ill\u0259 m\u00fcqayis\u0259d\u0259, 2018-ci ild\u0259 avtomobil idxal\u0131 be\u015f\u00a0d\u0259f\u0259d\u0259n \u00e7ox art\u0131b:<\/p>\n<div id=\"AdviadNativeVideo0\" class=\"AdviadNativeVideo\"><\/div>\n<p>\u201cN\u0259qliyyat sektorundan atmosfer\u0259 z\u0259r\u0259rli t\u0259sirl\u0259rin azald\u0131lmas\u0131 \u00fc\u00e7\u00fcn \u00f6lk\u0259nin avtomobil park\u0131n\u0131n yenil\u0259nm\u0259si, habel\u0259 ekoloji c\u0259h\u0259td\u0259n t\u0259miz n\u0259qliyyat vasit\u0259l\u0259rind\u0259n istifad\u0259nin geni\u015fl\u0259ndirilm\u0259sini t\u0259\u015fviq ed\u0259n m\u00fcxt\u0259lif vergi, g\u00f6mr\u00fck g\u00fcz\u0259\u015ftl\u0259ri, subsidiyalar\u0131n t\u0259tbiq edilm\u0259si s\u0259m\u0259r\u0259li ola bil\u0259r.<\/p>\n<p>\u00d6lk\u0259d\u0259 ekoloji v\u0259ziyy\u0259ti yax\u015f\u0131la\u015fd\u0131rmaq, el\u0259c\u0259 d\u0259, yerli avtomobil istehsal\u0131n\u0131 stimulla\u015fd\u0131rmaq m\u0259qs\u0259dil\u0259 k\u00f6hn\u0259lmi\u015f, texniki t\u0259hl\u00fck\u0259sizlik bax\u0131m\u0131ndan v\u0259 ekoloji c\u0259h\u0259td\u0259n yarars\u0131z n\u0259qliyyat vasit\u0259l\u0259rinin d\u00f6vriyy\u0259d\u0259n \u00e7\u0131xar\u0131lmas\u0131 m\u0259qs\u0259dil\u0259 \u0130qtisadiyyat Nazirliyi t\u0259r\u0259find\u0259n n\u0259qliyyat vasit\u0259l\u0259rinin utilizasiyas\u0131 proqram\u0131 haz\u0131rlan\u0131r\u201d.<\/p>\n<p>M.Babayev qeyd edib ki, atmosfer havas\u0131na at\u0131lan tullant\u0131lar\u0131n z\u0259r\u0259rsizl\u0259\u015fdirilm\u0259si m\u0259qs\u0259dil\u0259 \u00f6lk\u0259nin iri \u015f\u0259h\u0259rl\u0259rind\u0259 500-\u0259 yax\u0131n iri ictimai-ia\u015f\u0259 obyektind\u0259 t\u0259mizl\u0259yici qur\u011fular\u0131n qura\u015fd\u0131r\u0131lmas\u0131 t\u0259min olunub.oxu.az<\/p>\n","protected":false},"excerpt":{"rendered":"<p>Haz\u0131rda istismar olunan 1 milyon 402 mind\u0259n art\u0131q n\u0259qliyyat vasit\u0259sind\u0259n 35 fazinin istehsal tarixi 10 il,\u00a0 23 faizinin istehsal tarixi 20 ild\u0259n daha 19,1 faizinin istehsal tarixi is\u0259 30 ild\u0259n yuxar\u0131d\u0131r. ARANTV.AZ-\u0131n m\u0259lumat\u0131na g\u00f6r\u0259, bunu YAP-\u0131n Q\u0259rargah\u0131nda ke\u00e7iril\u0259n m\u0259tbuat konfrans\u0131nda Ekologiya v\u0259 T\u0259bii S\u0259rv\u0259tl\u0259r naziri Muxtar Babayev bildirib. Onun s\u00f6zl\u0259rin\u0259 g\u00f6r\u0259, 2016-c\u0131 ill\u0259 m\u00fcqayis\u0259d\u0259, 2018-ci ild\u0259 avtomobil idxal\u0131 be\u015f\u00a0d\u0259f\u0259d\u0259n \u00e7ox art\u0131b: \u201cN\u0259qliyyat sektorundan atmosfer\u0259 z\u0259r\u0259rli t\u0259sirl\u0259rin azald\u0131lmas\u0131 \u00fc\u00e7\u00fcn \u00f6lk\u0259nin avtomobil park\u0131n\u0131n yenil\u0259nm\u0259si, habel\u0259 ekoloji c\u0259h\u0259td\u0259n t\u0259miz n\u0259qliyyat vasit\u0259l\u0259rind\u0259n istifad\u0259nin geni\u015fl\u0259ndirilm\u0259sini t\u0259\u015fviq ed\u0259n m\u00fcxt\u0259lif vergi, g\u00f6mr\u00fck g\u00fcz\u0259\u015ftl\u0259ri, subsidiyalar\u0131n t\u0259tbiq edilm\u0259si s\u0259m\u0259r\u0259li&hellip;<\/p>\n","protected":false},"author":2,"featured_media":91006,"comment_status":"closed","ping_status":"closed","sticky":false,"template":"","format":"standard","meta":{"om_disable_all_campaigns":false,"_monsterinsights_skip_tracking":false,"_monsterinsights_sitenote_active":false,"_monsterinsights_sitenote_note":"","_monsterinsights_sitenote_category":0},"categories":[1],"tags":[],"aioseo_notices":[],"gutentor_comment":0,"rttpg_featured_image_url":{"full":["https:\/\/arantv.az\/wp-content\/uploads\/2019\/10\/915ccc006d5900b.jpg",620,412,false],"landscape":["https:\/\/arantv.az\/wp-content\/uploads\/2019\/10\/915ccc006d5900b.jpg",620,412,false],"portraits":["https:\/\/arantv.az\/wp-content\/uploads\/2019\/10\/915ccc006d5900b.jpg",620,412,false],"thumbnail":["https:\/\/arantv.az\/wp-content\/uploads\/2019\/10\/915ccc006d5900b-150x150.jpg",150,150,true],"medium":["https:\/\/arantv.az\/wp-content\/uploads\/2019\/10\/915ccc006d5900b-300x199.jpg",300,199,true],"large":["https:\/\/arantv.az\/wp-content\/uploads\/2019\/10\/915ccc006d5900b.jpg",620,412,false],"1536x1536":["https:\/\/arantv.az\/wp-content\/uploads\/2019\/10\/915ccc006d5900b.jpg",620,412,false],"2048x2048":["https:\/\/arantv.az\/wp-content\/uploads\/2019\/10\/915ccc006d5900b.jpg",620,412,false],"post-thumbnail":["https:\/\/arantv.az\/wp-content\/uploads\/2019\/10\/915ccc006d5900b-240x172.jpg",240,172,true],"advps-thumb-one":["https:\/\/arantv.az\/wp-content\/uploads\/2019\/10\/915ccc006d5900b.jpg",620,412,false]},"rttpg_author":{"display_name":"V\u00fcsal Rafiqo\u011flu","author_link":"https:\/\/arantv.az\/?author=2"},"rttpg_comment":0,"rttpg_category":"<a href=\"https:\/\/arantv.az\/?cat=1\" rel=\"category\">C\u0259miyy\u0259t<\/a>","rttpg_excerpt":"Haz\u0131rda istismar olunan 1 milyon 402 mind\u0259n art\u0131q n\u0259qliyyat vasit\u0259sind\u0259n 35 fazinin istehsal tarixi 10 il,\u00a0 23 faizinin istehsal tarixi 20 ild\u0259n daha 19,1 faizinin istehsal tarixi is\u0259 30 ild\u0259n yuxar\u0131d\u0131r. ARANTV.AZ-\u0131n m\u0259lumat\u0131na g\u00f6r\u0259, bunu YAP-\u0131n Q\u0259rargah\u0131nda ke\u00e7iril\u0259n m\u0259tbuat konfrans\u0131nda Ekologiya v\u0259 T\u0259bii S\u0259rv\u0259tl\u0259r naziri Muxtar Babayev bildirib. Onun s\u00f6zl\u0259rin\u0259 g\u00f6r\u0259, 2016-c\u0131 ill\u0259 m\u00fcqayis\u0259d\u0259, 2018-ci&hellip;","_links":{"self":[{"href":"https:\/\/arantv.az\/index.php?rest_route=\/wp\/v2\/posts\/91005"}],"collection":[{"href":"https:\/\/arantv.az\/index.php?rest_route=\/wp\/v2\/posts"}],"about":[{"href":"https:\/\/arantv.az\/index.php?rest_route=\/wp\/v2\/types\/post"}],"author":[{"embeddable":true,"href":"https:\/\/arantv.az\/index.php?rest_route=\/wp\/v2\/users\/2"}],"replies":[{"embeddable":true,"href":"https:\/\/arantv.az\/index.php?rest_route=%2Fwp%2Fv2%2Fcomments&post=91005"}],"version-history":[{"count":0,"href":"https:\/\/arantv.az\/index.php?rest_route=\/wp\/v2\/posts\/91005\/revisions"}],"wp:featuredmedia":[{"embeddable":true,"href":"https:\/\/arantv.az\/index.php?rest_route=\/wp\/v2\/media\/91006"}],"wp:attachment":[{"href":"https:\/\/arantv.az\/index.php?rest_route=%2Fwp%2Fv2%2Fmedia&parent=91005"}],"wp:term":[{"taxonomy":"category","embeddable":true,"href":"https:\/\/arantv.az\/index.php?rest_route=%2Fwp%2Fv2%2Fcategories&post=91005"},{"taxonomy":"post_tag","embeddable":true,"href":"https:\/\/arantv.az\/index.php?rest_route=%2Fwp%2Fv2%2Ftags&post=91005"}],"curies":[{"name":"wp","href":"https:\/\/api.w.org\/{rel}","templated":true}]}}