{"id":91014,"date":"2019-10-31T10:35:29","date_gmt":"2019-10-31T07:35:29","guid":{"rendered":"http:\/\/arantv.az\/?p=91014"},"modified":"2019-10-31T10:35:29","modified_gmt":"2019-10-31T07:35:29","slug":"az%c9%99rbaycanda-v%c9%99kil-burosunun-mudiri-avtomobill%c9%99-qadinin-ustund%c9%99n-kecdi-foto","status":"publish","type":"post","link":"https:\/\/arantv.az\/?p=91014","title":{"rendered":"Az\u0259rbaycanda V\u0259kil B\u00fcrosunun m\u00fcdiri avtomobill\u0259 qad\u0131n\u0131n \u00fcst\u00fcnd\u0259n ke\u00e7di &#8211; FOTO"},"content":{"rendered":"<p>Ab\u015feron rayonunda piyadan\u0131n \u00f6l\u00fcm\u00fc il\u0259 n\u0259tic\u0259l\u0259n\u0259n yol-n\u0259qliyyat hadis\u0259si ba\u015f verib.<\/p>\n<p><strong>ARANTV.AZ<\/strong> x\u0259b\u0259r verir ki, Fazil N\u0259hm\u0259tovun idar\u0259 etdiyi\u00a0\u201cVolkswagen\u201d markal\u0131, 99 NM 092 d\u00f6vl\u0259t n\u00f6mr\u0259 ni\u015fanl\u0131 avtomobil yolu ke\u00e7m\u0259k ist\u0259y\u0259n qad\u0131n\u0131 vurub.<\/p>\n<p>\u0130dar\u0259etm\u0259ni itir\u0259n s\u00fcr\u00fcc\u00fc piyadan\u0131 vurduqdan sonra onun \u00fcst\u00fcnd\u0259n ke\u00e7ib. T\u0259xmin\u0259n 30-35 ya\u015flar\u0131nda olan qad\u0131n hadis\u0259 yerind\u0259 \u00f6l\u00fcb.<\/p>\n<div id=\"AdviadNativeVideo0\" class=\"AdviadNativeVideo\"><\/div>\n<p>M\u0259lum olub ki, q\u0259zan\u0131 t\u00f6r\u0259d\u0259n s\u00fcr\u00fcc\u00fc F.N\u0259hm\u0259tov Sumqay\u0131t \u015f\u0259h\u0259r 1 sayl\u0131 V\u0259kil B\u00fcrosunun m\u00fcdiridir.<\/p>\n<p>F.N\u0259hm\u0259tov APA-ya a\u00e7\u0131qlamas\u0131nda fakt\u0131 t\u0259sdiql\u0259yib.<\/p>\n<p>\u00d6l\u0259nin \u015f\u0259xsiyy\u0259ti d\u0259qiql\u0259\u015fdirilir.<\/p>\n<p>\u018fraziy\u0259 Ab\u015feron Rayon D\u00f6vl\u0259t Yol Polisi \u0130dar\u0259sinin\u00a0\u0259m\u0259kda\u015flar\u0131 c\u0259lb olunub, ara\u015fd\u0131rma apar\u0131l\u0131r.<\/p>\n<p>Qeyd ed\u0259k ki, Report s\u0259h\u0259r saatlar\u0131nda avtomobilin \u00f6vlad\u0131n\u0131 m\u0259kt\u0259b\u0259 yola salan qad\u0131n\u0131 vuraraq \u00f6ld\u00fcrd\u00fcy\u00fc bar\u0259d\u0259 m\u0259lumat verib.<\/p>\n<div class=\"gallery\">\n<div class=\"gallery-i\"><img src=\"https:\/\/assets.oxu.az\/uploads\/W1siZiIsIjIwMTkvMTAvMzEvMTEvMDIvMzUvNWZmYjE0NTItZWQ3MS00YTkxLWE4NDYtZGY3Yjg2ZmFkMmZmLzgyNWRiYTgwMDFjOWFiNi5qcGciXSxbInAiLCJlbmNvZGUiLCJqcGciLCItcXVhbGl0eSA4MCJdLFsicCIsInRodW1iIiwiNTkweDU5MFx1MDAzZSJdXQ?sha=4d342356b6fc804f\" alt=\"\" \/><\/p>\n<div class=\"gallery-i-caption\"><\/div>\n<\/div>\n<div class=\"gallery-i\"><img src=\"https:\/\/assets.oxu.az\/uploads\/W1siZiIsIjIwMTkvMTAvMzEvMTEvMDIvMzUvZWRmOWQ2NTItYmFmYy00NzFkLWJhYTItN2RjNzkxNDE1MTYxLzM1ZGJhNzg1NjMxMDQ0LmpwZyJdLFsicCIsImVuY29kZSIsImpwZyIsIi1xdWFsaXR5IDgwIl0sWyJwIiwidGh1bWIiLCI1OTB4NTkwXHUwMDNlIl1d?sha=d7b9aed787b5a1df\" alt=\"\" \/><\/p>\n<div class=\"gallery-i-caption\"><\/div>\n<\/div>\n<div class=\"gallery-i\"><img src=\"https:\/\/assets.oxu.az\/uploads\/W1siZiIsIjIwMTkvMTAvMzEvMTEvMDIvMzUvMmUyZjljYmItNzhmYy00YmMzLTk3MTgtNmE3Mzg1ZjFjNjM1LzYzNWRiYTc4NTRlNjE1MC5qcGciXSxbInAiLCJlbmNvZGUiLCJqcGciLCItcXVhbGl0eSA4MCJdLFsicCIsInRodW1iIiwiNTkweDU5MFx1MDAzZSJdXQ?sha=184d7c278b776b89\" alt=\"\" \/><\/p>\n<div class=\"gallery-i-caption\"><\/div>\n<\/div>\n<div class=\"gallery-i\"><img src=\"https:\/\/assets.oxu.az\/uploads\/W1siZiIsIjIwMTkvMTAvMzEvMTEvMDIvMzUvYjNhY2Q0NzMtMGZiNy00N2QyLTgxMWQtNjQ5M2I2MGI0OWRiLzc0NWRiYTc4NTM4N2Y1NS5qcGciXSxbInAiLCJlbmNvZGUiLCJqcGciLCItcXVhbGl0eSA4MCJdLFsicCIsInRodW1iIiwiNTkweDU5MFx1MDAzZSJdXQ?sha=e3a9cac50aaa2567\" alt=\"\" \/><\/div>\n<div>apa<\/div>\n<\/div>\n","protected":false},"excerpt":{"rendered":"<p>Ab\u015feron rayonunda piyadan\u0131n \u00f6l\u00fcm\u00fc il\u0259 n\u0259tic\u0259l\u0259n\u0259n yol-n\u0259qliyyat hadis\u0259si ba\u015f verib. ARANTV.AZ x\u0259b\u0259r verir ki, Fazil N\u0259hm\u0259tovun idar\u0259 etdiyi\u00a0\u201cVolkswagen\u201d markal\u0131, 99 NM 092 d\u00f6vl\u0259t n\u00f6mr\u0259 ni\u015fanl\u0131 avtomobil yolu ke\u00e7m\u0259k ist\u0259y\u0259n qad\u0131n\u0131 vurub. \u0130dar\u0259etm\u0259ni itir\u0259n s\u00fcr\u00fcc\u00fc piyadan\u0131 vurduqdan sonra onun \u00fcst\u00fcnd\u0259n ke\u00e7ib. T\u0259xmin\u0259n 30-35 ya\u015flar\u0131nda olan qad\u0131n hadis\u0259 yerind\u0259 \u00f6l\u00fcb. M\u0259lum olub ki, q\u0259zan\u0131 t\u00f6r\u0259d\u0259n s\u00fcr\u00fcc\u00fc F.N\u0259hm\u0259tov Sumqay\u0131t \u015f\u0259h\u0259r 1 sayl\u0131 V\u0259kil B\u00fcrosunun m\u00fcdiridir. F.N\u0259hm\u0259tov APA-ya a\u00e7\u0131qlamas\u0131nda fakt\u0131 t\u0259sdiql\u0259yib. \u00d6l\u0259nin \u015f\u0259xsiyy\u0259ti d\u0259qiql\u0259\u015fdirilir. \u018fraziy\u0259 Ab\u015feron Rayon D\u00f6vl\u0259t Yol Polisi \u0130dar\u0259sinin\u00a0\u0259m\u0259kda\u015flar\u0131 c\u0259lb olunub, ara\u015fd\u0131rma apar\u0131l\u0131r. Qeyd ed\u0259k ki, Report s\u0259h\u0259r saatlar\u0131nda avtomobilin \u00f6vlad\u0131n\u0131 m\u0259kt\u0259b\u0259&hellip;<\/p>\n","protected":false},"author":2,"featured_media":91015,"comment_status":"closed","ping_status":"closed","sticky":false,"template":"","format":"standard","meta":{"om_disable_all_campaigns":false,"_monsterinsights_skip_tracking":false,"_monsterinsights_sitenote_active":false,"_monsterinsights_sitenote_note":"","_monsterinsights_sitenote_category":0},"categories":[5],"tags":[],"aioseo_notices":[],"gutentor_comment":0,"rttpg_featured_image_url":{"full":["https:\/\/arantv.az\/wp-content\/uploads\/2019\/10\/maxresdefault.jpg",620,405,false],"landscape":["https:\/\/arantv.az\/wp-content\/uploads\/2019\/10\/maxresdefault.jpg",620,405,false],"portraits":["https:\/\/arantv.az\/wp-content\/uploads\/2019\/10\/maxresdefault.jpg",620,405,false],"thumbnail":["https:\/\/arantv.az\/wp-content\/uploads\/2019\/10\/maxresdefault-150x150.jpg",150,150,true],"medium":["https:\/\/arantv.az\/wp-content\/uploads\/2019\/10\/maxresdefault-300x196.jpg",300,196,true],"large":["https:\/\/arantv.az\/wp-content\/uploads\/2019\/10\/maxresdefault.jpg",620,405,false],"1536x1536":["https:\/\/arantv.az\/wp-content\/uploads\/2019\/10\/maxresdefault.jpg",620,405,false],"2048x2048":["https:\/\/arantv.az\/wp-content\/uploads\/2019\/10\/maxresdefault.jpg",620,405,false],"post-thumbnail":["https:\/\/arantv.az\/wp-content\/uploads\/2019\/10\/maxresdefault-240x172.jpg",240,172,true],"advps-thumb-one":["https:\/\/arantv.az\/wp-content\/uploads\/2019\/10\/maxresdefault.jpg",620,405,false]},"rttpg_author":{"display_name":"V\u00fcsal Rafiqo\u011flu","author_link":"https:\/\/arantv.az\/?author=2"},"rttpg_comment":0,"rttpg_category":"<a href=\"https:\/\/arantv.az\/?cat=5\" rel=\"category\">Hadis\u0259<\/a>","rttpg_excerpt":"Ab\u015feron rayonunda piyadan\u0131n \u00f6l\u00fcm\u00fc il\u0259 n\u0259tic\u0259l\u0259n\u0259n yol-n\u0259qliyyat hadis\u0259si ba\u015f verib. ARANTV.AZ x\u0259b\u0259r verir ki, Fazil N\u0259hm\u0259tovun idar\u0259 etdiyi\u00a0\u201cVolkswagen\u201d markal\u0131, 99 NM 092 d\u00f6vl\u0259t n\u00f6mr\u0259 ni\u015fanl\u0131 avtomobil yolu ke\u00e7m\u0259k ist\u0259y\u0259n qad\u0131n\u0131 vurub. \u0130dar\u0259etm\u0259ni itir\u0259n s\u00fcr\u00fcc\u00fc piyadan\u0131 vurduqdan sonra onun \u00fcst\u00fcnd\u0259n ke\u00e7ib. T\u0259xmin\u0259n 30-35 ya\u015flar\u0131nda olan qad\u0131n hadis\u0259 yerind\u0259 \u00f6l\u00fcb. M\u0259lum olub ki, q\u0259zan\u0131 t\u00f6r\u0259d\u0259n s\u00fcr\u00fcc\u00fc F.N\u0259hm\u0259tov&hellip;","_links":{"self":[{"href":"https:\/\/arantv.az\/index.php?rest_route=\/wp\/v2\/posts\/91014"}],"collection":[{"href":"https:\/\/arantv.az\/index.php?rest_route=\/wp\/v2\/posts"}],"about":[{"href":"https:\/\/arantv.az\/index.php?rest_route=\/wp\/v2\/types\/post"}],"author":[{"embeddable":true,"href":"https:\/\/arantv.az\/index.php?rest_route=\/wp\/v2\/users\/2"}],"replies":[{"embeddable":true,"href":"https:\/\/arantv.az\/index.php?rest_route=%2Fwp%2Fv2%2Fcomments&post=91014"}],"version-history":[{"count":0,"href":"https:\/\/arantv.az\/index.php?rest_route=\/wp\/v2\/posts\/91014\/revisions"}],"wp:featuredmedia":[{"embeddable":true,"href":"https:\/\/arantv.az\/index.php?rest_route=\/wp\/v2\/media\/91015"}],"wp:attachment":[{"href":"https:\/\/arantv.az\/index.php?rest_route=%2Fwp%2Fv2%2Fmedia&parent=91014"}],"wp:term":[{"taxonomy":"category","embeddable":true,"href":"https:\/\/arantv.az\/index.php?rest_route=%2Fwp%2Fv2%2Fcategories&post=91014"},{"taxonomy":"post_tag","embeddable":true,"href":"https:\/\/arantv.az\/index.php?rest_route=%2Fwp%2Fv2%2Ftags&post=91014"}],"curies":[{"name":"wp","href":"https:\/\/api.w.org\/{rel}","templated":true}]}}