{"id":91022,"date":"2019-10-31T10:44:17","date_gmt":"2019-10-31T07:44:17","guid":{"rendered":"http:\/\/arantv.az\/?p=91022"},"modified":"2019-10-31T10:44:17","modified_gmt":"2019-10-31T07:44:17","slug":"diqq%c9%99t-bu-aydan-pensiyasi-200-manat-olanlar-ucun-vacib-x%c9%99b%c9%99r","status":"publish","type":"post","link":"https:\/\/arantv.az\/?p=91022","title":{"rendered":"D\u0130QQ\u018fT! Bu aydan pensiyas\u0131 200 manat olanlar \u00fc\u00e7\u00fcn VAC\u0130B X\u018fB\u018fR"},"content":{"rendered":"<p>Bu aydan etibar\u0259n minimum pensiya m\u0259bl\u0259\u011finin 200 manata \u00e7atd\u0131r\u0131lmas\u0131 pensiyaya \u00e7\u0131xmaq \u00fc\u00e7\u00fcn t\u0259l\u0259b edil\u0259n minimum pensiya kapital\u0131na t\u0259sir g\u00f6st\u0259rib.<\/p>\n<p><b>ARANTV.AZ\u00a0<\/b>\u00a0X\u0259z\u0259r TV-y\u0259 istinad\u0259n x\u0259b\u0259r verir ki, m\u00f6vcud qaydalara \u0259sas\u0259n pensiyaya \u00e7\u0131xmaq \u00fc\u00e7\u00fcn v\u0259t\u0259nda\u015f\u0131n hesab\u0131nda minimum 28800 manat v\u0259sait olmal\u0131d\u0131r. Yaxud da v\u0259t\u0259nda\u015f\u0131n 25 il s\u0131\u011forta staj\u0131 olmal\u0131d\u0131r.<\/p>\n<p>D\u00f6vl\u0259t Sosial M\u00fcdafi\u0259 Fondunun \u015f\u00f6b\u0259 m\u00fcdiri Eyvaz \u0130smay\u0131lov bildirib ki, n\u0259z\u0259rd\u0259 tutulan meyarlardan birinin olmamas\u0131 v\u0259t\u0259nda\u015f\u0131n pensiya almayaca\u011f\u0131 anlam\u0131na g\u0259lmir.<\/p>\n<p>Eyvaz \u0130smay\u0131lov qeyd edib ki, ild\u0259n-il\u0259 pensiya t\u0259minat\u0131 sah\u0259sind\u0259 islahatlar h\u0259yata ke\u00e7irilir, sistem daha da t\u0259kmill\u0259\u015fdirilir.N\u0259tic\u0259d\u0259 bir s\u0131ra amill\u0259r n\u0259z\u0259r\u0259 al\u0131n\u0131b.<\/p>\n<p>Fondun \u015f\u00f6b\u0259 m\u00fcdirinin s\u00f6zl\u0259rin\u0259 g\u00f6r\u0259, bununla yana\u015f\u0131 2019-cu ilin yanvar\u0131n 1-d\u0259n \u0259m\u0259k pensiyalar\u0131 haqq\u0131nda qanuna edil\u0259n d\u0259yi\u015fikliy\u0259 g\u00f6r\u0259 2019-2020-ci ill\u0259rd\u0259 \u0259m\u0259k pensiyas\u0131 ya\u015f\u0131na \u00e7atm\u0131\u015f \u015f\u0259xsl\u0259rin f\u0259rdi hesab\u0131nda 2018-ci ilin 1 iyul tarixin\u0259d\u0259k m\u0259bl\u0259\u011find\u0259n as\u0131l\u0131 olmayaraq pensiya kapital\u0131 qeyd\u0259 al\u0131n\u0131bsa, onlara \u0259m\u0259k pensiyas\u0131 t\u0259yin edil\u0259rk\u0259n 25 il sosial s\u0131\u011forta staji h\u0259diyy\u0259 edilir.<\/p>\n<p>Minimum pensiya m\u0259bl\u0259\u011fi art\u0131qca t\u0259l\u0259b edil\u0259n minimal pensiya kapital\u0131 da avtomatik art\u0131r.<\/p>\n<p>B\u0259zi ekspertl\u0259r hesab edir ki,g\u0259l\u0259c\u0259kd\u0259 minimum pensiya m\u0259bl\u0259\u011fi 200 manat deyil 300 manat olsa, o zaman t\u0259l\u0259b edil\u0259n minimum pensiya kapital\u0131 43200 olacaq.<\/p>\n<p>Bu is\u0259 g\u0259l\u0259c\u0259kd\u0259 pensiya t\u0259yinat\u0131nda probleml\u0259r\u0259 s\u0259b\u0259b ola bil\u0259r.Ona g\u00f6r\u0259 d\u0259 pensiya kapital\u0131n\u0131n bir hiss\u0259sinin d\u00f6vl\u0259t t\u0259r\u0259find\u0259n maliyy\u0259l\u0259\u015fdirilm\u0259si t\u0259klif edilir.<\/p>\n<p>D\u00f6vl\u0259t sosial m\u00fcdafi\u0259 fondunun \u015f\u00f6b\u0259 m\u00fcdiri bildirib ki, m\u00f6vcud qanunvericilik h\u0259l\u0259ki pensiya s\u0131\u011fortaolunanlar\u0131 \u0259hat\u0259 edir. Eyvaz \u0130smay\u0131lov \u0259lav\u0259 edib ki, ild\u0259n-il\u0259 pensiya islahatlar\u0131n\u0131n davam etdiyini n\u0259z\u0259r\u0259 alsaq, ehtiyac olarsa bu m\u0259s\u0259l\u0259y\u0259 d\u0259 bax\u0131la bil\u0259r.<\/p>\n<div class=\"embed-responsive embed-responsive-16by9\"><iframe loading=\"lazy\" id=\"nmqembedid\" class=\"embed-responsive-item\" title=\"video player\" src=\"https:\/\/izle.az\/embed\/qyyxDbQINw0z9Q7IdysGAA~~\" width=\"600\" height=\"340\" frameborder=\"0\" scrolling=\"no\" allowfullscreen=\"allowfullscreen\" data-mce-fragment=\"1\"><\/iframe><\/div>\n<p>&nbsp;<\/p>\n","protected":false},"excerpt":{"rendered":"<p>Bu aydan etibar\u0259n minimum pensiya m\u0259bl\u0259\u011finin 200 manata \u00e7atd\u0131r\u0131lmas\u0131 pensiyaya \u00e7\u0131xmaq \u00fc\u00e7\u00fcn t\u0259l\u0259b edil\u0259n minimum pensiya kapital\u0131na t\u0259sir g\u00f6st\u0259rib. ARANTV.AZ\u00a0\u00a0X\u0259z\u0259r TV-y\u0259 istinad\u0259n x\u0259b\u0259r verir ki, m\u00f6vcud qaydalara \u0259sas\u0259n pensiyaya \u00e7\u0131xmaq \u00fc\u00e7\u00fcn v\u0259t\u0259nda\u015f\u0131n hesab\u0131nda minimum 28800 manat v\u0259sait olmal\u0131d\u0131r. Yaxud da v\u0259t\u0259nda\u015f\u0131n 25 il s\u0131\u011forta staj\u0131 olmal\u0131d\u0131r. D\u00f6vl\u0259t Sosial M\u00fcdafi\u0259 Fondunun \u015f\u00f6b\u0259 m\u00fcdiri Eyvaz \u0130smay\u0131lov bildirib ki, n\u0259z\u0259rd\u0259 tutulan meyarlardan birinin olmamas\u0131 v\u0259t\u0259nda\u015f\u0131n pensiya almayaca\u011f\u0131 anlam\u0131na g\u0259lmir. Eyvaz \u0130smay\u0131lov qeyd edib ki, ild\u0259n-il\u0259 pensiya t\u0259minat\u0131 sah\u0259sind\u0259 islahatlar h\u0259yata ke\u00e7irilir, sistem daha da t\u0259kmill\u0259\u015fdirilir.N\u0259tic\u0259d\u0259 bir s\u0131ra amill\u0259r n\u0259z\u0259r\u0259 al\u0131n\u0131b. Fondun \u015f\u00f6b\u0259 m\u00fcdirinin&hellip;<\/p>\n","protected":false},"author":2,"featured_media":91024,"comment_status":"closed","ping_status":"closed","sticky":false,"template":"","format":"standard","meta":{"om_disable_all_campaigns":false,"_monsterinsights_skip_tracking":false,"_monsterinsights_sitenote_active":false,"_monsterinsights_sitenote_note":"","_monsterinsights_sitenote_category":0},"categories":[1],"tags":[],"aioseo_notices":[],"gutentor_comment":0,"rttpg_featured_image_url":{"full":["https:\/\/arantv.az\/wp-content\/uploads\/2019\/10\/254.png",473,299,false],"landscape":["https:\/\/arantv.az\/wp-content\/uploads\/2019\/10\/254.png",473,299,false],"portraits":["https:\/\/arantv.az\/wp-content\/uploads\/2019\/10\/254.png",473,299,false],"thumbnail":["https:\/\/arantv.az\/wp-content\/uploads\/2019\/10\/254-150x150.png",150,150,true],"medium":["https:\/\/arantv.az\/wp-content\/uploads\/2019\/10\/254-300x190.png",300,190,true],"large":["https:\/\/arantv.az\/wp-content\/uploads\/2019\/10\/254.png",473,299,false],"1536x1536":["https:\/\/arantv.az\/wp-content\/uploads\/2019\/10\/254.png",473,299,false],"2048x2048":["https:\/\/arantv.az\/wp-content\/uploads\/2019\/10\/254.png",473,299,false],"post-thumbnail":["https:\/\/arantv.az\/wp-content\/uploads\/2019\/10\/254-240x172.png",240,172,true],"advps-thumb-one":["https:\/\/arantv.az\/wp-content\/uploads\/2019\/10\/254.png",473,299,false]},"rttpg_author":{"display_name":"V\u00fcsal Rafiqo\u011flu","author_link":"https:\/\/arantv.az\/?author=2"},"rttpg_comment":0,"rttpg_category":"<a href=\"https:\/\/arantv.az\/?cat=1\" rel=\"category\">C\u0259miyy\u0259t<\/a>","rttpg_excerpt":"Bu aydan etibar\u0259n minimum pensiya m\u0259bl\u0259\u011finin 200 manata \u00e7atd\u0131r\u0131lmas\u0131 pensiyaya \u00e7\u0131xmaq \u00fc\u00e7\u00fcn t\u0259l\u0259b edil\u0259n minimum pensiya kapital\u0131na t\u0259sir g\u00f6st\u0259rib. ARANTV.AZ\u00a0\u00a0X\u0259z\u0259r TV-y\u0259 istinad\u0259n x\u0259b\u0259r verir ki, m\u00f6vcud qaydalara \u0259sas\u0259n pensiyaya \u00e7\u0131xmaq \u00fc\u00e7\u00fcn v\u0259t\u0259nda\u015f\u0131n hesab\u0131nda minimum 28800 manat v\u0259sait olmal\u0131d\u0131r. Yaxud da v\u0259t\u0259nda\u015f\u0131n 25 il s\u0131\u011forta staj\u0131 olmal\u0131d\u0131r. D\u00f6vl\u0259t Sosial M\u00fcdafi\u0259 Fondunun \u015f\u00f6b\u0259 m\u00fcdiri Eyvaz \u0130smay\u0131lov bildirib&hellip;","_links":{"self":[{"href":"https:\/\/arantv.az\/index.php?rest_route=\/wp\/v2\/posts\/91022"}],"collection":[{"href":"https:\/\/arantv.az\/index.php?rest_route=\/wp\/v2\/posts"}],"about":[{"href":"https:\/\/arantv.az\/index.php?rest_route=\/wp\/v2\/types\/post"}],"author":[{"embeddable":true,"href":"https:\/\/arantv.az\/index.php?rest_route=\/wp\/v2\/users\/2"}],"replies":[{"embeddable":true,"href":"https:\/\/arantv.az\/index.php?rest_route=%2Fwp%2Fv2%2Fcomments&post=91022"}],"version-history":[{"count":0,"href":"https:\/\/arantv.az\/index.php?rest_route=\/wp\/v2\/posts\/91022\/revisions"}],"wp:featuredmedia":[{"embeddable":true,"href":"https:\/\/arantv.az\/index.php?rest_route=\/wp\/v2\/media\/91024"}],"wp:attachment":[{"href":"https:\/\/arantv.az\/index.php?rest_route=%2Fwp%2Fv2%2Fmedia&parent=91022"}],"wp:term":[{"taxonomy":"category","embeddable":true,"href":"https:\/\/arantv.az\/index.php?rest_route=%2Fwp%2Fv2%2Fcategories&post=91022"},{"taxonomy":"post_tag","embeddable":true,"href":"https:\/\/arantv.az\/index.php?rest_route=%2Fwp%2Fv2%2Ftags&post=91022"}],"curies":[{"name":"wp","href":"https:\/\/api.w.org\/{rel}","templated":true}]}}