{"id":91031,"date":"2019-10-31T11:18:04","date_gmt":"2019-10-31T08:18:04","guid":{"rendered":"http:\/\/arantv.az\/?p=91031"},"modified":"2019-10-31T11:18:04","modified_gmt":"2019-10-31T08:18:04","slug":"az%c9%99rbaycanda-yeni-milli-mes%c9%99-proqrami-hazirlanir","status":"publish","type":"post","link":"https:\/\/arantv.az\/?p=91031","title":{"rendered":"Az\u0259rbaycanda yeni Milli Me\u015f\u0259 proqram\u0131 haz\u0131rlan\u0131r"},"content":{"rendered":"<blockquote><p><em><strong>Me\u015f\u0259l\u0259rin art\u0131r\u0131lmas\u0131 v\u0259 m\u00fchafiz\u0259si prioritet istiqam\u0259tl\u0259rimizd\u0259n biridir. \u00d6lk\u0259 \u0259razisinin 95%-nin qazla t\u0259min olunmas\u0131 hesab\u0131na me\u015f\u0259l\u0259r\u0259 neqativ t\u0259sirl\u0259rin miqyas\u0131 \u0259h\u0259miyy\u0259tli d\u0259r\u0259c\u0259d\u0259 azal\u0131b.<\/strong><\/em><\/p><\/blockquote>\n<p><strong>ARANTV.AZ<\/strong>\u00a0<a href=\"http:\/\/az.trend.az\/\" target=\"_blank\" rel=\"noopener\">Trend<\/a>-\u0259 istinad\u0259n bildirir ki,\u00a0bunu Ekologiya v\u0259 T\u0259bii S\u0259rv\u0259tl\u0259r naziri Muxtar Babayev Yeni Az\u0259rbaycan Partiyas\u0131nda ke\u00e7iril\u0259n m\u0259tbuat konfrans\u0131nda deyib.<\/p>\n<p>Nazir bildirib ki, me\u015f\u0259y\u0259 qulluq m\u0259qs\u0259dil\u0259 t\u0259dar\u00fck olunan oduncaq, h\u0259l\u0259 ki qazla\u015fmayan ya\u015fay\u0131\u015f m\u0259nt\u0259q\u0259l\u0259rinin sakinl\u0259rin\u0259, T\u0259hsil, S\u0259hiyy\u0259 m\u00fc\u0259ssis\u0259l\u0259rin\u0259, M\u00fcdafi\u0259 Nazirliyinin, Daxili v\u0259 S\u0259rh\u0259d Qo\u015funlar\u0131n\u0131n h\u0259rbi hiss\u0259l\u0259rin\u0259 q\u0131\u015f yanaca\u011f\u0131 (2019-cu il \u00fczr\u0259 62 min kubmetr) kimi verilir:<\/p>\n<p>&#8220;Me\u015f\u0259 fondunun a\u00e7\u0131q sah\u0259l\u0259ri \u0259rzaq t\u0259hl\u00fck\u0259sizliyini t\u0259min etm\u0259k v\u0259 \u0259rzaq bollu\u011fu yaratmaq m\u0259qs\u0259dil\u0259 h\u00fcquqi v\u0259 fiziki \u015f\u0259xsl\u0259r\u0259 aqroba\u011flar\u0131n sal\u0131nmas\u0131 \u00fc\u00e7\u00fcn uzunm\u00fcdd\u0259tli icar\u0259y\u0259 verilir. Me\u015f\u0259l\u0259rin m\u00fchafiz\u0259sini v\u0259 yan\u011f\u0131n t\u0259hl\u00fck\u0259sizliyini t\u0259min etm\u0259k m\u0259qs\u0259dil\u0259 Zaqatala, \u015e\u0259ki, Qax, O\u011fuz v\u0259 Q\u0259b\u0259l\u0259 rayonlar\u0131nda m\u00fc\u015fahid\u0259 kameralar\u0131 qura\u015fd\u0131r\u0131l\u0131b v\u0259 bu istiqam\u0259td\u0259 i\u015fl\u0259r davam edir. Me\u015f\u0259l\u0259rin dayan\u0131ql\u0131 inki\u015faf\u0131n\u0131 t\u0259min etm\u0259k m\u0259qs\u0259dil\u0259 k\u0259nar t\u0259sirl\u0259r\u0259 daha \u00e7ox m\u0259ruz qalan yerl\u0259rd\u0259 y\u00fcng\u00fcl konstruksiyal\u0131 \u00e7\u0259p\u0259rl\u0259m\u0259 i\u015fl\u0259ri apar\u0131l\u0131r&#8221;.<\/p>\n<p>M.Babayev qeyd edib ki, kadr potensial\u0131n\u0131 art\u0131rmaq m\u0259qs\u0259dil\u0259 Me\u015f\u0259 M\u00fch\u0259ndisl\u0259rinin haz\u0131rlanmas\u0131 \u00fc\u00e7\u00fcn g\u0259ncl\u0259r Rusiya Federasiyas\u0131n\u0131n v\u0259 T\u00fcrkiy\u0259 Respublikas\u0131n\u0131n ali m\u0259kt\u0259bl\u0259rin\u0259 g\u00f6nd\u0259rilir. \u00dcmumilikd\u0259 son 1 il \u0259rzind\u0259 nazirliyin 10% i\u015f\u00e7isi treninql\u0259r\u0259 c\u0259lb olunub.<\/p>\n<div>\n<div id=\"AdviadNativeVideo0\" class=\"AdviadNativeVideo\"><\/div>\n<\/div>\n<p>Az\u0259rbaycanda yeni Milli Me\u015f\u0259 proqram\u0131n\u0131n haz\u0131rland\u0131\u011f\u0131n\u0131 bildir\u0259n nazir vur\u011fulay\u0131b ki, me\u015f\u0259l\u0259rin b\u0259rpas\u0131 istiqam\u0259tind\u0259 ciddi i\u015f apar\u0131l\u0131r.<\/p>\n<p>M.Babayev \u0259lav\u0259 edib ki, noyabr\u0131n ay\u0131nda Birinci vitse-prezident Mehriban xan\u0131m \u018fliyevan\u0131n t\u0259\u015f\u0259bb\u00fcs\u00fc il\u0259 b\u00f6y\u00fck \u015fairimiz \u0130mad\u0259ddin N\u0259siminin 650 illik yubileyi il\u0259 \u0259laq\u0259dar 650 min a\u011fac\u0131n \u0259kilm\u0259si h\u0259yata ke\u00e7iril\u0259c\u0259k: &#8220;A\u011faclar m\u00fcxt\u0259lifn\u00f6vl\u00fcd\u00fcr v\u0259 ham\u0131s\u0131 Az\u0259rbaycan istehsal\u0131 olan a\u011faclard\u0131r. A\u011faclar \u0259kildikd\u0259n sonra onlara qulluq v\u0259 n\u0259zar\u0259t edilm\u0259sind\u0259 ictimaiyy\u0259t d\u0259 aktiv olmal\u0131d\u0131r&#8221;.<\/p>\n","protected":false},"excerpt":{"rendered":"<p>Me\u015f\u0259l\u0259rin art\u0131r\u0131lmas\u0131 v\u0259 m\u00fchafiz\u0259si prioritet istiqam\u0259tl\u0259rimizd\u0259n biridir. \u00d6lk\u0259 \u0259razisinin 95%-nin qazla t\u0259min olunmas\u0131 hesab\u0131na me\u015f\u0259l\u0259r\u0259 neqativ t\u0259sirl\u0259rin miqyas\u0131 \u0259h\u0259miyy\u0259tli d\u0259r\u0259c\u0259d\u0259 azal\u0131b. ARANTV.AZ\u00a0Trend-\u0259 istinad\u0259n bildirir ki,\u00a0bunu Ekologiya v\u0259 T\u0259bii S\u0259rv\u0259tl\u0259r naziri Muxtar Babayev Yeni Az\u0259rbaycan Partiyas\u0131nda ke\u00e7iril\u0259n m\u0259tbuat konfrans\u0131nda deyib. Nazir bildirib ki, me\u015f\u0259y\u0259 qulluq m\u0259qs\u0259dil\u0259 t\u0259dar\u00fck olunan oduncaq, h\u0259l\u0259 ki qazla\u015fmayan ya\u015fay\u0131\u015f m\u0259nt\u0259q\u0259l\u0259rinin sakinl\u0259rin\u0259, T\u0259hsil, S\u0259hiyy\u0259 m\u00fc\u0259ssis\u0259l\u0259rin\u0259, M\u00fcdafi\u0259 Nazirliyinin, Daxili v\u0259 S\u0259rh\u0259d Qo\u015funlar\u0131n\u0131n h\u0259rbi hiss\u0259l\u0259rin\u0259 q\u0131\u015f yanaca\u011f\u0131 (2019-cu il \u00fczr\u0259 62 min kubmetr) kimi verilir: &#8220;Me\u015f\u0259 fondunun a\u00e7\u0131q sah\u0259l\u0259ri \u0259rzaq t\u0259hl\u00fck\u0259sizliyini t\u0259min etm\u0259k v\u0259 \u0259rzaq bollu\u011fu yaratmaq m\u0259qs\u0259dil\u0259 h\u00fcquqi v\u0259&hellip;<\/p>\n","protected":false},"author":2,"featured_media":91032,"comment_status":"closed","ping_status":"closed","sticky":false,"template":"","format":"standard","meta":{"om_disable_all_campaigns":false,"_monsterinsights_skip_tracking":false,"_monsterinsights_sitenote_active":false,"_monsterinsights_sitenote_note":"","_monsterinsights_sitenote_category":0},"categories":[1],"tags":[],"aioseo_notices":[],"gutentor_comment":0,"rttpg_featured_image_url":{"full":["https:\/\/arantv.az\/wp-content\/uploads\/2019\/10\/798508.jpg",800,600,false],"landscape":["https:\/\/arantv.az\/wp-content\/uploads\/2019\/10\/798508.jpg",800,600,false],"portraits":["https:\/\/arantv.az\/wp-content\/uploads\/2019\/10\/798508.jpg",800,600,false],"thumbnail":["https:\/\/arantv.az\/wp-content\/uploads\/2019\/10\/798508-150x150.jpg",150,150,true],"medium":["https:\/\/arantv.az\/wp-content\/uploads\/2019\/10\/798508-300x225.jpg",300,225,true],"large":["https:\/\/arantv.az\/wp-content\/uploads\/2019\/10\/798508.jpg",640,480,false],"1536x1536":["https:\/\/arantv.az\/wp-content\/uploads\/2019\/10\/798508.jpg",800,600,false],"2048x2048":["https:\/\/arantv.az\/wp-content\/uploads\/2019\/10\/798508.jpg",800,600,false],"post-thumbnail":["https:\/\/arantv.az\/wp-content\/uploads\/2019\/10\/798508-240x172.jpg",240,172,true],"advps-thumb-one":["https:\/\/arantv.az\/wp-content\/uploads\/2019\/10\/798508.jpg",800,600,false]},"rttpg_author":{"display_name":"V\u00fcsal Rafiqo\u011flu","author_link":"https:\/\/arantv.az\/?author=2"},"rttpg_comment":0,"rttpg_category":"<a href=\"https:\/\/arantv.az\/?cat=1\" rel=\"category\">C\u0259miyy\u0259t<\/a>","rttpg_excerpt":"Me\u015f\u0259l\u0259rin art\u0131r\u0131lmas\u0131 v\u0259 m\u00fchafiz\u0259si prioritet istiqam\u0259tl\u0259rimizd\u0259n biridir. \u00d6lk\u0259 \u0259razisinin 95%-nin qazla t\u0259min olunmas\u0131 hesab\u0131na me\u015f\u0259l\u0259r\u0259 neqativ t\u0259sirl\u0259rin miqyas\u0131 \u0259h\u0259miyy\u0259tli d\u0259r\u0259c\u0259d\u0259 azal\u0131b. ARANTV.AZ\u00a0Trend-\u0259 istinad\u0259n bildirir ki,\u00a0bunu Ekologiya v\u0259 T\u0259bii S\u0259rv\u0259tl\u0259r naziri Muxtar Babayev Yeni Az\u0259rbaycan Partiyas\u0131nda ke\u00e7iril\u0259n m\u0259tbuat konfrans\u0131nda deyib. Nazir bildirib ki, me\u015f\u0259y\u0259 qulluq m\u0259qs\u0259dil\u0259 t\u0259dar\u00fck olunan oduncaq, h\u0259l\u0259 ki qazla\u015fmayan ya\u015fay\u0131\u015f m\u0259nt\u0259q\u0259l\u0259rinin sakinl\u0259rin\u0259, T\u0259hsil,&hellip;","_links":{"self":[{"href":"https:\/\/arantv.az\/index.php?rest_route=\/wp\/v2\/posts\/91031"}],"collection":[{"href":"https:\/\/arantv.az\/index.php?rest_route=\/wp\/v2\/posts"}],"about":[{"href":"https:\/\/arantv.az\/index.php?rest_route=\/wp\/v2\/types\/post"}],"author":[{"embeddable":true,"href":"https:\/\/arantv.az\/index.php?rest_route=\/wp\/v2\/users\/2"}],"replies":[{"embeddable":true,"href":"https:\/\/arantv.az\/index.php?rest_route=%2Fwp%2Fv2%2Fcomments&post=91031"}],"version-history":[{"count":0,"href":"https:\/\/arantv.az\/index.php?rest_route=\/wp\/v2\/posts\/91031\/revisions"}],"wp:featuredmedia":[{"embeddable":true,"href":"https:\/\/arantv.az\/index.php?rest_route=\/wp\/v2\/media\/91032"}],"wp:attachment":[{"href":"https:\/\/arantv.az\/index.php?rest_route=%2Fwp%2Fv2%2Fmedia&parent=91031"}],"wp:term":[{"taxonomy":"category","embeddable":true,"href":"https:\/\/arantv.az\/index.php?rest_route=%2Fwp%2Fv2%2Fcategories&post=91031"},{"taxonomy":"post_tag","embeddable":true,"href":"https:\/\/arantv.az\/index.php?rest_route=%2Fwp%2Fv2%2Ftags&post=91031"}],"curies":[{"name":"wp","href":"https:\/\/api.w.org\/{rel}","templated":true}]}}