{"id":91035,"date":"2019-10-31T11:18:54","date_gmt":"2019-10-31T08:18:54","guid":{"rendered":"http:\/\/arantv.az\/?p=91035"},"modified":"2019-10-31T11:18:54","modified_gmt":"2019-10-31T08:18:54","slug":"az%c9%99rbaycanda-suyun-q%c9%99na%c9%99tl%c9%99-istifad%c9%99-edilm%c9%99sin%c9%99-dair-proqramlar-h%c9%99yata-keciril%c9%99c%c9%99k","status":"publish","type":"post","link":"https:\/\/arantv.az\/?p=91035","title":{"rendered":"Az\u0259rbaycanda suyun q\u0259na\u0259tl\u0259 istifad\u0259 edilm\u0259sin\u0259 dair proqramlar h\u0259yata ke\u00e7iril\u0259c\u0259k"},"content":{"rendered":"<blockquote><p><em><strong>Az\u0259rbaycan\u0131n su ehtiyatlar\u0131 C\u0259nubi Qafqaz\u0131n su ehtiyatlar\u0131n\u0131n 15%-ni t\u0259\u015fkil edir.<\/strong><\/em><\/p><\/blockquote>\n<p><strong>ARANTV.AZ<\/strong>\u00a0\u00a0<a href=\"http:\/\/az.trend.az\/\" target=\"_blank\" rel=\"noopener\">Trend<\/a>-\u0259 istinad\u0259n bildirir ki,\u00a0bunu Ekologiya v\u0259 T\u0259bii S\u0259rv\u0259tl\u0259r naziri Muxtar Babayev Yeni Az\u0259rbaycan Partiyas\u0131nda ke\u00e7iril\u0259n m\u0259tbuat konfrans\u0131nda deyib.<\/p>\n<p>Nazir bildirib ki, su ehtiyatlar\u0131m\u0131z son onillikl\u0259rd\u0259 azal\u0131b v\u0259 beyn\u0259lxalq iqlim modell\u0259rin\u0259 \u0259sas\u0259n g\u0259l\u0259c\u0259kd\u0259 d\u0259 azalma ehtimal\u0131 var:<\/p>\n<p>&#8220;K\u00fcr \u00e7ay\u0131n\u0131n a\u015fa\u011f\u0131 ax\u0131n\u0131nda suyun s\u0259viyy\u0259si m\u00fcxt\u0259lif m\u0259nt\u0259q\u0259l\u0259rd\u0259 2018-ci il il\u0259 m\u00fcqayis\u0259d\u0259 a\u015fa\u011f\u0131d\u0131r. Ming\u0259\u00e7evir su anbar\u0131n\u0131n s\u0259viyy\u0259si t\u0259kc\u0259 oktyabr ay\u0131 \u0259rzind\u0259 33 sm azal\u0131b v\u0259 haz\u0131rda 68,54 m t\u0259\u015fkil edir (2018-ci ilin oktyabr\u0131nda s\u0259viyy\u0259 70,78 m t\u0259\u015fkil edirdi). \u00d6lk\u0259d\u0259 il \u0259rzind\u0259 su m\u0259nb\u0259l\u0259rind\u0259n g\u00f6t\u00fcr\u00fcl\u0259n 12.8 milyard kubmetr suyun 3.6 milyard kubmetri (28%) itkiy\u0259 gedir&#8221;.<\/p>\n<div>\n<div id=\"AdviadNativeVideo0\" class=\"AdviadNativeVideo\"><\/div>\n<\/div>\n<p>Nazir vur\u011fulay\u0131b ki, \u0259sas su itkil\u0259ri torpaq m\u0259crada tikilmi\u015f suvarma kanallar\u0131 v\u0259 t\u0259s\u0259rr\u00fcfatdaxili suvarma \u015f\u0259b\u0259k\u0259l\u0259rind\u0259 ba\u015f verir: &#8220;Sular\u0131n d\u0259qiq u\u00e7otunun apar\u0131lmas\u0131, el\u0259c\u0259 d\u0259 tullant\u0131 sular\u0131n t\u0259krar d\u00f6vriyy\u0259y\u0259 qaytar\u0131laraq texniki m\u0259qs\u0259dl\u0259r \u00fc\u00e7\u00fcn istifad\u0259 olunmas\u0131na q\u0259d\u0259r b\u00fct\u00fcn sistemin t\u0259kmill\u0259\u015fdirilm\u0259si t\u0259klif olunur. Suyun q\u0259na\u0259tl\u0259 istifad\u0259 edilm\u0259sin\u0259 dair proqramlar h\u0259yata ke\u00e7iril\u0259c\u0259k. Biz riskl\u0259ri d\u00fczg\u00fcn d\u0259y\u0259rl\u0259ndirm\u0259liyik v\u0259 sudan q\u0259na\u0259tl\u0259 istifad\u0259 etm\u0259y\u0259 n\u0259zar\u0259t h\u0259m d\u00f6vl\u0259t t\u0259r\u0259find\u0259n, h\u0259m d\u0259 ictimaiyy\u0259t t\u0259r\u0259find\u0259n g\u00fccl\u0259ndirilm\u0259lidir&#8221;.<\/p>\n","protected":false},"excerpt":{"rendered":"<p>Az\u0259rbaycan\u0131n su ehtiyatlar\u0131 C\u0259nubi Qafqaz\u0131n su ehtiyatlar\u0131n\u0131n 15%-ni t\u0259\u015fkil edir. ARANTV.AZ\u00a0\u00a0Trend-\u0259 istinad\u0259n bildirir ki,\u00a0bunu Ekologiya v\u0259 T\u0259bii S\u0259rv\u0259tl\u0259r naziri Muxtar Babayev Yeni Az\u0259rbaycan Partiyas\u0131nda ke\u00e7iril\u0259n m\u0259tbuat konfrans\u0131nda deyib. Nazir bildirib ki, su ehtiyatlar\u0131m\u0131z son onillikl\u0259rd\u0259 azal\u0131b v\u0259 beyn\u0259lxalq iqlim modell\u0259rin\u0259 \u0259sas\u0259n g\u0259l\u0259c\u0259kd\u0259 d\u0259 azalma ehtimal\u0131 var: &#8220;K\u00fcr \u00e7ay\u0131n\u0131n a\u015fa\u011f\u0131 ax\u0131n\u0131nda suyun s\u0259viyy\u0259si m\u00fcxt\u0259lif m\u0259nt\u0259q\u0259l\u0259rd\u0259 2018-ci il il\u0259 m\u00fcqayis\u0259d\u0259 a\u015fa\u011f\u0131d\u0131r. Ming\u0259\u00e7evir su anbar\u0131n\u0131n s\u0259viyy\u0259si t\u0259kc\u0259 oktyabr ay\u0131 \u0259rzind\u0259 33 sm azal\u0131b v\u0259 haz\u0131rda 68,54 m t\u0259\u015fkil edir (2018-ci ilin oktyabr\u0131nda s\u0259viyy\u0259 70,78 m t\u0259\u015fkil edirdi). \u00d6lk\u0259d\u0259 il \u0259rzind\u0259 su m\u0259nb\u0259l\u0259rind\u0259n g\u00f6t\u00fcr\u00fcl\u0259n&hellip;<\/p>\n","protected":false},"author":2,"featured_media":91036,"comment_status":"closed","ping_status":"closed","sticky":false,"template":"","format":"standard","meta":{"om_disable_all_campaigns":false,"_monsterinsights_skip_tracking":false,"_monsterinsights_sitenote_active":false,"_monsterinsights_sitenote_note":"","_monsterinsights_sitenote_category":0},"categories":[1],"tags":[],"aioseo_notices":[],"gutentor_comment":0,"rttpg_featured_image_url":{"full":["https:\/\/arantv.az\/wp-content\/uploads\/2019\/10\/el_yumaq_0687.jpg",800,600,false],"landscape":["https:\/\/arantv.az\/wp-content\/uploads\/2019\/10\/el_yumaq_0687.jpg",800,600,false],"portraits":["https:\/\/arantv.az\/wp-content\/uploads\/2019\/10\/el_yumaq_0687.jpg",800,600,false],"thumbnail":["https:\/\/arantv.az\/wp-content\/uploads\/2019\/10\/el_yumaq_0687-150x150.jpg",150,150,true],"medium":["https:\/\/arantv.az\/wp-content\/uploads\/2019\/10\/el_yumaq_0687-300x225.jpg",300,225,true],"large":["https:\/\/arantv.az\/wp-content\/uploads\/2019\/10\/el_yumaq_0687.jpg",640,480,false],"1536x1536":["https:\/\/arantv.az\/wp-content\/uploads\/2019\/10\/el_yumaq_0687.jpg",800,600,false],"2048x2048":["https:\/\/arantv.az\/wp-content\/uploads\/2019\/10\/el_yumaq_0687.jpg",800,600,false],"post-thumbnail":["https:\/\/arantv.az\/wp-content\/uploads\/2019\/10\/el_yumaq_0687-240x172.jpg",240,172,true],"advps-thumb-one":["https:\/\/arantv.az\/wp-content\/uploads\/2019\/10\/el_yumaq_0687.jpg",800,600,false]},"rttpg_author":{"display_name":"V\u00fcsal Rafiqo\u011flu","author_link":"https:\/\/arantv.az\/?author=2"},"rttpg_comment":0,"rttpg_category":"<a href=\"https:\/\/arantv.az\/?cat=1\" rel=\"category\">C\u0259miyy\u0259t<\/a>","rttpg_excerpt":"Az\u0259rbaycan\u0131n su ehtiyatlar\u0131 C\u0259nubi Qafqaz\u0131n su ehtiyatlar\u0131n\u0131n 15%-ni t\u0259\u015fkil edir. ARANTV.AZ\u00a0\u00a0Trend-\u0259 istinad\u0259n bildirir ki,\u00a0bunu Ekologiya v\u0259 T\u0259bii S\u0259rv\u0259tl\u0259r naziri Muxtar Babayev Yeni Az\u0259rbaycan Partiyas\u0131nda ke\u00e7iril\u0259n m\u0259tbuat konfrans\u0131nda deyib. Nazir bildirib ki, su ehtiyatlar\u0131m\u0131z son onillikl\u0259rd\u0259 azal\u0131b v\u0259 beyn\u0259lxalq iqlim modell\u0259rin\u0259 \u0259sas\u0259n g\u0259l\u0259c\u0259kd\u0259 d\u0259 azalma ehtimal\u0131 var: &#8220;K\u00fcr \u00e7ay\u0131n\u0131n a\u015fa\u011f\u0131 ax\u0131n\u0131nda suyun s\u0259viyy\u0259si m\u00fcxt\u0259lif m\u0259nt\u0259q\u0259l\u0259rd\u0259 2018-ci&hellip;","_links":{"self":[{"href":"https:\/\/arantv.az\/index.php?rest_route=\/wp\/v2\/posts\/91035"}],"collection":[{"href":"https:\/\/arantv.az\/index.php?rest_route=\/wp\/v2\/posts"}],"about":[{"href":"https:\/\/arantv.az\/index.php?rest_route=\/wp\/v2\/types\/post"}],"author":[{"embeddable":true,"href":"https:\/\/arantv.az\/index.php?rest_route=\/wp\/v2\/users\/2"}],"replies":[{"embeddable":true,"href":"https:\/\/arantv.az\/index.php?rest_route=%2Fwp%2Fv2%2Fcomments&post=91035"}],"version-history":[{"count":0,"href":"https:\/\/arantv.az\/index.php?rest_route=\/wp\/v2\/posts\/91035\/revisions"}],"wp:featuredmedia":[{"embeddable":true,"href":"https:\/\/arantv.az\/index.php?rest_route=\/wp\/v2\/media\/91036"}],"wp:attachment":[{"href":"https:\/\/arantv.az\/index.php?rest_route=%2Fwp%2Fv2%2Fmedia&parent=91035"}],"wp:term":[{"taxonomy":"category","embeddable":true,"href":"https:\/\/arantv.az\/index.php?rest_route=%2Fwp%2Fv2%2Fcategories&post=91035"},{"taxonomy":"post_tag","embeddable":true,"href":"https:\/\/arantv.az\/index.php?rest_route=%2Fwp%2Fv2%2Ftags&post=91035"}],"curies":[{"name":"wp","href":"https:\/\/api.w.org\/{rel}","templated":true}]}}