{"id":91043,"date":"2019-10-31T11:23:30","date_gmt":"2019-10-31T08:23:30","guid":{"rendered":"http:\/\/arantv.az\/?p=91043"},"modified":"2019-10-31T11:23:30","modified_gmt":"2019-10-31T08:23:30","slug":"baki-yaradici-s%c9%99h%c9%99rl%c9%99r-s%c9%99b%c9%99k%c9%99si-siyahisina-dusdu-mehriban-%c9%99liyevadan-t%c9%99brik-foto","status":"publish","type":"post","link":"https:\/\/arantv.az\/?p=91043","title":{"rendered":"Bak\u0131 \u201cYarad\u0131c\u0131 \u015f\u0259h\u0259rl\u0259r \u015f\u0259b\u0259k\u0259si\u201d siyah\u0131s\u0131na d\u00fc\u015fd\u00fc: Mehriban \u018fliyevadan t\u0259brik &#8211; FOTO"},"content":{"rendered":"<p>Az\u0259rbaycan Respublikas\u0131n\u0131n Birinci vitse-prezidenti Mehriban \u018fliyeva \u201cInstaqram\u201d s\u0259hif\u0259sind\u0259 Bak\u0131 \u015f\u0259h\u0259rinin 31 oktyabr &#8211; D\u00fcnya \u015e\u0259h\u0259rl\u0259r G\u00fcn\u00fcnd\u0259 \u201cdizayn\u201d tematikas\u0131 \u00fczr\u0259 UNESCO-nun \u201cYarad\u0131c\u0131 \u015f\u0259h\u0259rl\u0259r \u015f\u0259b\u0259k\u0259si\u201d siyah\u0131s\u0131na daxil edilm\u0259si il\u0259 \u0259laq\u0259dar payla\u015f\u0131m edib.<\/p>\n<p>Birinci vitse-prezidentin payla\u015f\u0131m\u0131nda deyilir:<\/p>\n<p>\u201cT\u0259krars\u0131z tarixi simas\u0131 qorunaraq m\u00fcasir memarl\u0131q incil\u0259ri il\u0259 daim g\u00f6z\u0259ll\u0259\u015f\u0259n Bak\u0131 \u015f\u0259h\u0259ri 31 oktyabr &#8211; D\u00fcnya \u015e\u0259h\u0259rl\u0259r G\u00fcn\u00fcnd\u0259 \u201cdizayn\u201d tematikas\u0131 \u00fczr\u0259 UNESCO-nun \u201cYarad\u0131c\u0131 \u015f\u0259h\u0259rl\u0259r \u015f\u0259b\u0259k\u0259si\u201d siyah\u0131s\u0131na daxil edilib.<\/p>\n<div id=\"AdviadNativeVideo0\" class=\"AdviadNativeVideo\"><\/div>\n<p>Paytaxt\u0131m\u0131z\u0131n tarixi \u00fc\u00e7\u00fcn \u0259lam\u0259tdar olan bu hadis\u0259 m\u00fcnasib\u0259til\u0259 h\u0259mv\u0259t\u0259nl\u0259rimi t\u0259brik edir\u0259m, \u00f6lk\u0259mizin b\u00fct\u00fcn \u015f\u0259h\u0259rl\u0259rin\u0259 s\u00fclh, inki\u015faf, t\u0259r\u0259qqi, mehriban, qonaqp\u0259rv\u0259r sakinl\u0259rin\u0259 is\u0259 xo\u015fb\u0259xtlik v\u0259 firavanl\u0131q arzulay\u0131ram!\u201d<\/p>\n<p>&nbsp;<\/p>\n<div><iframe loading=\"lazy\" id=\"instagram-embed-0\" class=\"instagram-media instagram-media-rendered\" src=\"https:\/\/www.instagram.com\/p\/B4Rie6qge8E\/embed\/captioned\/?cr=1&amp;v=12&amp;wp=540&amp;rd=https%3A%2F%2Foxu.az&amp;rp=%2Fpolitics%2F340339#%7B%22ci%22%3A0%2C%22os%22%3A4050.1100000001315%2C%22ls%22%3A1954.0900000001784%2C%22le%22%3A3049.2300000005343%7D\" width=\"300\" height=\"905\" frameborder=\"0\" scrolling=\"no\" allowfullscreen=\"allowfullscreen\" data-instgrm-payload-id=\"instagram-media-payload-0\" data-mce-fragment=\"1\"><\/iframe><\/div>\n<p>&nbsp;<\/p>\n","protected":false},"excerpt":{"rendered":"<p>Az\u0259rbaycan Respublikas\u0131n\u0131n Birinci vitse-prezidenti Mehriban \u018fliyeva \u201cInstaqram\u201d s\u0259hif\u0259sind\u0259 Bak\u0131 \u015f\u0259h\u0259rinin 31 oktyabr &#8211; D\u00fcnya \u015e\u0259h\u0259rl\u0259r G\u00fcn\u00fcnd\u0259 \u201cdizayn\u201d tematikas\u0131 \u00fczr\u0259 UNESCO-nun \u201cYarad\u0131c\u0131 \u015f\u0259h\u0259rl\u0259r \u015f\u0259b\u0259k\u0259si\u201d siyah\u0131s\u0131na daxil edilm\u0259si il\u0259 \u0259laq\u0259dar payla\u015f\u0131m edib. Birinci vitse-prezidentin payla\u015f\u0131m\u0131nda deyilir: \u201cT\u0259krars\u0131z tarixi simas\u0131 qorunaraq m\u00fcasir memarl\u0131q incil\u0259ri il\u0259 daim g\u00f6z\u0259ll\u0259\u015f\u0259n Bak\u0131 \u015f\u0259h\u0259ri 31 oktyabr &#8211; D\u00fcnya \u015e\u0259h\u0259rl\u0259r G\u00fcn\u00fcnd\u0259 \u201cdizayn\u201d tematikas\u0131 \u00fczr\u0259 UNESCO-nun \u201cYarad\u0131c\u0131 \u015f\u0259h\u0259rl\u0259r \u015f\u0259b\u0259k\u0259si\u201d siyah\u0131s\u0131na daxil edilib. Paytaxt\u0131m\u0131z\u0131n tarixi \u00fc\u00e7\u00fcn \u0259lam\u0259tdar olan bu hadis\u0259 m\u00fcnasib\u0259til\u0259 h\u0259mv\u0259t\u0259nl\u0259rimi t\u0259brik edir\u0259m, \u00f6lk\u0259mizin b\u00fct\u00fcn \u015f\u0259h\u0259rl\u0259rin\u0259 s\u00fclh, inki\u015faf, t\u0259r\u0259qqi, mehriban, qonaqp\u0259rv\u0259r sakinl\u0259rin\u0259 is\u0259 xo\u015fb\u0259xtlik v\u0259 firavanl\u0131q arzulay\u0131ram!\u201d &nbsp; &nbsp;<\/p>\n","protected":false},"author":2,"featured_media":91044,"comment_status":"closed","ping_status":"closed","sticky":false,"template":"","format":"standard","meta":{"om_disable_all_campaigns":false,"_monsterinsights_skip_tracking":false,"_monsterinsights_sitenote_active":false,"_monsterinsights_sitenote_note":"","_monsterinsights_sitenote_category":0},"categories":[4],"tags":[],"aioseo_notices":[],"gutentor_comment":0,"rttpg_featured_image_url":{"full":["https:\/\/arantv.az\/wp-content\/uploads\/2019\/10\/m.jpg",620,412,false],"landscape":["https:\/\/arantv.az\/wp-content\/uploads\/2019\/10\/m.jpg",620,412,false],"portraits":["https:\/\/arantv.az\/wp-content\/uploads\/2019\/10\/m.jpg",620,412,false],"thumbnail":["https:\/\/arantv.az\/wp-content\/uploads\/2019\/10\/m-150x150.jpg",150,150,true],"medium":["https:\/\/arantv.az\/wp-content\/uploads\/2019\/10\/m-300x199.jpg",300,199,true],"large":["https:\/\/arantv.az\/wp-content\/uploads\/2019\/10\/m.jpg",620,412,false],"1536x1536":["https:\/\/arantv.az\/wp-content\/uploads\/2019\/10\/m.jpg",620,412,false],"2048x2048":["https:\/\/arantv.az\/wp-content\/uploads\/2019\/10\/m.jpg",620,412,false],"post-thumbnail":["https:\/\/arantv.az\/wp-content\/uploads\/2019\/10\/m-240x172.jpg",240,172,true],"advps-thumb-one":["https:\/\/arantv.az\/wp-content\/uploads\/2019\/10\/m.jpg",620,412,false]},"rttpg_author":{"display_name":"V\u00fcsal Rafiqo\u011flu","author_link":"https:\/\/arantv.az\/?author=2"},"rttpg_comment":0,"rttpg_category":"<a href=\"https:\/\/arantv.az\/?cat=4\" rel=\"category\">Siyas\u0259t<\/a>","rttpg_excerpt":"Az\u0259rbaycan Respublikas\u0131n\u0131n Birinci vitse-prezidenti Mehriban \u018fliyeva \u201cInstaqram\u201d s\u0259hif\u0259sind\u0259 Bak\u0131 \u015f\u0259h\u0259rinin 31 oktyabr &#8211; D\u00fcnya \u015e\u0259h\u0259rl\u0259r G\u00fcn\u00fcnd\u0259 \u201cdizayn\u201d tematikas\u0131 \u00fczr\u0259 UNESCO-nun \u201cYarad\u0131c\u0131 \u015f\u0259h\u0259rl\u0259r \u015f\u0259b\u0259k\u0259si\u201d siyah\u0131s\u0131na daxil edilm\u0259si il\u0259 \u0259laq\u0259dar payla\u015f\u0131m edib. Birinci vitse-prezidentin payla\u015f\u0131m\u0131nda deyilir: \u201cT\u0259krars\u0131z tarixi simas\u0131 qorunaraq m\u00fcasir memarl\u0131q incil\u0259ri il\u0259 daim g\u00f6z\u0259ll\u0259\u015f\u0259n Bak\u0131 \u015f\u0259h\u0259ri 31 oktyabr &#8211; D\u00fcnya \u015e\u0259h\u0259rl\u0259r G\u00fcn\u00fcnd\u0259 \u201cdizayn\u201d tematikas\u0131 \u00fczr\u0259&hellip;","_links":{"self":[{"href":"https:\/\/arantv.az\/index.php?rest_route=\/wp\/v2\/posts\/91043"}],"collection":[{"href":"https:\/\/arantv.az\/index.php?rest_route=\/wp\/v2\/posts"}],"about":[{"href":"https:\/\/arantv.az\/index.php?rest_route=\/wp\/v2\/types\/post"}],"author":[{"embeddable":true,"href":"https:\/\/arantv.az\/index.php?rest_route=\/wp\/v2\/users\/2"}],"replies":[{"embeddable":true,"href":"https:\/\/arantv.az\/index.php?rest_route=%2Fwp%2Fv2%2Fcomments&post=91043"}],"version-history":[{"count":0,"href":"https:\/\/arantv.az\/index.php?rest_route=\/wp\/v2\/posts\/91043\/revisions"}],"wp:featuredmedia":[{"embeddable":true,"href":"https:\/\/arantv.az\/index.php?rest_route=\/wp\/v2\/media\/91044"}],"wp:attachment":[{"href":"https:\/\/arantv.az\/index.php?rest_route=%2Fwp%2Fv2%2Fmedia&parent=91043"}],"wp:term":[{"taxonomy":"category","embeddable":true,"href":"https:\/\/arantv.az\/index.php?rest_route=%2Fwp%2Fv2%2Fcategories&post=91043"},{"taxonomy":"post_tag","embeddable":true,"href":"https:\/\/arantv.az\/index.php?rest_route=%2Fwp%2Fv2%2Ftags&post=91043"}],"curies":[{"name":"wp","href":"https:\/\/api.w.org\/{rel}","templated":true}]}}