{"id":91060,"date":"2019-10-31T11:30:15","date_gmt":"2019-10-31T08:30:15","guid":{"rendered":"http:\/\/arantv.az\/?p=91060"},"modified":"2019-10-31T11:30:15","modified_gmt":"2019-10-31T08:30:15","slug":"polietilen-torbalarin-od%c9%99nisli-olmasi-il%c9%99-bagli-layih%c9%99-nazirl%c9%99r-kabinetin%c9%99-gond%c9%99rilib","status":"publish","type":"post","link":"https:\/\/arantv.az\/?p=91060","title":{"rendered":"Polietilen torbalar\u0131n \u00f6d\u0259ni\u015fli olmas\u0131 il\u0259 ba\u011fl\u0131 layih\u0259 Nazirl\u0259r Kabinetin\u0259 g\u00f6nd\u0259rilib"},"content":{"rendered":"<p>&#8220;Az\u0259rbaycanda y\u00fcng\u00fcl \u00e7\u0259kili polietilen torbalar\u0131n d\u00f6vriyy\u0259sinin m\u0259hdudla\u015fd\u0131r\u0131lmas\u0131 il\u0259 ba\u011fl\u0131 t\u0259klifl\u0259r aidiyy\u0259ti qurumlarla raz\u0131la\u015fd\u0131r\u0131laraq Nazirl\u0259r Kabinetin\u0259 t\u0259qdim edilib&#8221;.<\/p>\n<p><b>ARANTV.AZ\u00a0<\/b> x\u0259b\u0259r verir ki, bunu Ekologiya v\u0259 T\u0259bii S\u0259rv\u0259tl\u0259r naziri Muxtar Babayev Yeni Az\u0259rbaycan Partiyas\u0131n\u0131n q\u0259rargah\u0131nda ke\u00e7irdiyi m\u0259tbuat konfrans\u0131nda deyib.<\/p>\n<div><\/div>\n<p>Nazir bildirib ki, qal\u0131nl\u0131\u011f\u0131 15-50 mikron olan polietilen torbalar\u0131n \u00f6d\u0259ni\u015fli olmas\u0131 il\u0259 ba\u011fl\u0131 s\u0259n\u0259d layih\u0259si raz\u0131la\u015fd\u0131rma m\u0259rh\u0259l\u0259sind\u0259dir.<\/p>\n<p>M.Babayev xat\u0131rlad\u0131b ki, geni\u015f istifad\u0259 olunan plastik torbalardan istifad\u0259nin m\u0259rh\u0259l\u0259li \u015f\u0259kild\u0259 m\u0259hdudla\u015fd\u0131r\u0131lmas\u0131 v\u0259 alternativ materiallardan istifad\u0259nin geni\u015fl\u0259ndirilm\u0259si \u00fc\u00e7\u00fcn t\u0259dbirl\u0259r g\u00f6r\u00fcl\u00fcr.Sonxeber.az<\/p>\n","protected":false},"excerpt":{"rendered":"<p>&#8220;Az\u0259rbaycanda y\u00fcng\u00fcl \u00e7\u0259kili polietilen torbalar\u0131n d\u00f6vriyy\u0259sinin m\u0259hdudla\u015fd\u0131r\u0131lmas\u0131 il\u0259 ba\u011fl\u0131 t\u0259klifl\u0259r aidiyy\u0259ti qurumlarla raz\u0131la\u015fd\u0131r\u0131laraq Nazirl\u0259r Kabinetin\u0259 t\u0259qdim edilib&#8221;. ARANTV.AZ\u00a0 x\u0259b\u0259r verir ki, bunu Ekologiya v\u0259 T\u0259bii S\u0259rv\u0259tl\u0259r naziri Muxtar Babayev Yeni Az\u0259rbaycan Partiyas\u0131n\u0131n q\u0259rargah\u0131nda ke\u00e7irdiyi m\u0259tbuat konfrans\u0131nda deyib. Nazir bildirib ki, qal\u0131nl\u0131\u011f\u0131 15-50 mikron olan polietilen torbalar\u0131n \u00f6d\u0259ni\u015fli olmas\u0131 il\u0259 ba\u011fl\u0131 s\u0259n\u0259d layih\u0259si raz\u0131la\u015fd\u0131rma m\u0259rh\u0259l\u0259sind\u0259dir. M.Babayev xat\u0131rlad\u0131b ki, geni\u015f istifad\u0259 olunan plastik torbalardan istifad\u0259nin m\u0259rh\u0259l\u0259li \u015f\u0259kild\u0259 m\u0259hdudla\u015fd\u0131r\u0131lmas\u0131 v\u0259 alternativ materiallardan istifad\u0259nin geni\u015fl\u0259ndirilm\u0259si \u00fc\u00e7\u00fcn t\u0259dbirl\u0259r g\u00f6r\u00fcl\u00fcr.Sonxeber.az<\/p>\n","protected":false},"author":2,"featured_media":91061,"comment_status":"closed","ping_status":"closed","sticky":false,"template":"","format":"standard","meta":{"om_disable_all_campaigns":false,"_monsterinsights_skip_tracking":false,"_monsterinsights_sitenote_active":false,"_monsterinsights_sitenote_note":"","_monsterinsights_sitenote_category":0},"categories":[1],"tags":[],"aioseo_notices":[],"gutentor_comment":0,"rttpg_featured_image_url":{"full":["https:\/\/arantv.az\/wp-content\/uploads\/2019\/10\/pazar_ve_market_posetleri_neden_parali_oldu_ucret_kac_ne_kadar_1543564069_0509.jpg",549,319,false],"landscape":["https:\/\/arantv.az\/wp-content\/uploads\/2019\/10\/pazar_ve_market_posetleri_neden_parali_oldu_ucret_kac_ne_kadar_1543564069_0509.jpg",549,319,false],"portraits":["https:\/\/arantv.az\/wp-content\/uploads\/2019\/10\/pazar_ve_market_posetleri_neden_parali_oldu_ucret_kac_ne_kadar_1543564069_0509.jpg",549,319,false],"thumbnail":["https:\/\/arantv.az\/wp-content\/uploads\/2019\/10\/pazar_ve_market_posetleri_neden_parali_oldu_ucret_kac_ne_kadar_1543564069_0509-150x150.jpg",150,150,true],"medium":["https:\/\/arantv.az\/wp-content\/uploads\/2019\/10\/pazar_ve_market_posetleri_neden_parali_oldu_ucret_kac_ne_kadar_1543564069_0509-300x174.jpg",300,174,true],"large":["https:\/\/arantv.az\/wp-content\/uploads\/2019\/10\/pazar_ve_market_posetleri_neden_parali_oldu_ucret_kac_ne_kadar_1543564069_0509.jpg",549,319,false],"1536x1536":["https:\/\/arantv.az\/wp-content\/uploads\/2019\/10\/pazar_ve_market_posetleri_neden_parali_oldu_ucret_kac_ne_kadar_1543564069_0509.jpg",549,319,false],"2048x2048":["https:\/\/arantv.az\/wp-content\/uploads\/2019\/10\/pazar_ve_market_posetleri_neden_parali_oldu_ucret_kac_ne_kadar_1543564069_0509.jpg",549,319,false],"post-thumbnail":["https:\/\/arantv.az\/wp-content\/uploads\/2019\/10\/pazar_ve_market_posetleri_neden_parali_oldu_ucret_kac_ne_kadar_1543564069_0509-240x172.jpg",240,172,true],"advps-thumb-one":["https:\/\/arantv.az\/wp-content\/uploads\/2019\/10\/pazar_ve_market_posetleri_neden_parali_oldu_ucret_kac_ne_kadar_1543564069_0509.jpg",549,319,false]},"rttpg_author":{"display_name":"V\u00fcsal Rafiqo\u011flu","author_link":"https:\/\/arantv.az\/?author=2"},"rttpg_comment":0,"rttpg_category":"<a href=\"https:\/\/arantv.az\/?cat=1\" rel=\"category\">C\u0259miyy\u0259t<\/a>","rttpg_excerpt":"&#8220;Az\u0259rbaycanda y\u00fcng\u00fcl \u00e7\u0259kili polietilen torbalar\u0131n d\u00f6vriyy\u0259sinin m\u0259hdudla\u015fd\u0131r\u0131lmas\u0131 il\u0259 ba\u011fl\u0131 t\u0259klifl\u0259r aidiyy\u0259ti qurumlarla raz\u0131la\u015fd\u0131r\u0131laraq Nazirl\u0259r Kabinetin\u0259 t\u0259qdim edilib&#8221;. ARANTV.AZ\u00a0 x\u0259b\u0259r verir ki, bunu Ekologiya v\u0259 T\u0259bii S\u0259rv\u0259tl\u0259r naziri Muxtar Babayev Yeni Az\u0259rbaycan Partiyas\u0131n\u0131n q\u0259rargah\u0131nda ke\u00e7irdiyi m\u0259tbuat konfrans\u0131nda deyib. Nazir bildirib ki, qal\u0131nl\u0131\u011f\u0131 15-50 mikron olan polietilen torbalar\u0131n \u00f6d\u0259ni\u015fli olmas\u0131 il\u0259 ba\u011fl\u0131 s\u0259n\u0259d layih\u0259si raz\u0131la\u015fd\u0131rma m\u0259rh\u0259l\u0259sind\u0259dir. M.Babayev&hellip;","_links":{"self":[{"href":"https:\/\/arantv.az\/index.php?rest_route=\/wp\/v2\/posts\/91060"}],"collection":[{"href":"https:\/\/arantv.az\/index.php?rest_route=\/wp\/v2\/posts"}],"about":[{"href":"https:\/\/arantv.az\/index.php?rest_route=\/wp\/v2\/types\/post"}],"author":[{"embeddable":true,"href":"https:\/\/arantv.az\/index.php?rest_route=\/wp\/v2\/users\/2"}],"replies":[{"embeddable":true,"href":"https:\/\/arantv.az\/index.php?rest_route=%2Fwp%2Fv2%2Fcomments&post=91060"}],"version-history":[{"count":0,"href":"https:\/\/arantv.az\/index.php?rest_route=\/wp\/v2\/posts\/91060\/revisions"}],"wp:featuredmedia":[{"embeddable":true,"href":"https:\/\/arantv.az\/index.php?rest_route=\/wp\/v2\/media\/91061"}],"wp:attachment":[{"href":"https:\/\/arantv.az\/index.php?rest_route=%2Fwp%2Fv2%2Fmedia&parent=91060"}],"wp:term":[{"taxonomy":"category","embeddable":true,"href":"https:\/\/arantv.az\/index.php?rest_route=%2Fwp%2Fv2%2Fcategories&post=91060"},{"taxonomy":"post_tag","embeddable":true,"href":"https:\/\/arantv.az\/index.php?rest_route=%2Fwp%2Fv2%2Ftags&post=91060"}],"curies":[{"name":"wp","href":"https:\/\/api.w.org\/{rel}","templated":true}]}}