{"id":91068,"date":"2019-10-31T11:31:20","date_gmt":"2019-10-31T08:31:20","guid":{"rendered":"http:\/\/arantv.az\/?p=91068"},"modified":"2019-10-31T11:31:20","modified_gmt":"2019-10-31T08:31:20","slug":"goygold%c9%99-dostlari-il%c9%99-yeyib-ic%c9%99n-kisi-qayadan-yixilib-oldu","status":"publish","type":"post","link":"https:\/\/arantv.az\/?p=91068","title":{"rendered":"G\u00f6yg\u00f6ld\u0259 dostlar\u0131 il\u0259 yeyib-i\u00e7\u0259n ki\u015fi qayadan y\u0131x\u0131l\u0131b \u00f6ld\u00fc"},"content":{"rendered":"<p>G\u00f6yg\u00f6ld\u0259 itkin d\u00fc\u015f\u0259n \u015f\u0259xsin meyiti tap\u0131l\u0131b.<\/p>\n<p><b>ARANTV.AZ\u00a0<\/b>\u00a0Trend-\u0259 istinad\u0259n bildirir ki, G\u0259nc\u0259 \u015f\u0259h\u0259ri, Sad\u0131l\u0131 q\u0259s\u0259b\u0259 sakini, 1983-c\u00fc il t\u0259v\u0259ll\u00fcdl\u00fc Eyvazov B\u0259xtiyar Famil o\u011flunun oktyabr\u0131n 27-d\u0259 G\u00f6yg\u00f6l rayonu \u0259razisind\u0259 itkin d\u00fc\u015fm\u0259si bar\u0259d\u0259 polis\u0259 m\u0259lumat daxil olub.<\/p>\n<div><\/div>\n<p>Ke\u00e7iril\u0259n \u0259m\u0259liyyat-axtar\u0131\u015f t\u0259dbirl\u0259ri n\u0259tic\u0259sind\u0259 B.Eyvazovun meyiti G\u00f6yg\u00f6l rayonunun Qu\u015fqara k\u0259ndi \u0259razisind\u0259, &#8220;Ayg\u00fcn&#8221; kafesinin yax\u0131nl\u0131\u011f\u0131nda a\u015fkar edilib.<\/p>\n<p>Meyit\u0259 bax\u0131\u015f ke\u00e7iril\u0259rk\u0259n onun \u00fcz\u0259rind\u0259 zorak\u0131l\u0131q \u0259lam\u0259tl\u0259ri olmay\u0131b, meyitd\u0259 h\u00fcnd\u00fcrl\u00fckd\u0259n y\u0131x\u0131lma\u011fa xarakterik d\u00f6\u015f v\u0259 qar\u0131n bo\u015flu\u011funun k\u00fct travmas\u0131, qaraciy\u0259rin c\u0131r\u0131lmas\u0131, \u00e7anaq v\u0259 onur\u011fa s\u00fcm\u00fcy\u00fcn\u00fcn s\u0131n\u0131\u011f\u0131 a\u015fkarlan\u0131b.<\/p>\n<p>Ara\u015fd\u0131rma zaman\u0131 m\u00fc\u0259yy\u0259n edilib ki, B.Eyvazov dostlar\u0131 Elcan \u018fliyev v\u0259 Natiq Heyd\u0259rovla birlikd\u0259 G\u0259nc\u0259d\u0259ki &#8220;K\u0259rpic zavod&#8221; adlanan \u0259razid\u0259ki kafel\u0259rin birind\u0259 yeyib i\u00e7\u0259nd\u0259n sonra G\u00f6yg\u00f6l rayonunun Qu\u015fqara k\u0259ndi \u0259razisind\u0259, &#8220;Ayg\u00fcn&#8221; kafesin\u0259 g\u0259l\u0259r\u0259k orada yenid\u0259n spirtli i\u00e7ki q\u0259bul edib kafenin arxa t\u0259r\u0259fin\u0259, meyitin a\u015fkar edildiyi istiqam\u0259t\u0259 gedib. B.Eyvazov Qu\u015fqara k\u0259ndi \u0259razisind\u0259ki Qu\u015fqara \u00e7ay\u0131n\u0131n yata\u011f\u0131nda 10 metr h\u00fcnd\u00fcrl\u00fckd\u0259ki yar\u011fandan y\u0131x\u0131laraq \u00f6l\u00fcb.<\/p>\n<p>Faktla ba\u011fl\u0131 Cinay\u0259t M\u0259c\u0259ll\u0259sinin 124.1-ci (ehtiyats\u0131zl\u0131qdan adam \u00f6ld\u00fcrm\u0259) madd\u0259sil\u0259 cinay\u0259t i\u015fi ba\u015flan\u0131b.<\/p>\n","protected":false},"excerpt":{"rendered":"<p>G\u00f6yg\u00f6ld\u0259 itkin d\u00fc\u015f\u0259n \u015f\u0259xsin meyiti tap\u0131l\u0131b. ARANTV.AZ\u00a0\u00a0Trend-\u0259 istinad\u0259n bildirir ki, G\u0259nc\u0259 \u015f\u0259h\u0259ri, Sad\u0131l\u0131 q\u0259s\u0259b\u0259 sakini, 1983-c\u00fc il t\u0259v\u0259ll\u00fcdl\u00fc Eyvazov B\u0259xtiyar Famil o\u011flunun oktyabr\u0131n 27-d\u0259 G\u00f6yg\u00f6l rayonu \u0259razisind\u0259 itkin d\u00fc\u015fm\u0259si bar\u0259d\u0259 polis\u0259 m\u0259lumat daxil olub. Ke\u00e7iril\u0259n \u0259m\u0259liyyat-axtar\u0131\u015f t\u0259dbirl\u0259ri n\u0259tic\u0259sind\u0259 B.Eyvazovun meyiti G\u00f6yg\u00f6l rayonunun Qu\u015fqara k\u0259ndi \u0259razisind\u0259, &#8220;Ayg\u00fcn&#8221; kafesinin yax\u0131nl\u0131\u011f\u0131nda a\u015fkar edilib. Meyit\u0259 bax\u0131\u015f ke\u00e7iril\u0259rk\u0259n onun \u00fcz\u0259rind\u0259 zorak\u0131l\u0131q \u0259lam\u0259tl\u0259ri olmay\u0131b, meyitd\u0259 h\u00fcnd\u00fcrl\u00fckd\u0259n y\u0131x\u0131lma\u011fa xarakterik d\u00f6\u015f v\u0259 qar\u0131n bo\u015flu\u011funun k\u00fct travmas\u0131, qaraciy\u0259rin c\u0131r\u0131lmas\u0131, \u00e7anaq v\u0259 onur\u011fa s\u00fcm\u00fcy\u00fcn\u00fcn s\u0131n\u0131\u011f\u0131 a\u015fkarlan\u0131b. Ara\u015fd\u0131rma zaman\u0131 m\u00fc\u0259yy\u0259n edilib ki, B.Eyvazov dostlar\u0131 Elcan \u018fliyev v\u0259 Natiq Heyd\u0259rovla birlikd\u0259 G\u0259nc\u0259d\u0259ki&hellip;<\/p>\n","protected":false},"author":2,"featured_media":91069,"comment_status":"closed","ping_status":"closed","sticky":false,"template":"","format":"standard","meta":{"om_disable_all_campaigns":false,"_monsterinsights_skip_tracking":false,"_monsterinsights_sitenote_active":false,"_monsterinsights_sitenote_note":"","_monsterinsights_sitenote_category":0},"categories":[5],"tags":[],"aioseo_notices":[],"gutentor_comment":0,"rttpg_featured_image_url":{"full":["https:\/\/arantv.az\/wp-content\/uploads\/2019\/10\/1572509946meyid_00111.jpg",482,361,false],"landscape":["https:\/\/arantv.az\/wp-content\/uploads\/2019\/10\/1572509946meyid_00111.jpg",482,361,false],"portraits":["https:\/\/arantv.az\/wp-content\/uploads\/2019\/10\/1572509946meyid_00111.jpg",482,361,false],"thumbnail":["https:\/\/arantv.az\/wp-content\/uploads\/2019\/10\/1572509946meyid_00111-150x150.jpg",150,150,true],"medium":["https:\/\/arantv.az\/wp-content\/uploads\/2019\/10\/1572509946meyid_00111-300x225.jpg",300,225,true],"large":["https:\/\/arantv.az\/wp-content\/uploads\/2019\/10\/1572509946meyid_00111.jpg",482,361,false],"1536x1536":["https:\/\/arantv.az\/wp-content\/uploads\/2019\/10\/1572509946meyid_00111.jpg",482,361,false],"2048x2048":["https:\/\/arantv.az\/wp-content\/uploads\/2019\/10\/1572509946meyid_00111.jpg",482,361,false],"post-thumbnail":["https:\/\/arantv.az\/wp-content\/uploads\/2019\/10\/1572509946meyid_00111-240x172.jpg",240,172,true],"advps-thumb-one":["https:\/\/arantv.az\/wp-content\/uploads\/2019\/10\/1572509946meyid_00111.jpg",482,361,false]},"rttpg_author":{"display_name":"V\u00fcsal Rafiqo\u011flu","author_link":"https:\/\/arantv.az\/?author=2"},"rttpg_comment":0,"rttpg_category":"<a href=\"https:\/\/arantv.az\/?cat=5\" rel=\"category\">Hadis\u0259<\/a>","rttpg_excerpt":"G\u00f6yg\u00f6ld\u0259 itkin d\u00fc\u015f\u0259n \u015f\u0259xsin meyiti tap\u0131l\u0131b. ARANTV.AZ\u00a0\u00a0Trend-\u0259 istinad\u0259n bildirir ki, G\u0259nc\u0259 \u015f\u0259h\u0259ri, Sad\u0131l\u0131 q\u0259s\u0259b\u0259 sakini, 1983-c\u00fc il t\u0259v\u0259ll\u00fcdl\u00fc Eyvazov B\u0259xtiyar Famil o\u011flunun oktyabr\u0131n 27-d\u0259 G\u00f6yg\u00f6l rayonu \u0259razisind\u0259 itkin d\u00fc\u015fm\u0259si bar\u0259d\u0259 polis\u0259 m\u0259lumat daxil olub. Ke\u00e7iril\u0259n \u0259m\u0259liyyat-axtar\u0131\u015f t\u0259dbirl\u0259ri n\u0259tic\u0259sind\u0259 B.Eyvazovun meyiti G\u00f6yg\u00f6l rayonunun Qu\u015fqara k\u0259ndi \u0259razisind\u0259, &#8220;Ayg\u00fcn&#8221; kafesinin yax\u0131nl\u0131\u011f\u0131nda a\u015fkar edilib. Meyit\u0259 bax\u0131\u015f ke\u00e7iril\u0259rk\u0259n onun \u00fcz\u0259rind\u0259&hellip;","_links":{"self":[{"href":"https:\/\/arantv.az\/index.php?rest_route=\/wp\/v2\/posts\/91068"}],"collection":[{"href":"https:\/\/arantv.az\/index.php?rest_route=\/wp\/v2\/posts"}],"about":[{"href":"https:\/\/arantv.az\/index.php?rest_route=\/wp\/v2\/types\/post"}],"author":[{"embeddable":true,"href":"https:\/\/arantv.az\/index.php?rest_route=\/wp\/v2\/users\/2"}],"replies":[{"embeddable":true,"href":"https:\/\/arantv.az\/index.php?rest_route=%2Fwp%2Fv2%2Fcomments&post=91068"}],"version-history":[{"count":0,"href":"https:\/\/arantv.az\/index.php?rest_route=\/wp\/v2\/posts\/91068\/revisions"}],"wp:featuredmedia":[{"embeddable":true,"href":"https:\/\/arantv.az\/index.php?rest_route=\/wp\/v2\/media\/91069"}],"wp:attachment":[{"href":"https:\/\/arantv.az\/index.php?rest_route=%2Fwp%2Fv2%2Fmedia&parent=91068"}],"wp:term":[{"taxonomy":"category","embeddable":true,"href":"https:\/\/arantv.az\/index.php?rest_route=%2Fwp%2Fv2%2Fcategories&post=91068"},{"taxonomy":"post_tag","embeddable":true,"href":"https:\/\/arantv.az\/index.php?rest_route=%2Fwp%2Fv2%2Ftags&post=91068"}],"curies":[{"name":"wp","href":"https:\/\/api.w.org\/{rel}","templated":true}]}}