{"id":91072,"date":"2019-10-31T11:32:28","date_gmt":"2019-10-31T08:32:28","guid":{"rendered":"http:\/\/arantv.az\/?p=91072"},"modified":"2019-10-31T11:32:28","modified_gmt":"2019-10-31T08:32:28","slug":"bakida-qorxunc-ail%c9%99-cinay%c9%99ti-kecmis-arvadi-il%c9%99-23-yasli-qaynini-dogradi","status":"publish","type":"post","link":"https:\/\/arantv.az\/?p=91072","title":{"rendered":"Bak\u0131da qorxunc ail\u0259 cinay\u0259ti \u2013 ke\u00e7mi\u015f arvad\u0131 il\u0259 23 ya\u015fl\u0131 qayn\u0131n\u0131 do\u011frad\u0131"},"content":{"rendered":"<p>Bak\u0131da q\u0259tl t\u00f6r\u0259tmi\u015f \u015f\u0259xs bar\u0259sind\u0259 a\u00e7\u0131lan cinay\u0259t i\u015finin ibtidai istintaq\u0131 ba\u015fa \u00e7at\u0131b.<\/p>\n<p><b>ARANTV.AZ<\/b>-\u0131n News24.az-a istinad\u0259n m\u0259lumat\u0131na g\u00f6r\u0259, Suraxan\u0131 Rayon Prpkurorlu\u011funda \u018fl\u0259sov M\u00fc\u015ffiq Zakir o\u011flu bar\u0259sind\u0259 Az\u0259rbaycan Respublikas\u0131n\u0131n Cinay\u0259t M\u0259c\u0259ll\u0259sinin 120.1-ci, y\u0259ni q\u0259sd\u0259n adam \u00f6ld\u00fcrm\u0259 madd\u0259si il\u0259 a\u00e7\u0131lan i\u015fin istintaq\u0131 yekunla\u015f\u0131b. Materiallar bax\u0131lmas\u0131 \u00fc\u00e7\u00fcn Bak\u0131 A\u011f\u0131r Cinay\u0259tl\u0259r M\u0259hk\u0259m\u0259sin\u0259 g\u00f6nd\u0259rilib. \u0130\u015f\u0259 hakim Az\u0259r Pa\u015fayevin s\u0259drliyi il\u0259 bax\u0131lacaq.<\/p>\n<div><\/div>\n<p>Qeyd ed\u0259k ki, hadis\u0259 zaman\u0131 b\u0131\u00e7aq x\u0259sar\u0259tl\u0259ri alan 1991-ci il t\u0259v\u0259ll\u00fcdl\u00fc \u018fl\u0259sova Z\u00fclfiyy\u0259 Etibar q\u0131z\u0131 cinay\u0259t t\u00f6r\u0259d\u0259n \u0259rind\u0259n bo\u015fan\u0131bm\u0131\u015f. M\u00fc\u015ffiz \u018fl\u0259sov onun Yeni Suraxan\u0131 q\u0259s\u0259b\u0259sind\u0259 ya\u015fad\u0131\u011f\u0131 ev\u0259 g\u0259lib v\u0259 dava salaraq b\u0131\u00e7aqlay\u0131b. Bu zaman araya gir\u0259n Z\u00fclfiyy\u0259nin qarda\u015f\u0131 \u0130brahim Qara\u015fl\u0131 da a\u011f\u0131r b\u0131\u00e7aq z\u0259rb\u0259l\u0259rin\u0259 tu\u015f g\u0259lib. M\u00fc\u015ffiq onun \u00fcr\u0259yin\u0259 2 d\u0259f\u0259 a\u011f\u0131r z\u0259rb\u0259 endirib v\u0259 23 ya\u015fl\u0131 \u0130brahim hadis\u0259 yerind\u0259 \u00f6l\u00fcb.<\/p>\n","protected":false},"excerpt":{"rendered":"<p>Bak\u0131da q\u0259tl t\u00f6r\u0259tmi\u015f \u015f\u0259xs bar\u0259sind\u0259 a\u00e7\u0131lan cinay\u0259t i\u015finin ibtidai istintaq\u0131 ba\u015fa \u00e7at\u0131b. ARANTV.AZ-\u0131n News24.az-a istinad\u0259n m\u0259lumat\u0131na g\u00f6r\u0259, Suraxan\u0131 Rayon Prpkurorlu\u011funda \u018fl\u0259sov M\u00fc\u015ffiq Zakir o\u011flu bar\u0259sind\u0259 Az\u0259rbaycan Respublikas\u0131n\u0131n Cinay\u0259t M\u0259c\u0259ll\u0259sinin 120.1-ci, y\u0259ni q\u0259sd\u0259n adam \u00f6ld\u00fcrm\u0259 madd\u0259si il\u0259 a\u00e7\u0131lan i\u015fin istintaq\u0131 yekunla\u015f\u0131b. Materiallar bax\u0131lmas\u0131 \u00fc\u00e7\u00fcn Bak\u0131 A\u011f\u0131r Cinay\u0259tl\u0259r M\u0259hk\u0259m\u0259sin\u0259 g\u00f6nd\u0259rilib. \u0130\u015f\u0259 hakim Az\u0259r Pa\u015fayevin s\u0259drliyi il\u0259 bax\u0131lacaq. Qeyd ed\u0259k ki, hadis\u0259 zaman\u0131 b\u0131\u00e7aq x\u0259sar\u0259tl\u0259ri alan 1991-ci il t\u0259v\u0259ll\u00fcdl\u00fc \u018fl\u0259sova Z\u00fclfiyy\u0259 Etibar q\u0131z\u0131 cinay\u0259t t\u00f6r\u0259d\u0259n \u0259rind\u0259n bo\u015fan\u0131bm\u0131\u015f. M\u00fc\u015ffiz \u018fl\u0259sov onun Yeni Suraxan\u0131 q\u0259s\u0259b\u0259sind\u0259 ya\u015fad\u0131\u011f\u0131 ev\u0259 g\u0259lib v\u0259 dava salaraq b\u0131\u00e7aqlay\u0131b. Bu zaman araya&hellip;<\/p>\n","protected":false},"author":2,"featured_media":91073,"comment_status":"closed","ping_status":"closed","sticky":false,"template":"","format":"standard","meta":{"om_disable_all_campaigns":false,"_monsterinsights_skip_tracking":false,"_monsterinsights_sitenote_active":false,"_monsterinsights_sitenote_note":"","_monsterinsights_sitenote_category":0},"categories":[3],"tags":[],"aioseo_notices":[],"gutentor_comment":0,"rttpg_featured_image_url":{"full":["https:\/\/arantv.az\/wp-content\/uploads\/2019\/10\/752x395-adanada-bicakla-yaralama-1520335725599.jpg",548,288,false],"landscape":["https:\/\/arantv.az\/wp-content\/uploads\/2019\/10\/752x395-adanada-bicakla-yaralama-1520335725599.jpg",548,288,false],"portraits":["https:\/\/arantv.az\/wp-content\/uploads\/2019\/10\/752x395-adanada-bicakla-yaralama-1520335725599.jpg",548,288,false],"thumbnail":["https:\/\/arantv.az\/wp-content\/uploads\/2019\/10\/752x395-adanada-bicakla-yaralama-1520335725599-150x150.jpg",150,150,true],"medium":["https:\/\/arantv.az\/wp-content\/uploads\/2019\/10\/752x395-adanada-bicakla-yaralama-1520335725599-300x158.jpg",300,158,true],"large":["https:\/\/arantv.az\/wp-content\/uploads\/2019\/10\/752x395-adanada-bicakla-yaralama-1520335725599.jpg",548,288,false],"1536x1536":["https:\/\/arantv.az\/wp-content\/uploads\/2019\/10\/752x395-adanada-bicakla-yaralama-1520335725599.jpg",548,288,false],"2048x2048":["https:\/\/arantv.az\/wp-content\/uploads\/2019\/10\/752x395-adanada-bicakla-yaralama-1520335725599.jpg",548,288,false],"post-thumbnail":["https:\/\/arantv.az\/wp-content\/uploads\/2019\/10\/752x395-adanada-bicakla-yaralama-1520335725599-240x172.jpg",240,172,true],"advps-thumb-one":["https:\/\/arantv.az\/wp-content\/uploads\/2019\/10\/752x395-adanada-bicakla-yaralama-1520335725599.jpg",548,288,false]},"rttpg_author":{"display_name":"V\u00fcsal Rafiqo\u011flu","author_link":"https:\/\/arantv.az\/?author=2"},"rttpg_comment":0,"rttpg_category":"<a href=\"https:\/\/arantv.az\/?cat=3\" rel=\"category\">Kriminal<\/a>","rttpg_excerpt":"Bak\u0131da q\u0259tl t\u00f6r\u0259tmi\u015f \u015f\u0259xs bar\u0259sind\u0259 a\u00e7\u0131lan cinay\u0259t i\u015finin ibtidai istintaq\u0131 ba\u015fa \u00e7at\u0131b. ARANTV.AZ-\u0131n News24.az-a istinad\u0259n m\u0259lumat\u0131na g\u00f6r\u0259, Suraxan\u0131 Rayon Prpkurorlu\u011funda \u018fl\u0259sov M\u00fc\u015ffiq Zakir o\u011flu bar\u0259sind\u0259 Az\u0259rbaycan Respublikas\u0131n\u0131n Cinay\u0259t M\u0259c\u0259ll\u0259sinin 120.1-ci, y\u0259ni q\u0259sd\u0259n adam \u00f6ld\u00fcrm\u0259 madd\u0259si il\u0259 a\u00e7\u0131lan i\u015fin istintaq\u0131 yekunla\u015f\u0131b. Materiallar bax\u0131lmas\u0131 \u00fc\u00e7\u00fcn Bak\u0131 A\u011f\u0131r Cinay\u0259tl\u0259r M\u0259hk\u0259m\u0259sin\u0259 g\u00f6nd\u0259rilib. \u0130\u015f\u0259 hakim Az\u0259r Pa\u015fayevin s\u0259drliyi il\u0259 bax\u0131lacaq.&hellip;","_links":{"self":[{"href":"https:\/\/arantv.az\/index.php?rest_route=\/wp\/v2\/posts\/91072"}],"collection":[{"href":"https:\/\/arantv.az\/index.php?rest_route=\/wp\/v2\/posts"}],"about":[{"href":"https:\/\/arantv.az\/index.php?rest_route=\/wp\/v2\/types\/post"}],"author":[{"embeddable":true,"href":"https:\/\/arantv.az\/index.php?rest_route=\/wp\/v2\/users\/2"}],"replies":[{"embeddable":true,"href":"https:\/\/arantv.az\/index.php?rest_route=%2Fwp%2Fv2%2Fcomments&post=91072"}],"version-history":[{"count":0,"href":"https:\/\/arantv.az\/index.php?rest_route=\/wp\/v2\/posts\/91072\/revisions"}],"wp:featuredmedia":[{"embeddable":true,"href":"https:\/\/arantv.az\/index.php?rest_route=\/wp\/v2\/media\/91073"}],"wp:attachment":[{"href":"https:\/\/arantv.az\/index.php?rest_route=%2Fwp%2Fv2%2Fmedia&parent=91072"}],"wp:term":[{"taxonomy":"category","embeddable":true,"href":"https:\/\/arantv.az\/index.php?rest_route=%2Fwp%2Fv2%2Fcategories&post=91072"},{"taxonomy":"post_tag","embeddable":true,"href":"https:\/\/arantv.az\/index.php?rest_route=%2Fwp%2Fv2%2Ftags&post=91072"}],"curies":[{"name":"wp","href":"https:\/\/api.w.org\/{rel}","templated":true}]}}