{"id":91076,"date":"2019-10-31T11:35:10","date_gmt":"2019-10-31T08:35:10","guid":{"rendered":"http:\/\/arantv.az\/?p=91076"},"modified":"2019-10-31T11:35:10","modified_gmt":"2019-10-31T08:35:10","slug":"nazird%c9%99n-s%c9%99rt-reaksiya-ayi-%c9%99tini-satan-ovcu-cavab-verm%c9%99li-olacaq","status":"publish","type":"post","link":"https:\/\/arantv.az\/?p=91076","title":{"rendered":"Nazird\u0259n s\u0259rt reaksiya: Ay\u0131 \u0259tini satan \u201cov\u00e7u\u201d cavab verm\u0259li olacaq!"},"content":{"rendered":"<p>Ekologiya v\u0259 T\u0259bii S\u0259rv\u0259tl\u0259r naziri Muxtar Babayev ay\u0131 \u0259tinin sat\u0131lmas\u0131 m\u0259s\u0259l\u0259sin\u0259 m\u00fcnasib\u0259t bildirib.<\/p>\n<p><strong>ARANTV.AZ<\/strong>-\u0131n m\u0259lumat\u0131na g\u00f6r\u0259, nazir\u00a0YAP-\u0131n q\u0259rargah\u0131nda ke\u00e7iril\u0259n m\u0259tbuat konfrans\u0131nda\u00a0 bildirib ki,\u00a0son vaxtlar evl\u0259rd\u0259 v\u0259 ia\u015f\u0259 obyektl\u0259rind\u0259 heyvan saxlan\u0131lmas\u0131 faktlar\u0131 azal\u0131b.<\/p>\n<p>M.Babayevin s\u00f6zl\u0259rin\u0259 g\u00f6r\u0259, insanlar bel\u0259 faktlarla rastla\u015fd\u0131qda nazirliy\u0259\u00a0foto v\u0259 videolar\u00a0g\u00f6nd\u0259rirl\u0259r:<\/p>\n<div id=\"AdviadNativeVideo0\" class=\"AdviadNativeVideo\"><\/div>\n<p>\u201cBu m\u0259s\u0259l\u0259 ictimail\u0259\u015fir v\u0259 h\u0259min \u015f\u0259xsl\u0259ri qorxudur. Burada c\u0259miyy\u0259tin m\u00f6vqeyi v\u0259 nazirliyin s\u0259rt yana\u015fmas\u0131 m\u00fcsb\u0259t n\u0259tic\u0259l\u0259r\u0259 g\u0259tirib \u00e7\u0131xar\u0131r. Ay\u0131 \u0259tinin sat\u0131lmas\u0131 bar\u0259d\u0259 ciddi t\u0259dbirl\u0259r g\u00f6r\u00fclm\u0259ldir. Bildiyiniz kimi, ay\u0131 \u0259tini satan h\u0259min \u201cov\u00e7u\u201d art\u0131q saxlan\u0131l\u0131b. O, c\u0259miyy\u0259t v\u0259 d\u00f6vl\u0259t qar\u015f\u0131s\u0131nda \u00f6z \u0259m\u0259ll\u0259rin\u0259 g\u00f6r\u0259 cavab ver\u0259c\u0259k\u201d.<\/p>\n<p>Nazir qeyd edib ki, dig\u0259r t\u0259r\u0259fd\u0259n, t\u0259l\u0259bat olmasa, o, onu sat\u0131\u015fa \u00e7\u0131xarmaz:<\/p>\n<p>\u201cG\u00f6r\u00fcn\u00fcr, kiml\u0259rs\u0259 ay\u0131 \u0259tini qeyri-adi delikates say\u0131r. T\u0259labat olmasa, t\u0259klif d\u0259 yaranmayacaq. Sosial \u015f\u0259b\u0259k\u0259l\u0259rd\u0259 m\u0259lumat yay\u0131lan kimi h\u0259min \u015f\u0259xsin m\u0259suliyy\u0259t\u0259 c\u0259lb olunmas\u0131 h\u0259yata ke\u00e7irildi. Bu istiqam\u0259td\u0259 s\u0259rt t\u0259dbirl\u0259r g\u00f6r\u00fcl\u0259c\u0259k v\u0259 m\u00fcsb\u0259t n\u0259tic\u0259l\u0259r \u0259ld\u0259 olunacaq\u201d.oxu.az<\/p>\n","protected":false},"excerpt":{"rendered":"<p>Ekologiya v\u0259 T\u0259bii S\u0259rv\u0259tl\u0259r naziri Muxtar Babayev ay\u0131 \u0259tinin sat\u0131lmas\u0131 m\u0259s\u0259l\u0259sin\u0259 m\u00fcnasib\u0259t bildirib. ARANTV.AZ-\u0131n m\u0259lumat\u0131na g\u00f6r\u0259, nazir\u00a0YAP-\u0131n q\u0259rargah\u0131nda ke\u00e7iril\u0259n m\u0259tbuat konfrans\u0131nda\u00a0 bildirib ki,\u00a0son vaxtlar evl\u0259rd\u0259 v\u0259 ia\u015f\u0259 obyektl\u0259rind\u0259 heyvan saxlan\u0131lmas\u0131 faktlar\u0131 azal\u0131b. M.Babayevin s\u00f6zl\u0259rin\u0259 g\u00f6r\u0259, insanlar bel\u0259 faktlarla rastla\u015fd\u0131qda nazirliy\u0259\u00a0foto v\u0259 videolar\u00a0g\u00f6nd\u0259rirl\u0259r: \u201cBu m\u0259s\u0259l\u0259 ictimail\u0259\u015fir v\u0259 h\u0259min \u015f\u0259xsl\u0259ri qorxudur. Burada c\u0259miyy\u0259tin m\u00f6vqeyi v\u0259 nazirliyin s\u0259rt yana\u015fmas\u0131 m\u00fcsb\u0259t n\u0259tic\u0259l\u0259r\u0259 g\u0259tirib \u00e7\u0131xar\u0131r. Ay\u0131 \u0259tinin sat\u0131lmas\u0131 bar\u0259d\u0259 ciddi t\u0259dbirl\u0259r g\u00f6r\u00fclm\u0259ldir. Bildiyiniz kimi, ay\u0131 \u0259tini satan h\u0259min \u201cov\u00e7u\u201d art\u0131q saxlan\u0131l\u0131b. O, c\u0259miyy\u0259t v\u0259 d\u00f6vl\u0259t qar\u015f\u0131s\u0131nda \u00f6z \u0259m\u0259ll\u0259rin\u0259 g\u00f6r\u0259 cavab ver\u0259c\u0259k\u201d. Nazir qeyd edib ki,&hellip;<\/p>\n","protected":false},"author":2,"featured_media":91077,"comment_status":"closed","ping_status":"closed","sticky":false,"template":"","format":"standard","meta":{"om_disable_all_campaigns":false,"_monsterinsights_skip_tracking":false,"_monsterinsights_sitenote_active":false,"_monsterinsights_sitenote_note":"","_monsterinsights_sitenote_category":0},"categories":[1],"tags":[],"aioseo_notices":[],"gutentor_comment":0,"rttpg_featured_image_url":{"full":["https:\/\/arantv.az\/wp-content\/uploads\/2019\/10\/73085281_426286784696056_379872239375351808_n.jpg",620,412,false],"landscape":["https:\/\/arantv.az\/wp-content\/uploads\/2019\/10\/73085281_426286784696056_379872239375351808_n.jpg",620,412,false],"portraits":["https:\/\/arantv.az\/wp-content\/uploads\/2019\/10\/73085281_426286784696056_379872239375351808_n.jpg",620,412,false],"thumbnail":["https:\/\/arantv.az\/wp-content\/uploads\/2019\/10\/73085281_426286784696056_379872239375351808_n-150x150.jpg",150,150,true],"medium":["https:\/\/arantv.az\/wp-content\/uploads\/2019\/10\/73085281_426286784696056_379872239375351808_n-300x199.jpg",300,199,true],"large":["https:\/\/arantv.az\/wp-content\/uploads\/2019\/10\/73085281_426286784696056_379872239375351808_n.jpg",620,412,false],"1536x1536":["https:\/\/arantv.az\/wp-content\/uploads\/2019\/10\/73085281_426286784696056_379872239375351808_n.jpg",620,412,false],"2048x2048":["https:\/\/arantv.az\/wp-content\/uploads\/2019\/10\/73085281_426286784696056_379872239375351808_n.jpg",620,412,false],"post-thumbnail":["https:\/\/arantv.az\/wp-content\/uploads\/2019\/10\/73085281_426286784696056_379872239375351808_n-240x172.jpg",240,172,true],"advps-thumb-one":["https:\/\/arantv.az\/wp-content\/uploads\/2019\/10\/73085281_426286784696056_379872239375351808_n.jpg",620,412,false]},"rttpg_author":{"display_name":"V\u00fcsal Rafiqo\u011flu","author_link":"https:\/\/arantv.az\/?author=2"},"rttpg_comment":0,"rttpg_category":"<a href=\"https:\/\/arantv.az\/?cat=1\" rel=\"category\">C\u0259miyy\u0259t<\/a>","rttpg_excerpt":"Ekologiya v\u0259 T\u0259bii S\u0259rv\u0259tl\u0259r naziri Muxtar Babayev ay\u0131 \u0259tinin sat\u0131lmas\u0131 m\u0259s\u0259l\u0259sin\u0259 m\u00fcnasib\u0259t bildirib. ARANTV.AZ-\u0131n m\u0259lumat\u0131na g\u00f6r\u0259, nazir\u00a0YAP-\u0131n q\u0259rargah\u0131nda ke\u00e7iril\u0259n m\u0259tbuat konfrans\u0131nda\u00a0 bildirib ki,\u00a0son vaxtlar evl\u0259rd\u0259 v\u0259 ia\u015f\u0259 obyektl\u0259rind\u0259 heyvan saxlan\u0131lmas\u0131 faktlar\u0131 azal\u0131b. M.Babayevin s\u00f6zl\u0259rin\u0259 g\u00f6r\u0259, insanlar bel\u0259 faktlarla rastla\u015fd\u0131qda nazirliy\u0259\u00a0foto v\u0259 videolar\u00a0g\u00f6nd\u0259rirl\u0259r: \u201cBu m\u0259s\u0259l\u0259 ictimail\u0259\u015fir v\u0259 h\u0259min \u015f\u0259xsl\u0259ri qorxudur. Burada c\u0259miyy\u0259tin m\u00f6vqeyi v\u0259 nazirliyin s\u0259rt&hellip;","_links":{"self":[{"href":"https:\/\/arantv.az\/index.php?rest_route=\/wp\/v2\/posts\/91076"}],"collection":[{"href":"https:\/\/arantv.az\/index.php?rest_route=\/wp\/v2\/posts"}],"about":[{"href":"https:\/\/arantv.az\/index.php?rest_route=\/wp\/v2\/types\/post"}],"author":[{"embeddable":true,"href":"https:\/\/arantv.az\/index.php?rest_route=\/wp\/v2\/users\/2"}],"replies":[{"embeddable":true,"href":"https:\/\/arantv.az\/index.php?rest_route=%2Fwp%2Fv2%2Fcomments&post=91076"}],"version-history":[{"count":0,"href":"https:\/\/arantv.az\/index.php?rest_route=\/wp\/v2\/posts\/91076\/revisions"}],"wp:featuredmedia":[{"embeddable":true,"href":"https:\/\/arantv.az\/index.php?rest_route=\/wp\/v2\/media\/91077"}],"wp:attachment":[{"href":"https:\/\/arantv.az\/index.php?rest_route=%2Fwp%2Fv2%2Fmedia&parent=91076"}],"wp:term":[{"taxonomy":"category","embeddable":true,"href":"https:\/\/arantv.az\/index.php?rest_route=%2Fwp%2Fv2%2Fcategories&post=91076"},{"taxonomy":"post_tag","embeddable":true,"href":"https:\/\/arantv.az\/index.php?rest_route=%2Fwp%2Fv2%2Ftags&post=91076"}],"curies":[{"name":"wp","href":"https:\/\/api.w.org\/{rel}","templated":true}]}}