{"id":91080,"date":"2019-10-31T11:42:44","date_gmt":"2019-10-31T08:42:44","guid":{"rendered":"http:\/\/arantv.az\/?p=91080"},"modified":"2019-10-31T11:42:44","modified_gmt":"2019-10-31T08:42:44","slug":"m%c9%99hk%c9%99m%c9%99-arvadini-ipl%c9%99-bogub-oldur%c9%99ni-mualic%c9%99y%c9%99-gond%c9%99rdi","status":"publish","type":"post","link":"https:\/\/arantv.az\/?p=91080","title":{"rendered":"M\u0259hk\u0259m\u0259 arvad\u0131n\u0131 ipl\u0259 bo\u011fub \u00f6ld\u00fcr\u0259ni m\u00fcalic\u0259y\u0259 g\u00f6nd\u0259rdi"},"content":{"rendered":"<p>Bak\u0131 A\u011f\u0131r Cinay\u0259tl\u0259r M\u0259hk\u0259m\u0259sind\u0259 q\u0259tl t\u00f6r\u0259tm\u0259kd\u0259 t\u0259qsirl\u0259ndiril\u0259n M\u00fcs\u0259ddiq \u018fliyevin m\u0259hk\u0259m\u0259 prosesi ba\u015fa \u00e7at\u0131b.<\/p>\n<p><b>ARANTV.AZ\u00a0<\/b>x\u0259b\u0259r verir ki, hakim \u018ffqan Hac\u0131yevin s\u0259drliyi il\u0259 ke\u00e7iril\u0259n prosesd\u0259 q\u0259rar elan edilib.<\/p>\n<p>M\u0259hk\u0259m\u0259 M.\u018fliyevin anlaqs\u0131z oldu\u011fu q\u0259na\u0259tin\u0259 g\u0259lib v\u0259 onun bar\u0259sind\u0259 m\u0259cburi m\u00fcalic\u0259 q\u0259rar\u0131 \u00e7\u0131xar\u0131l\u0131b.<\/p>\n<div id=\"AdviadNativeVideo0\" class=\"AdviadNativeVideo\"><\/div>\n<p>Qeyd ed\u0259k ki, hadis\u0259 \u00f6t\u0259n il Bak\u0131n\u0131n Qarada\u011f rayonunun L\u00f6kbatan q\u0259s\u0259b\u0259sind\u0259 ba\u015f verib. Bel\u0259 ki, 1969-cu il t\u0259v\u0259ll\u00fcdl\u00fc M\u00fcs\u0259ddiq Q\u00fcdr\u0259t o\u011flu \u018fliyev arvad\u0131, 1974-c\u00fc il t\u0259v\u0259ll\u00fcdl\u00fc Ofeliya \u0130manovan\u0131 ipl\u0259 bo\u011faraq \u00f6ld\u00fcr\u00fcb.<\/p>\n<p>M.\u018fliyev Cinay\u0259t M\u0259c\u0259ll\u0259sinin 120.1-ci (q\u0259sd\u0259n adam \u00f6ld\u00fcrm\u0259) madd\u0259si il\u0259 ittiham edilib. O, q\u0259tli q\u0131sqancl\u0131q z\u0259minind\u0259 t\u00f6r\u0259tdiyini deyib.<\/p>\n<p>M.\u018fliyev 1 sayl\u0131 Respublika Psixiatriya X\u0259st\u0259xanas\u0131na g\u00f6nd\u0259rilib.oxu.az<\/p>\n","protected":false},"excerpt":{"rendered":"<p>Bak\u0131 A\u011f\u0131r Cinay\u0259tl\u0259r M\u0259hk\u0259m\u0259sind\u0259 q\u0259tl t\u00f6r\u0259tm\u0259kd\u0259 t\u0259qsirl\u0259ndiril\u0259n M\u00fcs\u0259ddiq \u018fliyevin m\u0259hk\u0259m\u0259 prosesi ba\u015fa \u00e7at\u0131b. ARANTV.AZ\u00a0x\u0259b\u0259r verir ki, hakim \u018ffqan Hac\u0131yevin s\u0259drliyi il\u0259 ke\u00e7iril\u0259n prosesd\u0259 q\u0259rar elan edilib. M\u0259hk\u0259m\u0259 M.\u018fliyevin anlaqs\u0131z oldu\u011fu q\u0259na\u0259tin\u0259 g\u0259lib v\u0259 onun bar\u0259sind\u0259 m\u0259cburi m\u00fcalic\u0259 q\u0259rar\u0131 \u00e7\u0131xar\u0131l\u0131b. Qeyd ed\u0259k ki, hadis\u0259 \u00f6t\u0259n il Bak\u0131n\u0131n Qarada\u011f rayonunun L\u00f6kbatan q\u0259s\u0259b\u0259sind\u0259 ba\u015f verib. Bel\u0259 ki, 1969-cu il t\u0259v\u0259ll\u00fcdl\u00fc M\u00fcs\u0259ddiq Q\u00fcdr\u0259t o\u011flu \u018fliyev arvad\u0131, 1974-c\u00fc il t\u0259v\u0259ll\u00fcdl\u00fc Ofeliya \u0130manovan\u0131 ipl\u0259 bo\u011faraq \u00f6ld\u00fcr\u00fcb. M.\u018fliyev Cinay\u0259t M\u0259c\u0259ll\u0259sinin 120.1-ci (q\u0259sd\u0259n adam \u00f6ld\u00fcrm\u0259) madd\u0259si il\u0259 ittiham edilib. O, q\u0259tli q\u0131sqancl\u0131q z\u0259minind\u0259 t\u00f6r\u0259tdiyini deyib. M.\u018fliyev 1 sayl\u0131&hellip;<\/p>\n","protected":false},"author":2,"featured_media":91081,"comment_status":"closed","ping_status":"closed","sticky":false,"template":"","format":"standard","meta":{"om_disable_all_campaigns":false,"_monsterinsights_skip_tracking":false,"_monsterinsights_sitenote_active":false,"_monsterinsights_sitenote_note":"","_monsterinsights_sitenote_category":0},"categories":[5],"tags":[],"aioseo_notices":[],"gutentor_comment":0,"rttpg_featured_image_url":{"full":["https:\/\/arantv.az\/wp-content\/uploads\/2019\/10\/ip.jpg",620,339,false],"landscape":["https:\/\/arantv.az\/wp-content\/uploads\/2019\/10\/ip.jpg",620,339,false],"portraits":["https:\/\/arantv.az\/wp-content\/uploads\/2019\/10\/ip.jpg",620,339,false],"thumbnail":["https:\/\/arantv.az\/wp-content\/uploads\/2019\/10\/ip-150x150.jpg",150,150,true],"medium":["https:\/\/arantv.az\/wp-content\/uploads\/2019\/10\/ip-300x164.jpg",300,164,true],"large":["https:\/\/arantv.az\/wp-content\/uploads\/2019\/10\/ip.jpg",620,339,false],"1536x1536":["https:\/\/arantv.az\/wp-content\/uploads\/2019\/10\/ip.jpg",620,339,false],"2048x2048":["https:\/\/arantv.az\/wp-content\/uploads\/2019\/10\/ip.jpg",620,339,false],"post-thumbnail":["https:\/\/arantv.az\/wp-content\/uploads\/2019\/10\/ip-240x172.jpg",240,172,true],"advps-thumb-one":["https:\/\/arantv.az\/wp-content\/uploads\/2019\/10\/ip.jpg",620,339,false]},"rttpg_author":{"display_name":"V\u00fcsal Rafiqo\u011flu","author_link":"https:\/\/arantv.az\/?author=2"},"rttpg_comment":0,"rttpg_category":"<a href=\"https:\/\/arantv.az\/?cat=5\" rel=\"category\">Hadis\u0259<\/a>","rttpg_excerpt":"Bak\u0131 A\u011f\u0131r Cinay\u0259tl\u0259r M\u0259hk\u0259m\u0259sind\u0259 q\u0259tl t\u00f6r\u0259tm\u0259kd\u0259 t\u0259qsirl\u0259ndiril\u0259n M\u00fcs\u0259ddiq \u018fliyevin m\u0259hk\u0259m\u0259 prosesi ba\u015fa \u00e7at\u0131b. ARANTV.AZ\u00a0x\u0259b\u0259r verir ki, hakim \u018ffqan Hac\u0131yevin s\u0259drliyi il\u0259 ke\u00e7iril\u0259n prosesd\u0259 q\u0259rar elan edilib. M\u0259hk\u0259m\u0259 M.\u018fliyevin anlaqs\u0131z oldu\u011fu q\u0259na\u0259tin\u0259 g\u0259lib v\u0259 onun bar\u0259sind\u0259 m\u0259cburi m\u00fcalic\u0259 q\u0259rar\u0131 \u00e7\u0131xar\u0131l\u0131b. Qeyd ed\u0259k ki, hadis\u0259 \u00f6t\u0259n il Bak\u0131n\u0131n Qarada\u011f rayonunun L\u00f6kbatan q\u0259s\u0259b\u0259sind\u0259 ba\u015f verib. Bel\u0259 ki, 1969-cu&hellip;","_links":{"self":[{"href":"https:\/\/arantv.az\/index.php?rest_route=\/wp\/v2\/posts\/91080"}],"collection":[{"href":"https:\/\/arantv.az\/index.php?rest_route=\/wp\/v2\/posts"}],"about":[{"href":"https:\/\/arantv.az\/index.php?rest_route=\/wp\/v2\/types\/post"}],"author":[{"embeddable":true,"href":"https:\/\/arantv.az\/index.php?rest_route=\/wp\/v2\/users\/2"}],"replies":[{"embeddable":true,"href":"https:\/\/arantv.az\/index.php?rest_route=%2Fwp%2Fv2%2Fcomments&post=91080"}],"version-history":[{"count":0,"href":"https:\/\/arantv.az\/index.php?rest_route=\/wp\/v2\/posts\/91080\/revisions"}],"wp:featuredmedia":[{"embeddable":true,"href":"https:\/\/arantv.az\/index.php?rest_route=\/wp\/v2\/media\/91081"}],"wp:attachment":[{"href":"https:\/\/arantv.az\/index.php?rest_route=%2Fwp%2Fv2%2Fmedia&parent=91080"}],"wp:term":[{"taxonomy":"category","embeddable":true,"href":"https:\/\/arantv.az\/index.php?rest_route=%2Fwp%2Fv2%2Fcategories&post=91080"},{"taxonomy":"post_tag","embeddable":true,"href":"https:\/\/arantv.az\/index.php?rest_route=%2Fwp%2Fv2%2Ftags&post=91080"}],"curies":[{"name":"wp","href":"https:\/\/api.w.org\/{rel}","templated":true}]}}