{"id":91104,"date":"2019-10-31T12:20:28","date_gmt":"2019-10-31T09:20:28","guid":{"rendered":"http:\/\/arantv.az\/?p=91104"},"modified":"2019-10-31T12:20:28","modified_gmt":"2019-10-31T09:20:28","slug":"cavusoglu-qarabagdan-danisdi-daha-cox-s%c9%99y-gost%c9%99r%c9%99c%c9%99yik","status":"publish","type":"post","link":"https:\/\/arantv.az\/?p=91104","title":{"rendered":"\u00c7avu\u015fo\u011flu Qaraba\u011fdan dan\u0131\u015fd\u0131: Daha \u00e7ox s\u0259y g\u00f6st\u0259r\u0259c\u0259yik"},"content":{"rendered":"<p>T\u00fcrkiy\u0259nin Xarici \u0130\u015fl\u0259r naziri M\u00f6vlud \u00c7avu\u015fo\u011flu Da\u011fl\u0131q Qaraba\u011f m\u00fcnaqi\u015f\u0259sinin h\u0259lli yolundan dan\u0131\u015f\u0131b.<\/p>\n<p><strong>ARANTV.AZ<\/strong>-\u0131n x\u0259b\u0259rin\u0259 g\u00f6r\u0259, nazir \u0130stanbul VI Vasit\u0259\u00e7ilik Konfrans\u0131nda deyib ki, m\u00fcnaqi\u015f\u0259 beyn\u0259lxalq t\u0259\u015fkilatlar\u0131n m\u00fcvafiq q\u0259rarlar\u0131 \u00e7\u0259r\u00e7iv\u0259sind\u0259 h\u0259ll olunmal\u0131d\u0131r.<\/p>\n<p>\u201cBiz Da\u011fl\u0131q Qaraba\u011f problemi v\u0259 Az\u0259rbaycan\u0131n i\u015f\u011fal edilmi\u015f torpaqlar\u0131 m\u0259s\u0259l\u0259sinin diplomatik yolla, BMT T\u0259hl\u00fck\u0259sizlik \u015euras\u0131n\u0131n v\u0259 Avropa \u015euras\u0131n\u0131n m\u00fcvafiq q\u0259rarlar\u0131 \u00e7\u0259r\u00e7iv\u0259sind\u0259 h\u0259llinin t\u0259r\u0259fdar\u0131y\u0131q. Biz h\u0259ll \u00fc\u00e7\u00fcn bu il d\u0259 daha \u00e7ox s\u0259y g\u00f6st\u0259r\u0259c\u0259yik\u201d, &#8211; dey\u0259 M.\u00c7avu\u015fo\u011flu \u0259lav\u0259 edib.oxu.az<\/p>\n","protected":false},"excerpt":{"rendered":"<p>T\u00fcrkiy\u0259nin Xarici \u0130\u015fl\u0259r naziri M\u00f6vlud \u00c7avu\u015fo\u011flu Da\u011fl\u0131q Qaraba\u011f m\u00fcnaqi\u015f\u0259sinin h\u0259lli yolundan dan\u0131\u015f\u0131b. ARANTV.AZ-\u0131n x\u0259b\u0259rin\u0259 g\u00f6r\u0259, nazir \u0130stanbul VI Vasit\u0259\u00e7ilik Konfrans\u0131nda deyib ki, m\u00fcnaqi\u015f\u0259 beyn\u0259lxalq t\u0259\u015fkilatlar\u0131n m\u00fcvafiq q\u0259rarlar\u0131 \u00e7\u0259r\u00e7iv\u0259sind\u0259 h\u0259ll olunmal\u0131d\u0131r. \u201cBiz Da\u011fl\u0131q Qaraba\u011f problemi v\u0259 Az\u0259rbaycan\u0131n i\u015f\u011fal edilmi\u015f torpaqlar\u0131 m\u0259s\u0259l\u0259sinin diplomatik yolla, BMT T\u0259hl\u00fck\u0259sizlik \u015euras\u0131n\u0131n v\u0259 Avropa \u015euras\u0131n\u0131n m\u00fcvafiq q\u0259rarlar\u0131 \u00e7\u0259r\u00e7iv\u0259sind\u0259 h\u0259llinin t\u0259r\u0259fdar\u0131y\u0131q. Biz h\u0259ll \u00fc\u00e7\u00fcn bu il d\u0259 daha \u00e7ox s\u0259y g\u00f6st\u0259r\u0259c\u0259yik\u201d, &#8211; dey\u0259 M.\u00c7avu\u015fo\u011flu \u0259lav\u0259 edib.oxu.az<\/p>\n","protected":false},"author":2,"featured_media":91105,"comment_status":"closed","ping_status":"closed","sticky":false,"template":"","format":"standard","meta":{"om_disable_all_campaigns":false,"_monsterinsights_skip_tracking":false,"_monsterinsights_sitenote_active":false,"_monsterinsights_sitenote_note":"","_monsterinsights_sitenote_category":0},"categories":[4],"tags":[],"aioseo_notices":[],"gutentor_comment":0,"rttpg_featured_image_url":{"full":["https:\/\/arantv.az\/wp-content\/uploads\/2019\/10\/m\u00c3\u00b6vluq.jpg",620,413,false],"landscape":["https:\/\/arantv.az\/wp-content\/uploads\/2019\/10\/m\u00c3\u00b6vluq.jpg",620,413,false],"portraits":["https:\/\/arantv.az\/wp-content\/uploads\/2019\/10\/m\u00c3\u00b6vluq.jpg",620,413,false],"thumbnail":["https:\/\/arantv.az\/wp-content\/uploads\/2019\/10\/m\u00c3\u00b6vluq-150x150.jpg",150,150,true],"medium":["https:\/\/arantv.az\/wp-content\/uploads\/2019\/10\/m\u00c3\u00b6vluq-300x200.jpg",300,200,true],"large":["https:\/\/arantv.az\/wp-content\/uploads\/2019\/10\/m\u00c3\u00b6vluq.jpg",620,413,false],"1536x1536":["https:\/\/arantv.az\/wp-content\/uploads\/2019\/10\/m\u00c3\u00b6vluq.jpg",620,413,false],"2048x2048":["https:\/\/arantv.az\/wp-content\/uploads\/2019\/10\/m\u00c3\u00b6vluq.jpg",620,413,false],"post-thumbnail":["https:\/\/arantv.az\/wp-content\/uploads\/2019\/10\/m\u00c3\u00b6vluq-240x172.jpg",240,172,true],"advps-thumb-one":["https:\/\/arantv.az\/wp-content\/uploads\/2019\/10\/m\u00c3\u00b6vluq.jpg",620,413,false]},"rttpg_author":{"display_name":"V\u00fcsal Rafiqo\u011flu","author_link":"https:\/\/arantv.az\/?author=2"},"rttpg_comment":0,"rttpg_category":"<a href=\"https:\/\/arantv.az\/?cat=4\" rel=\"category\">Siyas\u0259t<\/a>","rttpg_excerpt":"T\u00fcrkiy\u0259nin Xarici \u0130\u015fl\u0259r naziri M\u00f6vlud \u00c7avu\u015fo\u011flu Da\u011fl\u0131q Qaraba\u011f m\u00fcnaqi\u015f\u0259sinin h\u0259lli yolundan dan\u0131\u015f\u0131b. ARANTV.AZ-\u0131n x\u0259b\u0259rin\u0259 g\u00f6r\u0259, nazir \u0130stanbul VI Vasit\u0259\u00e7ilik Konfrans\u0131nda deyib ki, m\u00fcnaqi\u015f\u0259 beyn\u0259lxalq t\u0259\u015fkilatlar\u0131n m\u00fcvafiq q\u0259rarlar\u0131 \u00e7\u0259r\u00e7iv\u0259sind\u0259 h\u0259ll olunmal\u0131d\u0131r. \u201cBiz Da\u011fl\u0131q Qaraba\u011f problemi v\u0259 Az\u0259rbaycan\u0131n i\u015f\u011fal edilmi\u015f torpaqlar\u0131 m\u0259s\u0259l\u0259sinin diplomatik yolla, BMT T\u0259hl\u00fck\u0259sizlik \u015euras\u0131n\u0131n v\u0259 Avropa \u015euras\u0131n\u0131n m\u00fcvafiq q\u0259rarlar\u0131 \u00e7\u0259r\u00e7iv\u0259sind\u0259 h\u0259llinin t\u0259r\u0259fdar\u0131y\u0131q. Biz h\u0259ll&hellip;","_links":{"self":[{"href":"https:\/\/arantv.az\/index.php?rest_route=\/wp\/v2\/posts\/91104"}],"collection":[{"href":"https:\/\/arantv.az\/index.php?rest_route=\/wp\/v2\/posts"}],"about":[{"href":"https:\/\/arantv.az\/index.php?rest_route=\/wp\/v2\/types\/post"}],"author":[{"embeddable":true,"href":"https:\/\/arantv.az\/index.php?rest_route=\/wp\/v2\/users\/2"}],"replies":[{"embeddable":true,"href":"https:\/\/arantv.az\/index.php?rest_route=%2Fwp%2Fv2%2Fcomments&post=91104"}],"version-history":[{"count":0,"href":"https:\/\/arantv.az\/index.php?rest_route=\/wp\/v2\/posts\/91104\/revisions"}],"wp:featuredmedia":[{"embeddable":true,"href":"https:\/\/arantv.az\/index.php?rest_route=\/wp\/v2\/media\/91105"}],"wp:attachment":[{"href":"https:\/\/arantv.az\/index.php?rest_route=%2Fwp%2Fv2%2Fmedia&parent=91104"}],"wp:term":[{"taxonomy":"category","embeddable":true,"href":"https:\/\/arantv.az\/index.php?rest_route=%2Fwp%2Fv2%2Fcategories&post=91104"},{"taxonomy":"post_tag","embeddable":true,"href":"https:\/\/arantv.az\/index.php?rest_route=%2Fwp%2Fv2%2Ftags&post=91104"}],"curies":[{"name":"wp","href":"https:\/\/api.w.org\/{rel}","templated":true}]}}