{"id":91122,"date":"2019-10-31T13:09:45","date_gmt":"2019-10-31T10:09:45","guid":{"rendered":"http:\/\/arantv.az\/?p=91122"},"modified":"2019-10-31T13:09:45","modified_gmt":"2019-10-31T10:09:45","slug":"ombudsman-az%c9%99rbaycanda-yasayan-on-minl%c9%99rl%c9%99-erm%c9%99ninin-huquqlarina-horm%c9%99tl%c9%99-yanasilir","status":"publish","type":"post","link":"https:\/\/arantv.az\/?p=91122","title":{"rendered":"Ombudsman: &#8220;Az\u0259rbaycanda ya\u015fayan on minl\u0259rl\u0259 erm\u0259ninin h\u00fcquqlar\u0131na h\u00f6rm\u0259tl\u0259 yana\u015f\u0131l\u0131r&#8221;"},"content":{"rendered":"<blockquote><p><em><strong>Erm\u0259nistanda ya\u015fayan az\u0259rbaycanl\u0131lar deportasiya edils\u0259 d\u0259, bu g\u00fcn Az\u0259rbaycanda ya\u015fayan on minl\u0259rl\u0259 erm\u0259ninin h\u00fcquqlar\u0131n\u0131n qorunmas\u0131 t\u0259min edilir.<\/strong><\/em><\/p><\/blockquote>\n<p><strong>ARANTV.AZ<\/strong>\u00a0\u00a0<a href=\"http:\/\/az.trend.az\/\" target=\"_blank\" rel=\"noopener\">Trend<\/a>-\u0259 istinad\u0259n bildirir ki,\u00a0bunu insan h\u00fcquqlar\u0131 \u00fczr\u0259 m\u00fcv\u0259kkil, Ombudsman Elmira S\u00fcleymanova &#8220;Din v\u0259 insan h\u00fcquqlar\u0131&#8221; m\u00f6vzusunda ke\u00e7iril\u0259n konfransda deyib.<\/p>\n<p>Onun s\u00f6zl\u0259rin\u0259 g\u00f6r\u0259, 30 il davam ed\u0259n erm\u0259ni t\u0259cav\u00fcz\u00fc n\u0259tic\u0259sind\u0259 tarixi Az\u0259rbaycan torpaqlar\u0131nda yarad\u0131lan Erm\u0259nistanda 100 minl\u0259rl\u0259 az\u0259rbaycanl\u0131dan bir n\u0259f\u0259r d\u0259 olsun qalmay\u0131b: &#8220;Az\u0259rbaycanl\u0131lar Erm\u0259nistan\u0131n monoetnik d\u00f6vl\u0259t yaratmas\u0131, etnik t\u0259mizl\u0259m\u0259 siyas\u0259ti n\u0259tic\u0259sind\u0259 k\u00fctl\u0259vi deportasiyaya m\u0259ruz qal\u0131blar. Buna baxmayaraq, bu g\u00fcn d\u0259 \u00f6lk\u0259mizd\u0259 ya\u015fayan on minl\u0259rl\u0259 erm\u0259ninin h\u00fcquqlar\u0131na h\u00f6rm\u0259tl\u0259 yana\u015f\u0131l\u0131r, onlar\u0131n h\u00fcquqlar\u0131n\u0131n qorunmas\u0131n\u0131 t\u0259min edilir&#8221;.<\/p>\n<p>Ombudsman \u0259lav\u0259 edib ki, Az\u0259rbaycanda dinin d\u00f6vl\u0259td\u0259n ayr\u0131 oldu\u011fu, b\u00fct\u00fcn dini etiqadlar\u0131n qanun \u00e7\u0259r\u00e7iv\u0259sind\u0259 b\u0259rab\u0259r oldu\u011fu qanunvericilikd\u0259 qeyd edilib: &#8220;\u00dcmumilli lider Heyd\u0259r \u018fliyev \u00f6lk\u0259mizd\u0259 ya\u015fayan azsayl\u0131 xalqlar\u0131n, m\u00fcxt\u0259lif dinl\u0259rin n\u00fcmay\u0259nd\u0259l\u0259rinin h\u00fcquq v\u0259 b\u0259rab\u0259rliyin\u0259 x\u00fcsusi diqq\u0259t yetirib. Onun siyas\u0259ti m\u0259hz bu prinsipl\u0259r \u00fcz\u0259rind\u0259 qurulmu\u015fdu. Tolerant ideyalar\u0131n \u0259sl m\u0259sk\u0259ni olan Az\u0259rbaycan h\u0259m tolerantl\u0131q, h\u0259m d\u0259 multikulturalizm sah\u0259sind\u0259 b\u00fct\u00fcn d\u00fcnya \u00f6lk\u0259l\u0259ri \u00fc\u00e7\u00fcn bir n\u00fcmun\u0259, \u00f6rn\u0259k olub. Bu yaln\u0131z n\u0259z\u0259riyy\u0259y\u0259 deyil, h\u0259yatda da ger\u00e7\u0259kl\u0259\u015fdiril\u0259n siyas\u0259tdir&#8221;.<\/p>\n<p>E.S\u00fcleymanovan\u0131n s\u00f6zl\u0259rin\u0259 g\u00f6r\u0259, f\u0259aliyy\u0259t g\u00f6st\u0259rdiyi d\u00f6vrd\u0259 Ombudsman Aparat\u0131na m\u00fcxt\u0259lif m\u0259zmunlu \u015fikay\u0259tl\u0259r edils\u0259 d\u0259, m\u0259hz dini z\u0259mind\u0259 t\u0259qib olunma, yaxud dini azadl\u0131\u011f\u0131n pozulmas\u0131 hallar\u0131 il\u0259 ba\u011fl\u0131 bir d\u0259n\u0259 d\u0259 \u015fikay\u0259t q\u0259bul edilm\u0259yib: &#8220;T\u0259\u0259ss\u00fcfl\u0259r olsun ki, b\u0259zi d\u00f6vl\u0259tl\u0259r dind\u0259n istifad\u0259 ed\u0259r\u0259k siyasi manipulyasiyalar edir, k\u00fctl\u0259vi \u015f\u0259kild\u0259 insan h\u00fcquqlar\u0131n\u0131 pozaraq ksenofobiyaya, q\u0259ddarl\u0131\u011fa yol verir, dinc \u0259haliy\u0259 qar\u015f\u0131 q\u0131r\u011f\u0131nlar t\u00f6r\u0259dirl\u0259r. Bu bax\u0131mdan din h\u0259m d\u00f6vl\u0259t daxilind\u0259, h\u0259m d\u0259 d\u00f6vl\u0259tl\u0259raras\u0131 m\u00fcnasib\u0259td\u0259 da\u011f\u0131d\u0131c\u0131 al\u0259t kimi istifad\u0259 edil\u0259 bil\u0259r. \u018fslind\u0259 is\u0259 din xalqlar aras\u0131nda s\u00fclh yaradan q\u00fcvv\u0259dir v\u0259 bunlar aras\u0131nda k\u00f6rp\u00fc rolunu oynay\u0131r&#8221;.<\/p>\n","protected":false},"excerpt":{"rendered":"<p>Erm\u0259nistanda ya\u015fayan az\u0259rbaycanl\u0131lar deportasiya edils\u0259 d\u0259, bu g\u00fcn Az\u0259rbaycanda ya\u015fayan on minl\u0259rl\u0259 erm\u0259ninin h\u00fcquqlar\u0131n\u0131n qorunmas\u0131 t\u0259min edilir. ARANTV.AZ\u00a0\u00a0Trend-\u0259 istinad\u0259n bildirir ki,\u00a0bunu insan h\u00fcquqlar\u0131 \u00fczr\u0259 m\u00fcv\u0259kkil, Ombudsman Elmira S\u00fcleymanova &#8220;Din v\u0259 insan h\u00fcquqlar\u0131&#8221; m\u00f6vzusunda ke\u00e7iril\u0259n konfransda deyib. Onun s\u00f6zl\u0259rin\u0259 g\u00f6r\u0259, 30 il davam ed\u0259n erm\u0259ni t\u0259cav\u00fcz\u00fc n\u0259tic\u0259sind\u0259 tarixi Az\u0259rbaycan torpaqlar\u0131nda yarad\u0131lan Erm\u0259nistanda 100 minl\u0259rl\u0259 az\u0259rbaycanl\u0131dan bir n\u0259f\u0259r d\u0259 olsun qalmay\u0131b: &#8220;Az\u0259rbaycanl\u0131lar Erm\u0259nistan\u0131n monoetnik d\u00f6vl\u0259t yaratmas\u0131, etnik t\u0259mizl\u0259m\u0259 siyas\u0259ti n\u0259tic\u0259sind\u0259 k\u00fctl\u0259vi deportasiyaya m\u0259ruz qal\u0131blar. Buna baxmayaraq, bu g\u00fcn d\u0259 \u00f6lk\u0259mizd\u0259 ya\u015fayan on minl\u0259rl\u0259 erm\u0259ninin h\u00fcquqlar\u0131na h\u00f6rm\u0259tl\u0259 yana\u015f\u0131l\u0131r, onlar\u0131n h\u00fcquqlar\u0131n\u0131n qorunmas\u0131n\u0131 t\u0259min edilir&#8221;.&hellip;<\/p>\n","protected":false},"author":2,"featured_media":91123,"comment_status":"closed","ping_status":"closed","sticky":false,"template":"","format":"standard","meta":{"om_disable_all_campaigns":false,"_monsterinsights_skip_tracking":false,"_monsterinsights_sitenote_active":false,"_monsterinsights_sitenote_note":"","_monsterinsights_sitenote_category":0},"categories":[19],"tags":[],"aioseo_notices":[],"gutentor_comment":0,"rttpg_featured_image_url":{"full":["https:\/\/arantv.az\/wp-content\/uploads\/2019\/10\/798594.jpg",800,600,false],"landscape":["https:\/\/arantv.az\/wp-content\/uploads\/2019\/10\/798594.jpg",800,600,false],"portraits":["https:\/\/arantv.az\/wp-content\/uploads\/2019\/10\/798594.jpg",800,600,false],"thumbnail":["https:\/\/arantv.az\/wp-content\/uploads\/2019\/10\/798594-150x150.jpg",150,150,true],"medium":["https:\/\/arantv.az\/wp-content\/uploads\/2019\/10\/798594-300x225.jpg",300,225,true],"large":["https:\/\/arantv.az\/wp-content\/uploads\/2019\/10\/798594.jpg",640,480,false],"1536x1536":["https:\/\/arantv.az\/wp-content\/uploads\/2019\/10\/798594.jpg",800,600,false],"2048x2048":["https:\/\/arantv.az\/wp-content\/uploads\/2019\/10\/798594.jpg",800,600,false],"post-thumbnail":["https:\/\/arantv.az\/wp-content\/uploads\/2019\/10\/798594-240x172.jpg",240,172,true],"advps-thumb-one":["https:\/\/arantv.az\/wp-content\/uploads\/2019\/10\/798594.jpg",800,600,false]},"rttpg_author":{"display_name":"V\u00fcsal Rafiqo\u011flu","author_link":"https:\/\/arantv.az\/?author=2"},"rttpg_comment":0,"rttpg_category":"<a href=\"https:\/\/arantv.az\/?cat=19\" rel=\"category\">G\u00fcnd\u0259m<\/a>","rttpg_excerpt":"Erm\u0259nistanda ya\u015fayan az\u0259rbaycanl\u0131lar deportasiya edils\u0259 d\u0259, bu g\u00fcn Az\u0259rbaycanda ya\u015fayan on minl\u0259rl\u0259 erm\u0259ninin h\u00fcquqlar\u0131n\u0131n qorunmas\u0131 t\u0259min edilir. ARANTV.AZ\u00a0\u00a0Trend-\u0259 istinad\u0259n bildirir ki,\u00a0bunu insan h\u00fcquqlar\u0131 \u00fczr\u0259 m\u00fcv\u0259kkil, Ombudsman Elmira S\u00fcleymanova &#8220;Din v\u0259 insan h\u00fcquqlar\u0131&#8221; m\u00f6vzusunda ke\u00e7iril\u0259n konfransda deyib. Onun s\u00f6zl\u0259rin\u0259 g\u00f6r\u0259, 30 il davam ed\u0259n erm\u0259ni t\u0259cav\u00fcz\u00fc n\u0259tic\u0259sind\u0259 tarixi Az\u0259rbaycan torpaqlar\u0131nda yarad\u0131lan Erm\u0259nistanda 100 minl\u0259rl\u0259 az\u0259rbaycanl\u0131dan bir&hellip;","_links":{"self":[{"href":"https:\/\/arantv.az\/index.php?rest_route=\/wp\/v2\/posts\/91122"}],"collection":[{"href":"https:\/\/arantv.az\/index.php?rest_route=\/wp\/v2\/posts"}],"about":[{"href":"https:\/\/arantv.az\/index.php?rest_route=\/wp\/v2\/types\/post"}],"author":[{"embeddable":true,"href":"https:\/\/arantv.az\/index.php?rest_route=\/wp\/v2\/users\/2"}],"replies":[{"embeddable":true,"href":"https:\/\/arantv.az\/index.php?rest_route=%2Fwp%2Fv2%2Fcomments&post=91122"}],"version-history":[{"count":0,"href":"https:\/\/arantv.az\/index.php?rest_route=\/wp\/v2\/posts\/91122\/revisions"}],"wp:featuredmedia":[{"embeddable":true,"href":"https:\/\/arantv.az\/index.php?rest_route=\/wp\/v2\/media\/91123"}],"wp:attachment":[{"href":"https:\/\/arantv.az\/index.php?rest_route=%2Fwp%2Fv2%2Fmedia&parent=91122"}],"wp:term":[{"taxonomy":"category","embeddable":true,"href":"https:\/\/arantv.az\/index.php?rest_route=%2Fwp%2Fv2%2Fcategories&post=91122"},{"taxonomy":"post_tag","embeddable":true,"href":"https:\/\/arantv.az\/index.php?rest_route=%2Fwp%2Fv2%2Ftags&post=91122"}],"curies":[{"name":"wp","href":"https:\/\/api.w.org\/{rel}","templated":true}]}}