{"id":91199,"date":"2019-10-31T15:39:06","date_gmt":"2019-10-31T12:39:06","guid":{"rendered":"http:\/\/arantv.az\/?p=91199"},"modified":"2019-10-31T15:39:06","modified_gmt":"2019-10-31T12:39:06","slug":"ai-nin-az%c9%99rbaycandaki-numay%c9%99nd%c9%99liyi-baki-kuc%c9%99l%c9%99rind%c9%99-igtisaslari-d%c9%99st%c9%99kl%c9%99mirik","status":"publish","type":"post","link":"https:\/\/arantv.az\/?p=91199","title":{"rendered":"A\u0130-nin Az\u0259rbaycandak\u0131 n\u00fcmay\u0259nd\u0259liyi: \u201cBak\u0131 k\u00fc\u00e7\u0259l\u0259rind\u0259 i\u011fti\u015fa\u015flar\u0131 d\u0259st\u0259kl\u0259mirik\u201d"},"content":{"rendered":"<p>Avropa \u0130ttifaq\u0131n\u0131n (A\u0130) Az\u0259rbaycandak\u0131 n\u00fcmay\u0259nd\u0259liyi b\u0259zi K\u0130V-l\u0259rin A\u0130 s\u0259firinin Bak\u0131 k\u00fc\u00e7\u0259l\u0259rind\u0259ki i\u011fti\u015fa\u015flar\u0131 d\u0259st\u0259kl\u0259m\u0259siyl\u0259 ba\u011fl\u0131 iddialar\u0131n\u0131 tamamil\u0259 r\u0259dd edir.<\/p>\n<p>Bu bar\u0259d\u0259 A\u0130-nin Az\u0259rbaycandak\u0131 n\u00fcmay\u0259nd\u0259liyinin b\u0259yanat\u0131nda bildirilib.<\/p>\n<p>\u201cAz\u0259rbaycan A\u0130-nin m\u00fch\u00fcm t\u0259r\u0259fda\u015f\u0131, \u201c\u015e\u0259rq T\u0259r\u0259fda\u015fl\u0131\u011f\u0131\u201d proqram\u0131n\u0131n \u00fczv\u00fc, el\u0259c\u0259 d\u0259 energetika sah\u0259sind\u0259 strateji t\u0259r\u0259fda\u015f\u0131m\u0131zd\u0131r. A\u0130 h\u0259m\u00e7inin Az\u0259rbaycan\u0131n suverenliyini, m\u00fcst\u0259qilliyini v\u0259 \u0259razi b\u00fct\u00f6vl\u00fcy\u00fcn\u00fc d\u0259st\u0259kl\u0259yir. T\u0259r\u0259fda\u015fl\u0131\u011f\u0131m\u0131z\u0131 inki\u015faf etdirm\u0259k v\u0259 insan h\u00fcquqlar\u0131 da daxil olmaqla, \u00e7ox sayda m\u00f6vzunu \u0259hat\u0259 ed\u0259n yeni h\u0259rt\u0259r\u0259fli Sazi\u015f vasit\u0259si il\u0259 \u0259m\u0259kda\u015fl\u0131\u011f\u0131m\u0131z\u0131 geni\u015fl\u0259ndirm\u0259k \u00fc\u00e7\u00fcn birg\u0259 \u00e7al\u0131\u015f\u0131r\u0131q\u201d, &#8211; b\u0259yanatda deyilir.<\/p>\n<div id=\"AdviadNativeVideo0\" class=\"AdviadNativeVideo\"><\/div>\n<p>Qeyd olunur ki, A\u0130 Az\u0259rbaycan\u0131n islahatlar proqram\u0131n\u0131 d\u0259st\u0259kl\u0259m\u0259y\u0259 davam edir:<\/p>\n<p>\u201cA\u0130 h\u0259m neft, h\u0259m d\u0259 qeyri-neft sektorlar\u0131nda Az\u0259rbaycan\u0131n ilk ticar\u0259t t\u0259r\u0259fda\u015f\u0131 v\u0259 investordur. Az\u0259rbaycan iqtisadiyyat\u0131n\u0131n \u015fax\u0259l\u0259ndirilm\u0259si proqram\u0131n\u0131 d\u0259st\u0259kl\u0259yirik, o c\u00fcml\u0259d\u0259n t\u0259hsil v\u0259 regional inki\u015fafa d\u0259st\u0259k verm\u0259kl\u0259 bunu edirik\u201d.<\/p>\n<p>\u201cA\u0130 n\u00fcmay\u0259nd\u0259liyi beyn\u0259lxalq h\u00fcquq v\u0259 t\u0259cr\u00fcb\u0259y\u0259 uy\u011fun olaraq, Az\u0259rbaycan c\u0259miyy\u0259tinin b\u00fct\u00fcn t\u0259b\u0259q\u0259l\u0259ri il\u0259 \u0259laq\u0259l\u0259r\u0259 malikdir. B<\/p>\n<p>u, o dem\u0259kdir ki, biz dinl\u0259yirik, lakin t\u0259r\u0259f tutmuruq. B\u00fct\u00fcn d\u00fcnyada diplomatik xidm\u0259tl\u0259r t\u0259r\u0259find\u0259n t\u0259tbiq olundu\u011funa g\u00f6r\u0259, biz d\u0259 h\u0259m h\u00f6kum\u0259t n\u00fcmay\u0259nd\u0259l\u0259ri, h\u0259m d\u0259 m\u00fcxalif\u0259t, v\u0259t\u0259nda\u015f c\u0259miyy\u0259ti v\u0259 dig\u0259r qruplarla g\u00f6r\u00fc\u015f\u00fcr\u00fck\u201d, &#8211; b\u0259yanatda bildirilib.<\/p>\n<p>Xat\u0131rladaq ki, daha \u0259vv\u0259l Bak\u0131 \u015e\u0259h\u0259r \u0130cra Hakimiyy\u0259ti Milli \u015euran\u0131n mitinql\u0259 ba\u011fl\u0131 m\u00fcraci\u0259tin\u0259 cavab olaraq mitinqin noyabr\u0131n 2-si saat 15:00-dan 17:00-d\u0259k L\u00f6kbatan q\u0259s\u0259b\u0259sind\u0259 \u201cNeft\u00e7i \u0130dman Klubu\u201dnun Qarada\u011f t\u0259lim-idman bazas\u0131nda ke\u00e7irilm\u0259sin\u0259 raz\u0131l\u0131q verilib.<\/p>\n","protected":false},"excerpt":{"rendered":"<p>Avropa \u0130ttifaq\u0131n\u0131n (A\u0130) Az\u0259rbaycandak\u0131 n\u00fcmay\u0259nd\u0259liyi b\u0259zi K\u0130V-l\u0259rin A\u0130 s\u0259firinin Bak\u0131 k\u00fc\u00e7\u0259l\u0259rind\u0259ki i\u011fti\u015fa\u015flar\u0131 d\u0259st\u0259kl\u0259m\u0259siyl\u0259 ba\u011fl\u0131 iddialar\u0131n\u0131 tamamil\u0259 r\u0259dd edir. Bu bar\u0259d\u0259 A\u0130-nin Az\u0259rbaycandak\u0131 n\u00fcmay\u0259nd\u0259liyinin b\u0259yanat\u0131nda bildirilib. \u201cAz\u0259rbaycan A\u0130-nin m\u00fch\u00fcm t\u0259r\u0259fda\u015f\u0131, \u201c\u015e\u0259rq T\u0259r\u0259fda\u015fl\u0131\u011f\u0131\u201d proqram\u0131n\u0131n \u00fczv\u00fc, el\u0259c\u0259 d\u0259 energetika sah\u0259sind\u0259 strateji t\u0259r\u0259fda\u015f\u0131m\u0131zd\u0131r. A\u0130 h\u0259m\u00e7inin Az\u0259rbaycan\u0131n suverenliyini, m\u00fcst\u0259qilliyini v\u0259 \u0259razi b\u00fct\u00f6vl\u00fcy\u00fcn\u00fc d\u0259st\u0259kl\u0259yir. T\u0259r\u0259fda\u015fl\u0131\u011f\u0131m\u0131z\u0131 inki\u015faf etdirm\u0259k v\u0259 insan h\u00fcquqlar\u0131 da daxil olmaqla, \u00e7ox sayda m\u00f6vzunu \u0259hat\u0259 ed\u0259n yeni h\u0259rt\u0259r\u0259fli Sazi\u015f vasit\u0259si il\u0259 \u0259m\u0259kda\u015fl\u0131\u011f\u0131m\u0131z\u0131 geni\u015fl\u0259ndirm\u0259k \u00fc\u00e7\u00fcn birg\u0259 \u00e7al\u0131\u015f\u0131r\u0131q\u201d, &#8211; b\u0259yanatda deyilir. Qeyd olunur ki, A\u0130 Az\u0259rbaycan\u0131n islahatlar proqram\u0131n\u0131 d\u0259st\u0259kl\u0259m\u0259y\u0259 davam edir: \u201cA\u0130 h\u0259m neft, h\u0259m d\u0259&hellip;<\/p>\n","protected":false},"author":2,"featured_media":91200,"comment_status":"closed","ping_status":"closed","sticky":false,"template":"","format":"standard","meta":{"om_disable_all_campaigns":false,"_monsterinsights_skip_tracking":false,"_monsterinsights_sitenote_active":false,"_monsterinsights_sitenote_note":"","_monsterinsights_sitenote_category":0},"categories":[4],"tags":[],"aioseo_notices":[],"gutentor_comment":0,"rttpg_featured_image_url":{"full":["https:\/\/arantv.az\/wp-content\/uploads\/2019\/10\/738789.jpg",620,465,false],"landscape":["https:\/\/arantv.az\/wp-content\/uploads\/2019\/10\/738789.jpg",620,465,false],"portraits":["https:\/\/arantv.az\/wp-content\/uploads\/2019\/10\/738789.jpg",620,465,false],"thumbnail":["https:\/\/arantv.az\/wp-content\/uploads\/2019\/10\/738789-150x150.jpg",150,150,true],"medium":["https:\/\/arantv.az\/wp-content\/uploads\/2019\/10\/738789-300x225.jpg",300,225,true],"large":["https:\/\/arantv.az\/wp-content\/uploads\/2019\/10\/738789.jpg",620,465,false],"1536x1536":["https:\/\/arantv.az\/wp-content\/uploads\/2019\/10\/738789.jpg",620,465,false],"2048x2048":["https:\/\/arantv.az\/wp-content\/uploads\/2019\/10\/738789.jpg",620,465,false],"post-thumbnail":["https:\/\/arantv.az\/wp-content\/uploads\/2019\/10\/738789-240x172.jpg",240,172,true],"advps-thumb-one":["https:\/\/arantv.az\/wp-content\/uploads\/2019\/10\/738789.jpg",620,465,false]},"rttpg_author":{"display_name":"V\u00fcsal Rafiqo\u011flu","author_link":"https:\/\/arantv.az\/?author=2"},"rttpg_comment":0,"rttpg_category":"<a href=\"https:\/\/arantv.az\/?cat=4\" rel=\"category\">Siyas\u0259t<\/a>","rttpg_excerpt":"Avropa \u0130ttifaq\u0131n\u0131n (A\u0130) Az\u0259rbaycandak\u0131 n\u00fcmay\u0259nd\u0259liyi b\u0259zi K\u0130V-l\u0259rin A\u0130 s\u0259firinin Bak\u0131 k\u00fc\u00e7\u0259l\u0259rind\u0259ki i\u011fti\u015fa\u015flar\u0131 d\u0259st\u0259kl\u0259m\u0259siyl\u0259 ba\u011fl\u0131 iddialar\u0131n\u0131 tamamil\u0259 r\u0259dd edir. Bu bar\u0259d\u0259 A\u0130-nin Az\u0259rbaycandak\u0131 n\u00fcmay\u0259nd\u0259liyinin b\u0259yanat\u0131nda bildirilib. \u201cAz\u0259rbaycan A\u0130-nin m\u00fch\u00fcm t\u0259r\u0259fda\u015f\u0131, \u201c\u015e\u0259rq T\u0259r\u0259fda\u015fl\u0131\u011f\u0131\u201d proqram\u0131n\u0131n \u00fczv\u00fc, el\u0259c\u0259 d\u0259 energetika sah\u0259sind\u0259 strateji t\u0259r\u0259fda\u015f\u0131m\u0131zd\u0131r. A\u0130 h\u0259m\u00e7inin Az\u0259rbaycan\u0131n suverenliyini, m\u00fcst\u0259qilliyini v\u0259 \u0259razi b\u00fct\u00f6vl\u00fcy\u00fcn\u00fc d\u0259st\u0259kl\u0259yir. T\u0259r\u0259fda\u015fl\u0131\u011f\u0131m\u0131z\u0131 inki\u015faf etdirm\u0259k v\u0259 insan h\u00fcquqlar\u0131 da&hellip;","_links":{"self":[{"href":"https:\/\/arantv.az\/index.php?rest_route=\/wp\/v2\/posts\/91199"}],"collection":[{"href":"https:\/\/arantv.az\/index.php?rest_route=\/wp\/v2\/posts"}],"about":[{"href":"https:\/\/arantv.az\/index.php?rest_route=\/wp\/v2\/types\/post"}],"author":[{"embeddable":true,"href":"https:\/\/arantv.az\/index.php?rest_route=\/wp\/v2\/users\/2"}],"replies":[{"embeddable":true,"href":"https:\/\/arantv.az\/index.php?rest_route=%2Fwp%2Fv2%2Fcomments&post=91199"}],"version-history":[{"count":0,"href":"https:\/\/arantv.az\/index.php?rest_route=\/wp\/v2\/posts\/91199\/revisions"}],"wp:featuredmedia":[{"embeddable":true,"href":"https:\/\/arantv.az\/index.php?rest_route=\/wp\/v2\/media\/91200"}],"wp:attachment":[{"href":"https:\/\/arantv.az\/index.php?rest_route=%2Fwp%2Fv2%2Fmedia&parent=91199"}],"wp:term":[{"taxonomy":"category","embeddable":true,"href":"https:\/\/arantv.az\/index.php?rest_route=%2Fwp%2Fv2%2Fcategories&post=91199"},{"taxonomy":"post_tag","embeddable":true,"href":"https:\/\/arantv.az\/index.php?rest_route=%2Fwp%2Fv2%2Ftags&post=91199"}],"curies":[{"name":"wp","href":"https:\/\/api.w.org\/{rel}","templated":true}]}}