{"id":91207,"date":"2019-10-31T15:42:24","date_gmt":"2019-10-31T12:42:24","guid":{"rendered":"http:\/\/arantv.az\/?p=91207"},"modified":"2019-10-31T15:42:24","modified_gmt":"2019-10-31T12:42:24","slug":"hesablama-palatasi-25-milyard-manatliq-x%c9%99rcl%c9%99r%c9%99-h%c9%99-dedi","status":"publish","type":"post","link":"https:\/\/arantv.az\/?p=91207","title":{"rendered":"Hesablama Palatas\u0131 25 milyard manatl\u0131q x\u0259rcl\u0259r\u0259 \u201cH\u018f\u201d dedi"},"content":{"rendered":"<p>Oktyabr\u0131n 30-da\u00a0Hesablama Palatas\u0131nda n\u00f6vb\u0259ti kollegiya iclas\u0131 ke\u00e7irilib.<\/p>\n<p><b>ARANTV.AZ<\/b>-\u0131n m\u0259lumat\u0131na g\u00f6r\u0259, iclasda \u201c2020-ci il d\u00f6vl\u0259t b\u00fcdc\u0259si haqq\u0131nda\u201d, \u201cSosial t\u0259minat\u0131 v\u0259 m\u00fcdafi\u0259ni h\u0259yata ke\u00e7ir\u0259n m\u00fcvafiq icra hakimiyy\u0259ti orqan\u0131n\u0131n 2020-ci il b\u00fcdc\u0259si haqq\u0131nda\u201d v\u0259 \u201c\u0130\u015fsizlikd\u0259n s\u0131\u011forta fondunun 2020-ci il b\u00fcdc\u0259si haqq\u0131nda\u201d qanun layih\u0259l\u0259rin\u0259 verilmi\u015f r\u0259yl\u0259ri \u0259trafl\u0131 m\u00fczakir\u0259 olunaraq t\u0259sdiq edilib.<\/p>\n<p>S\u0259n\u0259dl\u0259rin Milli M\u0259clisd\u0259 m\u00fczakir\u0259si t\u00f6vsiy\u0259 olunub.<\/p>\n<div id=\"AdviadNativeVideo0\" class=\"AdviadNativeVideo\"><\/div>\n<p>Bundan ba\u015fqa, iclasda d\u00f6vl\u0259t b\u00fcdc\u0259sinin \u0259sasl\u0131 v\u0259sait qoyulu\u015fundan \u201cAz\u0259rsu\u201d ASC-y\u0259 ayr\u0131lm\u0131\u015f v\u0259saitl\u0259rin istifad\u0259sin\u0259 dair n\u0259zar\u0259t t\u0259dbiri \u00fczr\u0259 Auditor Hesabat\u0131 da m\u00fczakir\u0259 edilib.<\/p>\n<p>Kollegiya q\u0259rar\u0131n\u0131n layih\u0259si m\u00fczakir\u0259 edil\u0259r\u0259k t\u0259sdiq olunub. H\u0259min q\u0259rar\u0131n icras\u0131n\u0131 t\u0259min etm\u0259k m\u0259qs\u0259dil\u0259 aidiyy\u0259ti d\u00f6vl\u0259t qurumlar\u0131na t\u0259qdimat\u0131n g\u00f6nd\u0259rilm\u0259si v\u0259 audit t\u0259dbirinin n\u0259tic\u0259l\u0259ri bar\u0259d\u0259 m\u0259lumat\u0131n Milli M\u0259clis\u0259 t\u0259qdim olunmas\u0131 q\u0259rara al\u0131n\u0131b.<\/p>\n<p>\u0130clasda Hesablama Palatas\u0131n\u0131n \u0130\u015f plan\u0131nda n\u0259z\u0259rd\u0259 tutulmu\u015f n\u0259zar\u0259t t\u0259dbiri il\u0259 ba\u011fl\u0131 proqram t\u0259sdiql\u0259nib.<\/p>\n<p>2020-ci ild\u0259 Az\u0259rbaycan\u0131n d\u00f6vl\u0259t b\u00fcdc\u0259sinin g\u0259lirl\u0259ri 24 milyard 484 milyon manat m\u0259bl\u0259\u011find\u0259 proqnozla\u015fd\u0131r\u0131l\u0131r.<\/p>\n<p>Bu, 2019-cu ilin t\u0259sdiq edilmi\u015f g\u00f6st\u0259ricisi il\u0259 m\u00fcqayis\u0259d\u0259 1 milyard 316 milyon manat v\u0259 yaxud 5,7% \u00e7oxdur.<\/p>\n<p>G\u0259l\u0259n il b\u00fcdc\u0259 x\u0259rcl\u0259ri is\u0259 25 milyard 617 milyon 700 min manat m\u0259bl\u0259\u011find\u0259 n\u0259z\u0259rd\u0259 tutulub. Bu is\u0259 2019-ci ilin t\u0259sdiq edilmi\u015f g\u00f6st\u0259ricisin\u0259 nisb\u0259t\u0259n 427.7\u00a0milyon\u00a0manat v\u0259 yaxud 1,7% \u00e7oxdur.oxu.az<\/p>\n","protected":false},"excerpt":{"rendered":"<p>Oktyabr\u0131n 30-da\u00a0Hesablama Palatas\u0131nda n\u00f6vb\u0259ti kollegiya iclas\u0131 ke\u00e7irilib. ARANTV.AZ-\u0131n m\u0259lumat\u0131na g\u00f6r\u0259, iclasda \u201c2020-ci il d\u00f6vl\u0259t b\u00fcdc\u0259si haqq\u0131nda\u201d, \u201cSosial t\u0259minat\u0131 v\u0259 m\u00fcdafi\u0259ni h\u0259yata ke\u00e7ir\u0259n m\u00fcvafiq icra hakimiyy\u0259ti orqan\u0131n\u0131n 2020-ci il b\u00fcdc\u0259si haqq\u0131nda\u201d v\u0259 \u201c\u0130\u015fsizlikd\u0259n s\u0131\u011forta fondunun 2020-ci il b\u00fcdc\u0259si haqq\u0131nda\u201d qanun layih\u0259l\u0259rin\u0259 verilmi\u015f r\u0259yl\u0259ri \u0259trafl\u0131 m\u00fczakir\u0259 olunaraq t\u0259sdiq edilib. S\u0259n\u0259dl\u0259rin Milli M\u0259clisd\u0259 m\u00fczakir\u0259si t\u00f6vsiy\u0259 olunub. Bundan ba\u015fqa, iclasda d\u00f6vl\u0259t b\u00fcdc\u0259sinin \u0259sasl\u0131 v\u0259sait qoyulu\u015fundan \u201cAz\u0259rsu\u201d ASC-y\u0259 ayr\u0131lm\u0131\u015f v\u0259saitl\u0259rin istifad\u0259sin\u0259 dair n\u0259zar\u0259t t\u0259dbiri \u00fczr\u0259 Auditor Hesabat\u0131 da m\u00fczakir\u0259 edilib. Kollegiya q\u0259rar\u0131n\u0131n layih\u0259si m\u00fczakir\u0259 edil\u0259r\u0259k t\u0259sdiq olunub. H\u0259min q\u0259rar\u0131n icras\u0131n\u0131 t\u0259min etm\u0259k m\u0259qs\u0259dil\u0259 aidiyy\u0259ti d\u00f6vl\u0259t&hellip;<\/p>\n","protected":false},"author":2,"featured_media":91208,"comment_status":"closed","ping_status":"closed","sticky":false,"template":"","format":"standard","meta":{"om_disable_all_campaigns":false,"_monsterinsights_skip_tracking":false,"_monsterinsights_sitenote_active":false,"_monsterinsights_sitenote_note":"","_monsterinsights_sitenote_category":0},"categories":[19],"tags":[],"aioseo_notices":[],"gutentor_comment":0,"rttpg_featured_image_url":{"full":["https:\/\/arantv.az\/wp-content\/uploads\/2019\/10\/personal-budgeting-tips-1068x713.jpg",620,414,false],"landscape":["https:\/\/arantv.az\/wp-content\/uploads\/2019\/10\/personal-budgeting-tips-1068x713.jpg",620,414,false],"portraits":["https:\/\/arantv.az\/wp-content\/uploads\/2019\/10\/personal-budgeting-tips-1068x713.jpg",620,414,false],"thumbnail":["https:\/\/arantv.az\/wp-content\/uploads\/2019\/10\/personal-budgeting-tips-1068x713-150x150.jpg",150,150,true],"medium":["https:\/\/arantv.az\/wp-content\/uploads\/2019\/10\/personal-budgeting-tips-1068x713-300x200.jpg",300,200,true],"large":["https:\/\/arantv.az\/wp-content\/uploads\/2019\/10\/personal-budgeting-tips-1068x713.jpg",620,414,false],"1536x1536":["https:\/\/arantv.az\/wp-content\/uploads\/2019\/10\/personal-budgeting-tips-1068x713.jpg",620,414,false],"2048x2048":["https:\/\/arantv.az\/wp-content\/uploads\/2019\/10\/personal-budgeting-tips-1068x713.jpg",620,414,false],"post-thumbnail":["https:\/\/arantv.az\/wp-content\/uploads\/2019\/10\/personal-budgeting-tips-1068x713-240x172.jpg",240,172,true],"advps-thumb-one":["https:\/\/arantv.az\/wp-content\/uploads\/2019\/10\/personal-budgeting-tips-1068x713.jpg",620,414,false]},"rttpg_author":{"display_name":"V\u00fcsal Rafiqo\u011flu","author_link":"https:\/\/arantv.az\/?author=2"},"rttpg_comment":0,"rttpg_category":"<a href=\"https:\/\/arantv.az\/?cat=19\" rel=\"category\">G\u00fcnd\u0259m<\/a>","rttpg_excerpt":"Oktyabr\u0131n 30-da\u00a0Hesablama Palatas\u0131nda n\u00f6vb\u0259ti kollegiya iclas\u0131 ke\u00e7irilib. ARANTV.AZ-\u0131n m\u0259lumat\u0131na g\u00f6r\u0259, iclasda \u201c2020-ci il d\u00f6vl\u0259t b\u00fcdc\u0259si haqq\u0131nda\u201d, \u201cSosial t\u0259minat\u0131 v\u0259 m\u00fcdafi\u0259ni h\u0259yata ke\u00e7ir\u0259n m\u00fcvafiq icra hakimiyy\u0259ti orqan\u0131n\u0131n 2020-ci il b\u00fcdc\u0259si haqq\u0131nda\u201d v\u0259 \u201c\u0130\u015fsizlikd\u0259n s\u0131\u011forta fondunun 2020-ci il b\u00fcdc\u0259si haqq\u0131nda\u201d qanun layih\u0259l\u0259rin\u0259 verilmi\u015f r\u0259yl\u0259ri \u0259trafl\u0131 m\u00fczakir\u0259 olunaraq t\u0259sdiq edilib. S\u0259n\u0259dl\u0259rin Milli M\u0259clisd\u0259 m\u00fczakir\u0259si t\u00f6vsiy\u0259 olunub. Bundan ba\u015fqa,&hellip;","_links":{"self":[{"href":"https:\/\/arantv.az\/index.php?rest_route=\/wp\/v2\/posts\/91207"}],"collection":[{"href":"https:\/\/arantv.az\/index.php?rest_route=\/wp\/v2\/posts"}],"about":[{"href":"https:\/\/arantv.az\/index.php?rest_route=\/wp\/v2\/types\/post"}],"author":[{"embeddable":true,"href":"https:\/\/arantv.az\/index.php?rest_route=\/wp\/v2\/users\/2"}],"replies":[{"embeddable":true,"href":"https:\/\/arantv.az\/index.php?rest_route=%2Fwp%2Fv2%2Fcomments&post=91207"}],"version-history":[{"count":0,"href":"https:\/\/arantv.az\/index.php?rest_route=\/wp\/v2\/posts\/91207\/revisions"}],"wp:featuredmedia":[{"embeddable":true,"href":"https:\/\/arantv.az\/index.php?rest_route=\/wp\/v2\/media\/91208"}],"wp:attachment":[{"href":"https:\/\/arantv.az\/index.php?rest_route=%2Fwp%2Fv2%2Fmedia&parent=91207"}],"wp:term":[{"taxonomy":"category","embeddable":true,"href":"https:\/\/arantv.az\/index.php?rest_route=%2Fwp%2Fv2%2Fcategories&post=91207"},{"taxonomy":"post_tag","embeddable":true,"href":"https:\/\/arantv.az\/index.php?rest_route=%2Fwp%2Fv2%2Ftags&post=91207"}],"curies":[{"name":"wp","href":"https:\/\/api.w.org\/{rel}","templated":true}]}}