{"id":91255,"date":"2019-10-31T16:28:14","date_gmt":"2019-10-31T13:28:14","guid":{"rendered":"http:\/\/arantv.az\/?p=91255"},"modified":"2019-10-31T16:28:14","modified_gmt":"2019-10-31T13:28:14","slug":"prezidentin-icra-bascisi-t%c9%99yin-etdiyi-39-yasli-elnur-rzayev-kimdir-dosye-fotolar","status":"publish","type":"post","link":"https:\/\/arantv.az\/?p=91255","title":{"rendered":"Prezidentin icra ba\u015f\u00e7\u0131s\u0131 t\u0259yin etdiyi 39 ya\u015fl\u0131 Elnur Rzayev kimdir? &#8211; DOSYE\/FOTOLAR"},"content":{"rendered":"<div class=\"row\">\n<div class=\"post single\">\n<div class=\"post_content page_margin_top_section clearfix\">\n<div class=\"content_box\">\n<div class=\"text\">\n<p><strong>Bu g\u00fcn Prezident \u0130lham \u018fliyevin imzalad\u0131\u011f\u0131 s\u0259r\u0259ncamla Xa\u00e7maz rayon \u0130cra Hakimiyy\u0259tinin 81 ya\u015fl\u0131 ba\u015f\u00e7\u0131s\u0131 \u015e\u0259ms\u0259ddin Xanbabayev v\u0259zif\u0259d\u0259n azad edilib.<\/strong><\/p>\n<p><strong>ARANTV.AZ\u00a0\u00a0<\/strong>x\u0259b\u0259r verir ki, d\u00f6vl\u0259t ba\u015f\u00e7\u0131s\u0131n\u0131n imzalad\u0131\u011f\u0131 dig\u0259r s\u0259r\u0259ncamla Elnur Rzayev yeni icra ba\u015f\u00e7\u0131s\u0131 t\u0259yin edilib.<\/p>\n<p>Qeyd ed\u0259k ki, E.Rzayev daha \u0259vv\u0259l G\u0259nc\u0259 \u015f\u0259h\u0259r \u0130cra Hakimiyy\u0259ti ba\u015f\u00e7\u0131s\u0131n\u0131n I m\u00fcavini v\u0259zif\u0259sind\u0259 \u00e7al\u0131\u015f\u0131b. O, 1980-ci il t\u0259v\u0259ll\u00fcdl\u00fcd\u00fcr.<\/p>\n<\/div>\n<\/div>\n<\/div>\n<div class=\"social_like\">\n<div>\n<div class=\"fb-like fb_iframe_widget\" data-href=\"\" data-layout=\"button_count\" data-action=\"recommend\" data-size=\"small\" data-show-faces=\"false\" data-share=\"false\"><\/div>\n<\/div>\n<div><\/div>\n<\/div>\n<\/div>\n<\/div>\n<div class=\"row page_margin_top\">\n<div id=\"news_media_gallery\" class=\"eagle-gallery img600 in as1\">\n<div class=\"eagle-medium-wrap\"><a class=\"eagle-view-medium-img\"><img src=\"https:\/\/publika.az\/storage\/2019\/10\/31\/1449132619.jpg\" alt=\"\" \/><\/a><\/div>\n<\/div>\n<div>Publika.az<\/div>\n<\/div>\n","protected":false},"excerpt":{"rendered":"<p>Bu g\u00fcn Prezident \u0130lham \u018fliyevin imzalad\u0131\u011f\u0131 s\u0259r\u0259ncamla Xa\u00e7maz rayon \u0130cra Hakimiyy\u0259tinin 81 ya\u015fl\u0131 ba\u015f\u00e7\u0131s\u0131 \u015e\u0259ms\u0259ddin Xanbabayev v\u0259zif\u0259d\u0259n azad edilib. ARANTV.AZ\u00a0\u00a0x\u0259b\u0259r verir ki, d\u00f6vl\u0259t ba\u015f\u00e7\u0131s\u0131n\u0131n imzalad\u0131\u011f\u0131 dig\u0259r s\u0259r\u0259ncamla Elnur Rzayev yeni icra ba\u015f\u00e7\u0131s\u0131 t\u0259yin edilib. Qeyd ed\u0259k ki, E.Rzayev daha \u0259vv\u0259l G\u0259nc\u0259 \u015f\u0259h\u0259r \u0130cra Hakimiyy\u0259ti ba\u015f\u00e7\u0131s\u0131n\u0131n I m\u00fcavini v\u0259zif\u0259sind\u0259 \u00e7al\u0131\u015f\u0131b. O, 1980-ci il t\u0259v\u0259ll\u00fcdl\u00fcd\u00fcr. Publika.az<\/p>\n","protected":false},"author":2,"featured_media":91256,"comment_status":"closed","ping_status":"closed","sticky":false,"template":"","format":"standard","meta":{"om_disable_all_campaigns":false,"_monsterinsights_skip_tracking":false,"_monsterinsights_sitenote_active":false,"_monsterinsights_sitenote_note":"","_monsterinsights_sitenote_category":0},"categories":[1],"tags":[],"aioseo_notices":[],"gutentor_comment":0,"rttpg_featured_image_url":{"full":["https:\/\/arantv.az\/wp-content\/uploads\/2019\/10\/12226283_470171619829362_1013946543_n.jpg",800,450,false],"landscape":["https:\/\/arantv.az\/wp-content\/uploads\/2019\/10\/12226283_470171619829362_1013946543_n.jpg",800,450,false],"portraits":["https:\/\/arantv.az\/wp-content\/uploads\/2019\/10\/12226283_470171619829362_1013946543_n.jpg",800,450,false],"thumbnail":["https:\/\/arantv.az\/wp-content\/uploads\/2019\/10\/12226283_470171619829362_1013946543_n-150x150.jpg",150,150,true],"medium":["https:\/\/arantv.az\/wp-content\/uploads\/2019\/10\/12226283_470171619829362_1013946543_n-300x169.jpg",300,169,true],"large":["https:\/\/arantv.az\/wp-content\/uploads\/2019\/10\/12226283_470171619829362_1013946543_n.jpg",640,360,false],"1536x1536":["https:\/\/arantv.az\/wp-content\/uploads\/2019\/10\/12226283_470171619829362_1013946543_n.jpg",800,450,false],"2048x2048":["https:\/\/arantv.az\/wp-content\/uploads\/2019\/10\/12226283_470171619829362_1013946543_n.jpg",800,450,false],"post-thumbnail":["https:\/\/arantv.az\/wp-content\/uploads\/2019\/10\/12226283_470171619829362_1013946543_n-240x172.jpg",240,172,true],"advps-thumb-one":["https:\/\/arantv.az\/wp-content\/uploads\/2019\/10\/12226283_470171619829362_1013946543_n.jpg",800,450,false]},"rttpg_author":{"display_name":"V\u00fcsal Rafiqo\u011flu","author_link":"https:\/\/arantv.az\/?author=2"},"rttpg_comment":0,"rttpg_category":"<a href=\"https:\/\/arantv.az\/?cat=1\" rel=\"category\">C\u0259miyy\u0259t<\/a>","rttpg_excerpt":"Bu g\u00fcn Prezident \u0130lham \u018fliyevin imzalad\u0131\u011f\u0131 s\u0259r\u0259ncamla Xa\u00e7maz rayon \u0130cra Hakimiyy\u0259tinin 81 ya\u015fl\u0131 ba\u015f\u00e7\u0131s\u0131 \u015e\u0259ms\u0259ddin Xanbabayev v\u0259zif\u0259d\u0259n azad edilib. ARANTV.AZ\u00a0\u00a0x\u0259b\u0259r verir ki, d\u00f6vl\u0259t ba\u015f\u00e7\u0131s\u0131n\u0131n imzalad\u0131\u011f\u0131 dig\u0259r s\u0259r\u0259ncamla Elnur Rzayev yeni icra ba\u015f\u00e7\u0131s\u0131 t\u0259yin edilib. Qeyd ed\u0259k ki, E.Rzayev daha \u0259vv\u0259l G\u0259nc\u0259 \u015f\u0259h\u0259r \u0130cra Hakimiyy\u0259ti ba\u015f\u00e7\u0131s\u0131n\u0131n I m\u00fcavini v\u0259zif\u0259sind\u0259 \u00e7al\u0131\u015f\u0131b. O, 1980-ci il t\u0259v\u0259ll\u00fcdl\u00fcd\u00fcr. Publika.az","_links":{"self":[{"href":"https:\/\/arantv.az\/index.php?rest_route=\/wp\/v2\/posts\/91255"}],"collection":[{"href":"https:\/\/arantv.az\/index.php?rest_route=\/wp\/v2\/posts"}],"about":[{"href":"https:\/\/arantv.az\/index.php?rest_route=\/wp\/v2\/types\/post"}],"author":[{"embeddable":true,"href":"https:\/\/arantv.az\/index.php?rest_route=\/wp\/v2\/users\/2"}],"replies":[{"embeddable":true,"href":"https:\/\/arantv.az\/index.php?rest_route=%2Fwp%2Fv2%2Fcomments&post=91255"}],"version-history":[{"count":0,"href":"https:\/\/arantv.az\/index.php?rest_route=\/wp\/v2\/posts\/91255\/revisions"}],"wp:featuredmedia":[{"embeddable":true,"href":"https:\/\/arantv.az\/index.php?rest_route=\/wp\/v2\/media\/91256"}],"wp:attachment":[{"href":"https:\/\/arantv.az\/index.php?rest_route=%2Fwp%2Fv2%2Fmedia&parent=91255"}],"wp:term":[{"taxonomy":"category","embeddable":true,"href":"https:\/\/arantv.az\/index.php?rest_route=%2Fwp%2Fv2%2Fcategories&post=91255"},{"taxonomy":"post_tag","embeddable":true,"href":"https:\/\/arantv.az\/index.php?rest_route=%2Fwp%2Fv2%2Ftags&post=91255"}],"curies":[{"name":"wp","href":"https:\/\/api.w.org\/{rel}","templated":true}]}}