{"id":91259,"date":"2019-10-31T16:29:24","date_gmt":"2019-10-31T13:29:24","guid":{"rendered":"http:\/\/arantv.az\/?p=91259"},"modified":"2019-10-31T16:29:24","modified_gmt":"2019-10-31T13:29:24","slug":"prezidentin-icra-bascisi-t%c9%99yin-etdiyi-g%c9%99nc-kimdir-dosye","status":"publish","type":"post","link":"https:\/\/arantv.az\/?p=91259","title":{"rendered":"Prezidentin icra ba\u015f\u00e7\u0131s\u0131 t\u0259yin etdiyi G\u018fNC K\u0130MD\u0130R? &#8211; DOSYE"},"content":{"rendered":"<p><strong>Prezident \u0130lham \u018fliyevin bu g\u00fcn imzalad\u0131\u011f\u0131 s\u0259r\u0259ncamla Yevlax rayon \u0130cra Hakimiyy\u0259tinin ba\u015f\u00e7\u0131s\u0131 Qoca S\u0259m\u0259dov v\u0259zif\u0259d\u0259n azad edilib.<\/strong><\/p>\n<p><b>ARANTV.AZ\u00a0\u00a0<\/b>x\u0259b\u0259r verir ki, d\u00f6vl\u0259t ba\u015f\u00e7\u0131s\u0131n\u0131n imzalad\u0131\u011f\u0131 dig\u0259r s\u0259r\u0259ncamla N\u0259simi rayon \u0130cra Hakimiyy\u0259ti ba\u015f\u00e7\u0131s\u0131n\u0131n m\u00fcavini Anar Ta\u011f\u0131yev Yevlax rayonuna icra ba\u015f\u00e7\u0131s\u0131 v\u0259zif\u0259sin\u0259 t\u0259yin edilib.<\/p>\n<p>O, Bak\u0131 \u015e\u0259h\u0259r \u0130cra Hakimiyy\u0259tinin ba\u015f\u00e7\u0131s\u0131 Eldar \u018fzizovun k\u00fcr\u0259k\u0259nidir.<\/p>\n<p>Ta\u011f\u0131yev Anar Aqil o\u011flu &#8211; 25 mart 1981-ci ild\u0259 Bak\u0131 \u015f\u0259h\u0259rind\u0259 anadan olmu\u015fdur. 1997-ci ild\u0259 Bak\u0131 \u015f\u0259h\u0259ri 1 sayl\u0131 orta m\u0259kt\u0259bini, 2001-ci ild\u0259 Bak\u0131 D\u00f6vl\u0259t Universitetini, 2005ci ild\u0259 is\u0259 Moskva D\u00f6vl\u0259t Vilay\u0259t Universitetini bitirib.<\/p>\n<p>T\u0259hsil ald\u0131\u011f\u0131 m\u00fcdd\u0259td\u0259 1999-cu ild\u0259n 2002-ci il\u0259d\u0259k \u201cEurostyle\u201d \u015firk\u0259tind\u0259 \u00fcmumi i\u015fl\u0259r \u00fczr\u0259 h\u00fcquq\u015f\u00fcnas, 2006-c\u0131 ild\u0259 H.\u018fliyev ad\u0131na Bak\u0131 D\u0259rin \u00d6z\u00fcll\u0259r zavodunun Birg\u0259 layih\u0259l\u0259r \u015f\u00f6b\u0259sind\u0259 m\u00fch\u0259ndis v\u0259zif\u0259sind\u0259 \u00e7al\u0131\u015f\u0131b.<\/p>\n<p>2006-2008-ci ill\u0259rd\u0259 Az\u0259rbaycan Respublikas\u0131 G\u0259ncl\u0259r v\u0259 \u0130dman Nazirliyinin G\u0259ncl\u0259rl\u0259 i\u015f \u015f\u00f6b\u0259sinin G\u0259ncl\u0259r T\u0259\u015fkilatlar\u0131 il\u0259 i\u015f sektorunda m\u0259sl\u0259h\u0259t\u00e7i v\u0259zif\u0259sind\u0259 i\u015fl\u0259mi\u015fdir. 2008-2010-cu ill\u0259rd\u0259 N\u0259simi rayon \u0130cra Hakimiyy\u0259tinin \u201c\u0130ctimai t\u0259\u015fkilatlar v\u0259 siyasi partiyalarla i\u015f\u201d \u015f\u00f6b\u0259sinin, 2010-2011-ci il\u0259d\u0259k is\u0259 \u201c\u018frazi idar\u0259etm\u0259 v\u0259 yerli \u00f6z\u00fcn\u00fc idra\u0259etm\u0259 oraqanlar\u0131 il\u0259 i\u015f\u201d \u015f\u00f6b\u0259sinin m\u00fcdiri v\u0259zif\u0259l\u0259rin\u0259 t\u0259yin olunub. 2011-ci ild\u0259n hal-haz\u0131rki d\u00f6vr\u0259d\u0259k N\u0259simi rayon \u0130cra Hakimiyy\u0259ti Ba\u015f\u00e7\u0131s\u0131n\u0131n m\u00fcavini v\u0259zif\u0259sind\u0259 \u00e7al\u0131\u015f\u0131r.<\/p>\n<p>2006-c\u0131 ild\u0259n Yeni Az\u0259rbaycan Partiyas\u0131n\u0131n \u00fczv\u00fcd\u00fcr.<\/p>\n<p>Ail\u0259lidir, 2 \u00f6vlad\u0131 var.<\/p>\n<p>&nbsp;<\/p>\n<p>Publika.az<\/p>\n","protected":false},"excerpt":{"rendered":"<p>Prezident \u0130lham \u018fliyevin bu g\u00fcn imzalad\u0131\u011f\u0131 s\u0259r\u0259ncamla Yevlax rayon \u0130cra Hakimiyy\u0259tinin ba\u015f\u00e7\u0131s\u0131 Qoca S\u0259m\u0259dov v\u0259zif\u0259d\u0259n azad edilib. ARANTV.AZ\u00a0\u00a0x\u0259b\u0259r verir ki, d\u00f6vl\u0259t ba\u015f\u00e7\u0131s\u0131n\u0131n imzalad\u0131\u011f\u0131 dig\u0259r s\u0259r\u0259ncamla N\u0259simi rayon \u0130cra Hakimiyy\u0259ti ba\u015f\u00e7\u0131s\u0131n\u0131n m\u00fcavini Anar Ta\u011f\u0131yev Yevlax rayonuna icra ba\u015f\u00e7\u0131s\u0131 v\u0259zif\u0259sin\u0259 t\u0259yin edilib. O, Bak\u0131 \u015e\u0259h\u0259r \u0130cra Hakimiyy\u0259tinin ba\u015f\u00e7\u0131s\u0131 Eldar \u018fzizovun k\u00fcr\u0259k\u0259nidir. Ta\u011f\u0131yev Anar Aqil o\u011flu &#8211; 25 mart 1981-ci ild\u0259 Bak\u0131 \u015f\u0259h\u0259rind\u0259 anadan olmu\u015fdur. 1997-ci ild\u0259 Bak\u0131 \u015f\u0259h\u0259ri 1 sayl\u0131 orta m\u0259kt\u0259bini, 2001-ci ild\u0259 Bak\u0131 D\u00f6vl\u0259t Universitetini, 2005ci ild\u0259 is\u0259 Moskva D\u00f6vl\u0259t Vilay\u0259t Universitetini bitirib. T\u0259hsil ald\u0131\u011f\u0131 m\u00fcdd\u0259td\u0259 1999-cu ild\u0259n 2002-ci il\u0259d\u0259k&hellip;<\/p>\n","protected":false},"author":2,"featured_media":91260,"comment_status":"closed","ping_status":"closed","sticky":false,"template":"","format":"standard","meta":{"om_disable_all_campaigns":false,"_monsterinsights_skip_tracking":false,"_monsterinsights_sitenote_active":false,"_monsterinsights_sitenote_note":"","_monsterinsights_sitenote_category":0},"categories":[1],"tags":[],"aioseo_notices":[],"gutentor_comment":0,"rttpg_featured_image_url":{"full":["https:\/\/arantv.az\/wp-content\/uploads\/2019\/10\/anar_tayev_dsc_33701.jpg",800,450,false],"landscape":["https:\/\/arantv.az\/wp-content\/uploads\/2019\/10\/anar_tayev_dsc_33701.jpg",800,450,false],"portraits":["https:\/\/arantv.az\/wp-content\/uploads\/2019\/10\/anar_tayev_dsc_33701.jpg",800,450,false],"thumbnail":["https:\/\/arantv.az\/wp-content\/uploads\/2019\/10\/anar_tayev_dsc_33701-150x150.jpg",150,150,true],"medium":["https:\/\/arantv.az\/wp-content\/uploads\/2019\/10\/anar_tayev_dsc_33701-300x169.jpg",300,169,true],"large":["https:\/\/arantv.az\/wp-content\/uploads\/2019\/10\/anar_tayev_dsc_33701.jpg",640,360,false],"1536x1536":["https:\/\/arantv.az\/wp-content\/uploads\/2019\/10\/anar_tayev_dsc_33701.jpg",800,450,false],"2048x2048":["https:\/\/arantv.az\/wp-content\/uploads\/2019\/10\/anar_tayev_dsc_33701.jpg",800,450,false],"post-thumbnail":["https:\/\/arantv.az\/wp-content\/uploads\/2019\/10\/anar_tayev_dsc_33701-240x172.jpg",240,172,true],"advps-thumb-one":["https:\/\/arantv.az\/wp-content\/uploads\/2019\/10\/anar_tayev_dsc_33701.jpg",800,450,false]},"rttpg_author":{"display_name":"V\u00fcsal Rafiqo\u011flu","author_link":"https:\/\/arantv.az\/?author=2"},"rttpg_comment":0,"rttpg_category":"<a href=\"https:\/\/arantv.az\/?cat=1\" rel=\"category\">C\u0259miyy\u0259t<\/a>","rttpg_excerpt":"Prezident \u0130lham \u018fliyevin bu g\u00fcn imzalad\u0131\u011f\u0131 s\u0259r\u0259ncamla Yevlax rayon \u0130cra Hakimiyy\u0259tinin ba\u015f\u00e7\u0131s\u0131 Qoca S\u0259m\u0259dov v\u0259zif\u0259d\u0259n azad edilib. ARANTV.AZ\u00a0\u00a0x\u0259b\u0259r verir ki, d\u00f6vl\u0259t ba\u015f\u00e7\u0131s\u0131n\u0131n imzalad\u0131\u011f\u0131 dig\u0259r s\u0259r\u0259ncamla N\u0259simi rayon \u0130cra Hakimiyy\u0259ti ba\u015f\u00e7\u0131s\u0131n\u0131n m\u00fcavini Anar Ta\u011f\u0131yev Yevlax rayonuna icra ba\u015f\u00e7\u0131s\u0131 v\u0259zif\u0259sin\u0259 t\u0259yin edilib. O, Bak\u0131 \u015e\u0259h\u0259r \u0130cra Hakimiyy\u0259tinin ba\u015f\u00e7\u0131s\u0131 Eldar \u018fzizovun k\u00fcr\u0259k\u0259nidir. Ta\u011f\u0131yev Anar Aqil o\u011flu &#8211; 25&hellip;","_links":{"self":[{"href":"https:\/\/arantv.az\/index.php?rest_route=\/wp\/v2\/posts\/91259"}],"collection":[{"href":"https:\/\/arantv.az\/index.php?rest_route=\/wp\/v2\/posts"}],"about":[{"href":"https:\/\/arantv.az\/index.php?rest_route=\/wp\/v2\/types\/post"}],"author":[{"embeddable":true,"href":"https:\/\/arantv.az\/index.php?rest_route=\/wp\/v2\/users\/2"}],"replies":[{"embeddable":true,"href":"https:\/\/arantv.az\/index.php?rest_route=%2Fwp%2Fv2%2Fcomments&post=91259"}],"version-history":[{"count":0,"href":"https:\/\/arantv.az\/index.php?rest_route=\/wp\/v2\/posts\/91259\/revisions"}],"wp:featuredmedia":[{"embeddable":true,"href":"https:\/\/arantv.az\/index.php?rest_route=\/wp\/v2\/media\/91260"}],"wp:attachment":[{"href":"https:\/\/arantv.az\/index.php?rest_route=%2Fwp%2Fv2%2Fmedia&parent=91259"}],"wp:term":[{"taxonomy":"category","embeddable":true,"href":"https:\/\/arantv.az\/index.php?rest_route=%2Fwp%2Fv2%2Fcategories&post=91259"},{"taxonomy":"post_tag","embeddable":true,"href":"https:\/\/arantv.az\/index.php?rest_route=%2Fwp%2Fv2%2Ftags&post=91259"}],"curies":[{"name":"wp","href":"https:\/\/api.w.org\/{rel}","templated":true}]}}