{"id":91279,"date":"2019-10-31T16:35:53","date_gmt":"2019-10-31T13:35:53","guid":{"rendered":"http:\/\/arantv.az\/?p=91279"},"modified":"2019-10-31T16:35:53","modified_gmt":"2019-10-31T13:35:53","slug":"lavrov-az%c9%99rbaycanla-erm%c9%99nistan-arasinda-saxlanan-s%c9%99xsl%c9%99rin-d%c9%99yisdirilm%c9%99si-il%c9%99-bagli-v%c9%99ziyy%c9%99t-az-nikbindir","status":"publish","type":"post","link":"https:\/\/arantv.az\/?p=91279","title":{"rendered":"Lavrov: &#8220;Az\u0259rbaycanla Erm\u0259nistan aras\u0131nda saxlanan \u015f\u0259xsl\u0259rin d\u0259yi\u015fdirilm\u0259si il\u0259 ba\u011fl\u0131 v\u0259ziyy\u0259t az nikbindir&#8221;"},"content":{"rendered":"<blockquote><p><em><strong>Az\u0259rbaycanla Erm\u0259nistan aras\u0131nda saxlanan \u015f\u0259xsl\u0259rin d\u0259yi\u015fdirilm\u0259si il\u0259 ba\u011fl\u0131 v\u0259ziyy\u0259t daha az nikbindir.<\/strong><\/em><\/p><\/blockquote>\n<p><strong>ARANTV.AZ<\/strong>\u00a0<a href=\"http:\/\/az.trend.az\/\" target=\"_blank\" rel=\"noopener\">Trend<\/a>-\u0259 istinad\u0259n bildirir ki, bunu Rusiyan\u0131n xarici i\u015fl\u0259r naziri Sergey Lavrov Moskvada AT\u018fT-in ba\u015f katibi Tomas Qremingerl\u0259 birg\u0259 m\u0259tbuat konfrans\u0131 zaman\u0131 deyib.<\/p>\n<p>Nazir xat\u0131rlad\u0131b ki, o, aprel ay\u0131nda AT\u018fT Minsk qrupu h\u0259ms\u0259drl\u0259rinin i\u015ftirak\u0131 il\u0259 Az\u0259rbaycan v\u0259 Erm\u0259nistan X\u0130N r\u0259hb\u0259rl\u0259ri il\u0259 g\u00f6r\u00fc\u015f\u00fcb:<\/p>\n<p>&#8220;\u00c7ox yax\u015f\u0131, formal xarakter almam\u0131\u015f v\u0259 a\u00e7\u0131q m\u00fczakir\u0259 ke\u00e7di v\u0259 bunun n\u0259tic\u0259sind\u0259 bir s\u0131ra humanitar t\u0259dbirl\u0259rin realla\u015fd\u0131r\u0131lmas\u0131 \u00fc\u00e7\u00fcn perspektivl\u0259r yarand\u0131. O zaman saxlanan \u015f\u0259xsl\u0259rin d\u0259yi\u015fdirilm\u0259si, h\u0259lak olan \u015f\u0259xsl\u0259rin meyitl\u0259rinin d\u0259yi\u015fdirilm\u0259si v\u0259 v\u0259ziyy\u0259ti bir q\u0259d\u0259r yum\u015faltmaq, etimad m\u00fchitini art\u0131rmaq \u00fc\u00e7\u00fcn jurnalistl\u0259rin qar\u015f\u0131l\u0131ql\u0131 s\u0259f\u0259rl\u0259ri bar\u0259d\u0259 t\u0259dbirl\u0259r m\u00fczakir\u0259 olunmu\u015fdu. Jurnalistl\u0259rl\u0259 ba\u011fl\u0131 AT\u018fT Katibliyi vasit\u0259sil\u0259 dialoq davam edir, \u00fcmid var. Saxlanan \u015f\u0259xsl\u0259rl\u0259 ba\u011fl\u0131 v\u0259ziyy\u0259t is\u0259 az nikbindir. Biz hesab edirik ki, bu istiqam\u0259td\u0259 h\u0259r\u0259k\u0259t etm\u0259k laz\u0131md\u0131r&#8221;.<\/p>\n<p>S.Lavrov \u0259lav\u0259 edib ki, m\u00f6vqel\u0259ri daha da yax\u0131nla\u015fd\u0131rmaq v\u0259 kompromis \u0259ld\u0259 etm\u0259k \u00fc\u00e7\u00fcn h\u0259ms\u0259drl\u0259rin ard\u0131c\u0131l s\u0259yl\u0259ri vacibdir.<\/p>\n","protected":false},"excerpt":{"rendered":"<p>Az\u0259rbaycanla Erm\u0259nistan aras\u0131nda saxlanan \u015f\u0259xsl\u0259rin d\u0259yi\u015fdirilm\u0259si il\u0259 ba\u011fl\u0131 v\u0259ziyy\u0259t daha az nikbindir. ARANTV.AZ\u00a0Trend-\u0259 istinad\u0259n bildirir ki, bunu Rusiyan\u0131n xarici i\u015fl\u0259r naziri Sergey Lavrov Moskvada AT\u018fT-in ba\u015f katibi Tomas Qremingerl\u0259 birg\u0259 m\u0259tbuat konfrans\u0131 zaman\u0131 deyib. Nazir xat\u0131rlad\u0131b ki, o, aprel ay\u0131nda AT\u018fT Minsk qrupu h\u0259ms\u0259drl\u0259rinin i\u015ftirak\u0131 il\u0259 Az\u0259rbaycan v\u0259 Erm\u0259nistan X\u0130N r\u0259hb\u0259rl\u0259ri il\u0259 g\u00f6r\u00fc\u015f\u00fcb: &#8220;\u00c7ox yax\u015f\u0131, formal xarakter almam\u0131\u015f v\u0259 a\u00e7\u0131q m\u00fczakir\u0259 ke\u00e7di v\u0259 bunun n\u0259tic\u0259sind\u0259 bir s\u0131ra humanitar t\u0259dbirl\u0259rin realla\u015fd\u0131r\u0131lmas\u0131 \u00fc\u00e7\u00fcn perspektivl\u0259r yarand\u0131. O zaman saxlanan \u015f\u0259xsl\u0259rin d\u0259yi\u015fdirilm\u0259si, h\u0259lak olan \u015f\u0259xsl\u0259rin meyitl\u0259rinin d\u0259yi\u015fdirilm\u0259si v\u0259 v\u0259ziyy\u0259ti bir q\u0259d\u0259r yum\u015faltmaq, etimad m\u00fchitini&hellip;<\/p>\n","protected":false},"author":2,"featured_media":91280,"comment_status":"closed","ping_status":"closed","sticky":false,"template":"","format":"standard","meta":{"om_disable_all_campaigns":false,"_monsterinsights_skip_tracking":false,"_monsterinsights_sitenote_active":false,"_monsterinsights_sitenote_note":"","_monsterinsights_sitenote_category":0},"categories":[4],"tags":[],"aioseo_notices":[],"gutentor_comment":0,"rttpg_featured_image_url":{"full":["https:\/\/arantv.az\/wp-content\/uploads\/2019\/10\/sergey_lavrov_00.jpg",482,361,false],"landscape":["https:\/\/arantv.az\/wp-content\/uploads\/2019\/10\/sergey_lavrov_00.jpg",482,361,false],"portraits":["https:\/\/arantv.az\/wp-content\/uploads\/2019\/10\/sergey_lavrov_00.jpg",482,361,false],"thumbnail":["https:\/\/arantv.az\/wp-content\/uploads\/2019\/10\/sergey_lavrov_00-150x150.jpg",150,150,true],"medium":["https:\/\/arantv.az\/wp-content\/uploads\/2019\/10\/sergey_lavrov_00-300x225.jpg",300,225,true],"large":["https:\/\/arantv.az\/wp-content\/uploads\/2019\/10\/sergey_lavrov_00.jpg",482,361,false],"1536x1536":["https:\/\/arantv.az\/wp-content\/uploads\/2019\/10\/sergey_lavrov_00.jpg",482,361,false],"2048x2048":["https:\/\/arantv.az\/wp-content\/uploads\/2019\/10\/sergey_lavrov_00.jpg",482,361,false],"post-thumbnail":["https:\/\/arantv.az\/wp-content\/uploads\/2019\/10\/sergey_lavrov_00-240x172.jpg",240,172,true],"advps-thumb-one":["https:\/\/arantv.az\/wp-content\/uploads\/2019\/10\/sergey_lavrov_00.jpg",482,361,false]},"rttpg_author":{"display_name":"V\u00fcsal Rafiqo\u011flu","author_link":"https:\/\/arantv.az\/?author=2"},"rttpg_comment":0,"rttpg_category":"<a href=\"https:\/\/arantv.az\/?cat=4\" rel=\"category\">Siyas\u0259t<\/a>","rttpg_excerpt":"Az\u0259rbaycanla Erm\u0259nistan aras\u0131nda saxlanan \u015f\u0259xsl\u0259rin d\u0259yi\u015fdirilm\u0259si il\u0259 ba\u011fl\u0131 v\u0259ziyy\u0259t daha az nikbindir. ARANTV.AZ\u00a0Trend-\u0259 istinad\u0259n bildirir ki, bunu Rusiyan\u0131n xarici i\u015fl\u0259r naziri Sergey Lavrov Moskvada AT\u018fT-in ba\u015f katibi Tomas Qremingerl\u0259 birg\u0259 m\u0259tbuat konfrans\u0131 zaman\u0131 deyib. Nazir xat\u0131rlad\u0131b ki, o, aprel ay\u0131nda AT\u018fT Minsk qrupu h\u0259ms\u0259drl\u0259rinin i\u015ftirak\u0131 il\u0259 Az\u0259rbaycan v\u0259 Erm\u0259nistan X\u0130N r\u0259hb\u0259rl\u0259ri il\u0259 g\u00f6r\u00fc\u015f\u00fcb: &#8220;\u00c7ox yax\u015f\u0131,&hellip;","_links":{"self":[{"href":"https:\/\/arantv.az\/index.php?rest_route=\/wp\/v2\/posts\/91279"}],"collection":[{"href":"https:\/\/arantv.az\/index.php?rest_route=\/wp\/v2\/posts"}],"about":[{"href":"https:\/\/arantv.az\/index.php?rest_route=\/wp\/v2\/types\/post"}],"author":[{"embeddable":true,"href":"https:\/\/arantv.az\/index.php?rest_route=\/wp\/v2\/users\/2"}],"replies":[{"embeddable":true,"href":"https:\/\/arantv.az\/index.php?rest_route=%2Fwp%2Fv2%2Fcomments&post=91279"}],"version-history":[{"count":0,"href":"https:\/\/arantv.az\/index.php?rest_route=\/wp\/v2\/posts\/91279\/revisions"}],"wp:featuredmedia":[{"embeddable":true,"href":"https:\/\/arantv.az\/index.php?rest_route=\/wp\/v2\/media\/91280"}],"wp:attachment":[{"href":"https:\/\/arantv.az\/index.php?rest_route=%2Fwp%2Fv2%2Fmedia&parent=91279"}],"wp:term":[{"taxonomy":"category","embeddable":true,"href":"https:\/\/arantv.az\/index.php?rest_route=%2Fwp%2Fv2%2Fcategories&post=91279"},{"taxonomy":"post_tag","embeddable":true,"href":"https:\/\/arantv.az\/index.php?rest_route=%2Fwp%2Fv2%2Ftags&post=91279"}],"curies":[{"name":"wp","href":"https:\/\/api.w.org\/{rel}","templated":true}]}}