{"id":91287,"date":"2019-10-31T16:38:42","date_gmt":"2019-10-31T13:38:42","guid":{"rendered":"http:\/\/arantv.az\/?p=91287"},"modified":"2019-10-31T16:38:42","modified_gmt":"2019-10-31T13:38:42","slug":"xacmazin-yeni-icra-bascisindan-ilk-aciqlama","status":"publish","type":"post","link":"https:\/\/arantv.az\/?p=91287","title":{"rendered":"Xa\u00e7maz\u0131n yeni icra ba\u015f\u00e7\u0131s\u0131ndan ilk &#8211; A\u00c7IQLAMA"},"content":{"rendered":"<p>T\u0259yinat\u0131m m\u0259nim \u00fc\u00e7\u00fcn b\u00f6y\u00fck s\u00fcrpriz oldu. C\u0259nab Prezident\u0259 bu etimad\u0131na g\u00f6r\u0259 minn\u0259tdarl\u0131\u011f\u0131m\u0131 bildirir\u0259m.<\/p>\n<p>Bu s\u00f6zl\u0259ri Axar.az-a Prezident \u0130lham \u018fliyevin bu g\u00fcn imzalad\u0131\u011f\u0131 s\u0259r\u0259ncamla Xa\u00e7maz Rayon \u0130cra Hakimiyy\u0259tinin ba\u015f\u00e7\u0131s\u0131 t\u0259yin edil\u0259n Elnur Rzayev bildirib.<\/p>\n<div id=\"AdviadNativeVideo0\" class=\"AdviadNativeVideo\"><\/div>\n<p>\u201cC\u0259nab Prezident\u0259 t\u0259\u015f\u0259kk\u00fcr\u00fcm\u00fc bildirir\u0259m. \u00c7al\u0131\u015faca\u011fam ki, m\u0259n\u0259 olan etimad\u0131 do\u011fruldum. Bir icra ba\u015f\u00e7\u0131s\u0131 kimi \u0259limd\u0259n g\u0259l\u0259nin \u0259n yax\u015f\u0131s\u0131n\u0131 etm\u0259y\u0259 haz\u0131ram\u201d, \u2013 dey\u0259 yeni\u00a0icra ba\u015f\u00e7\u0131s\u0131 bildirib.<\/p>\n<p>Xat\u0131rladaq ki, 39 ya\u015fl\u0131 Elnur \u015eahbaz o\u011flu Rzayev Prezident \u0130lham \u018fliyevin bu g\u00fcn imzalad\u0131\u011f\u0131 s\u0259r\u0259ncamla Xa\u00e7maz Rayon \u0130cra Hakimiyy\u0259tinin ba\u015f\u00e7\u0131s\u0131 t\u0259yin edilib.<\/p>\n","protected":false},"excerpt":{"rendered":"<p>T\u0259yinat\u0131m m\u0259nim \u00fc\u00e7\u00fcn b\u00f6y\u00fck s\u00fcrpriz oldu. C\u0259nab Prezident\u0259 bu etimad\u0131na g\u00f6r\u0259 minn\u0259tdarl\u0131\u011f\u0131m\u0131 bildirir\u0259m. Bu s\u00f6zl\u0259ri Axar.az-a Prezident \u0130lham \u018fliyevin bu g\u00fcn imzalad\u0131\u011f\u0131 s\u0259r\u0259ncamla Xa\u00e7maz Rayon \u0130cra Hakimiyy\u0259tinin ba\u015f\u00e7\u0131s\u0131 t\u0259yin edil\u0259n Elnur Rzayev bildirib. \u201cC\u0259nab Prezident\u0259 t\u0259\u015f\u0259kk\u00fcr\u00fcm\u00fc bildirir\u0259m. \u00c7al\u0131\u015faca\u011fam ki, m\u0259n\u0259 olan etimad\u0131 do\u011fruldum. Bir icra ba\u015f\u00e7\u0131s\u0131 kimi \u0259limd\u0259n g\u0259l\u0259nin \u0259n yax\u015f\u0131s\u0131n\u0131 etm\u0259y\u0259 haz\u0131ram\u201d, \u2013 dey\u0259 yeni\u00a0icra ba\u015f\u00e7\u0131s\u0131 bildirib. Xat\u0131rladaq ki, 39 ya\u015fl\u0131 Elnur \u015eahbaz o\u011flu Rzayev Prezident \u0130lham \u018fliyevin bu g\u00fcn imzalad\u0131\u011f\u0131 s\u0259r\u0259ncamla Xa\u00e7maz Rayon \u0130cra Hakimiyy\u0259tinin ba\u015f\u00e7\u0131s\u0131 t\u0259yin edilib.<\/p>\n","protected":false},"author":2,"featured_media":91288,"comment_status":"closed","ping_status":"closed","sticky":false,"template":"","format":"standard","meta":{"om_disable_all_campaigns":false,"_monsterinsights_skip_tracking":false,"_monsterinsights_sitenote_active":false,"_monsterinsights_sitenote_note":"","_monsterinsights_sitenote_category":0},"categories":[4],"tags":[],"aioseo_notices":[],"gutentor_comment":0,"rttpg_featured_image_url":{"full":["https:\/\/arantv.az\/wp-content\/uploads\/2019\/10\/FotoJet-11.jpg",620,443,false],"landscape":["https:\/\/arantv.az\/wp-content\/uploads\/2019\/10\/FotoJet-11.jpg",620,443,false],"portraits":["https:\/\/arantv.az\/wp-content\/uploads\/2019\/10\/FotoJet-11.jpg",620,443,false],"thumbnail":["https:\/\/arantv.az\/wp-content\/uploads\/2019\/10\/FotoJet-11-150x150.jpg",150,150,true],"medium":["https:\/\/arantv.az\/wp-content\/uploads\/2019\/10\/FotoJet-11-300x214.jpg",300,214,true],"large":["https:\/\/arantv.az\/wp-content\/uploads\/2019\/10\/FotoJet-11.jpg",620,443,false],"1536x1536":["https:\/\/arantv.az\/wp-content\/uploads\/2019\/10\/FotoJet-11.jpg",620,443,false],"2048x2048":["https:\/\/arantv.az\/wp-content\/uploads\/2019\/10\/FotoJet-11.jpg",620,443,false],"post-thumbnail":["https:\/\/arantv.az\/wp-content\/uploads\/2019\/10\/FotoJet-11-240x172.jpg",240,172,true],"advps-thumb-one":["https:\/\/arantv.az\/wp-content\/uploads\/2019\/10\/FotoJet-11.jpg",620,443,false]},"rttpg_author":{"display_name":"V\u00fcsal Rafiqo\u011flu","author_link":"https:\/\/arantv.az\/?author=2"},"rttpg_comment":0,"rttpg_category":"<a href=\"https:\/\/arantv.az\/?cat=4\" rel=\"category\">Siyas\u0259t<\/a>","rttpg_excerpt":"T\u0259yinat\u0131m m\u0259nim \u00fc\u00e7\u00fcn b\u00f6y\u00fck s\u00fcrpriz oldu. C\u0259nab Prezident\u0259 bu etimad\u0131na g\u00f6r\u0259 minn\u0259tdarl\u0131\u011f\u0131m\u0131 bildirir\u0259m. Bu s\u00f6zl\u0259ri Axar.az-a Prezident \u0130lham \u018fliyevin bu g\u00fcn imzalad\u0131\u011f\u0131 s\u0259r\u0259ncamla Xa\u00e7maz Rayon \u0130cra Hakimiyy\u0259tinin ba\u015f\u00e7\u0131s\u0131 t\u0259yin edil\u0259n Elnur Rzayev bildirib. \u201cC\u0259nab Prezident\u0259 t\u0259\u015f\u0259kk\u00fcr\u00fcm\u00fc bildirir\u0259m. \u00c7al\u0131\u015faca\u011fam ki, m\u0259n\u0259 olan etimad\u0131 do\u011fruldum. Bir icra ba\u015f\u00e7\u0131s\u0131 kimi \u0259limd\u0259n g\u0259l\u0259nin \u0259n yax\u015f\u0131s\u0131n\u0131 etm\u0259y\u0259 haz\u0131ram\u201d, \u2013 dey\u0259&hellip;","_links":{"self":[{"href":"https:\/\/arantv.az\/index.php?rest_route=\/wp\/v2\/posts\/91287"}],"collection":[{"href":"https:\/\/arantv.az\/index.php?rest_route=\/wp\/v2\/posts"}],"about":[{"href":"https:\/\/arantv.az\/index.php?rest_route=\/wp\/v2\/types\/post"}],"author":[{"embeddable":true,"href":"https:\/\/arantv.az\/index.php?rest_route=\/wp\/v2\/users\/2"}],"replies":[{"embeddable":true,"href":"https:\/\/arantv.az\/index.php?rest_route=%2Fwp%2Fv2%2Fcomments&post=91287"}],"version-history":[{"count":0,"href":"https:\/\/arantv.az\/index.php?rest_route=\/wp\/v2\/posts\/91287\/revisions"}],"wp:featuredmedia":[{"embeddable":true,"href":"https:\/\/arantv.az\/index.php?rest_route=\/wp\/v2\/media\/91288"}],"wp:attachment":[{"href":"https:\/\/arantv.az\/index.php?rest_route=%2Fwp%2Fv2%2Fmedia&parent=91287"}],"wp:term":[{"taxonomy":"category","embeddable":true,"href":"https:\/\/arantv.az\/index.php?rest_route=%2Fwp%2Fv2%2Fcategories&post=91287"},{"taxonomy":"post_tag","embeddable":true,"href":"https:\/\/arantv.az\/index.php?rest_route=%2Fwp%2Fv2%2Ftags&post=91287"}],"curies":[{"name":"wp","href":"https:\/\/api.w.org\/{rel}","templated":true}]}}