{"id":91303,"date":"2019-10-31T16:44:48","date_gmt":"2019-10-31T13:44:48","guid":{"rendered":"http:\/\/arantv.az\/?p=91303"},"modified":"2019-10-31T16:44:48","modified_gmt":"2019-10-31T13:44:48","slug":"mehriban-%c9%99liyeva-moskvaya-ged%c9%99c%c9%99k","status":"publish","type":"post","link":"https:\/\/arantv.az\/?p=91303","title":{"rendered":"Mehriban \u018fliyeva Moskvaya ged\u0259c\u0259k"},"content":{"rendered":"<p>Noyabr\u0131n 22-23-d\u0259 Moskvada 10-cu Rusiya-Az\u0259rbaycan Regionlararas\u0131 Forumu ke\u00e7iril\u0259c\u0259k.<\/p>\n<p><strong>ARANTV.AZ\u00a0<\/strong>\u00a0x\u0259b\u0259r verir ki, noyabr\u0131n 23-d\u0259 VDNX-nin Kosmonavtika v\u0259 Aviasiya M\u0259rk\u0259zind\u0259 Az\u0259rbaycan\u0131n Birinci vitse-prezidenti Mehriban \u018fliyeva, Rusiya Federasiya \u015euras\u0131n\u0131n s\u0259dri Valentina Matvienko forumun plenar iclas\u0131n\u0131 ke\u00e7ir\u0259c\u0259kl\u0259r.<\/p>\n<p><a href=\"https:\/\/roscongress.org\/news\/10th-russiaazerbaijan-interregional-forum-to-be-held-in-moscow-\/\" target=\"_blank\" rel=\"noopener\">T\u0259dbir<\/a>\u00a0Rusiyan\u0131n \u0130qtisadi \u0130nki\u015faf Nazirliyi v\u0259 Az\u0259rbaycan\u0131n \u0130qtisadiyyat Nazirliyi t\u0259r\u0259find\u0259n \u201cRoskonqres\u201d Fondunun yard\u0131m\u0131 il\u0259 t\u0259\u015fkil edil\u0259c\u0259k.<\/p>\n<div id=\"AdviadNativeVideo0\" class=\"AdviadNativeVideo\"><\/div>\n<p>Rusiya-Az\u0259rbaycan Regionlararas\u0131 Forumu dialoq \u00fc\u00e7\u00fcn unikal bir platformad\u0131r. Noyabr\u0131n 22-d\u0259 forumun i\u015fg\u00fczar proqram\u0131n\u0131 Rusiya Federasiyas\u0131n\u0131n \u0130qtisadi \u0130nki\u015faf naziri Maksim Ore\u015fkin v\u0259 Az\u0259rbaycan\u0131n \u0130qtisadiyyat naziri Mikay\u0131l Cabbarov a\u00e7acaqlar.<\/p>\n<p>Proqrama Rusiya-Az\u0259rbaycan v\u0259 Az\u0259rbaycan-Rusiya i\u015fg\u00fczar \u015furalar\u0131n\u0131n iclaslar\u0131, habel\u0259 n\u0259qliyyat infrastrukturu, k\u0259nd t\u0259s\u0259rr\u00fcfat\u0131, turizm v\u0259 humanitar sah\u0259l\u0259rd\u0259 i\u015fg\u00fczar regional \u0259m\u0259kda\u015fl\u0131\u011f\u0131n geni\u015fl\u0259ndirm\u0259sin\u0259 dair d\u0259yirmi masalar daxildir.<\/p>\n<p>Rusiya Prezidentinin m\u00fc\u015faviri Anton Kobyakov deyib ki, forum Rusiya il\u0259 qon\u015fu respublikalar\u0131n, o c\u00fcml\u0259d\u0259n, Qazax\u0131stan, Tacikistan, Az\u0259rbaycan, Q\u0131r\u011f\u0131z\u0131stan\u00a0aras\u0131nda \u0259laq\u0259l\u0259rinin inki\u015faf\u0131na y\u00f6n\u0259lmi\u015f add\u0131mlar\u0131n davam\u0131d\u0131r.<\/p>\n<p>\u201cBuna g\u00f6r\u0259 d\u0259\u00a0\u0259sas m\u0259qs\u0259d h\u00f6kum\u0259t v\u0259 iki d\u00f6vl\u0259tin biznes n\u00fcmay\u0259nd\u0259l\u0259ri aras\u0131nda s\u0259rb\u0259st \u00fcnsiyy\u0259t \u00fc\u00e7\u00fcn \u015f\u0259raitin yaratmaqd\u0131r\u201d,\u00a0&#8211; A.Kobyakov \u0259lav\u0259 edib.<\/p>\n<p>Rusiyan\u0131n \u0130qtisadi \u0130nki\u015faf naziri Maksin Ore\u015fkin is\u0259 qeyd edib ki, \u00f6lk\u0259l\u0259r aras\u0131ndak\u0131 y\u00fcks\u0259k s\u0259viyy\u0259li qar\u015f\u0131l\u0131ql\u0131 \u0259laq\u0259 t\u0259kc\u0259 m\u00fcvafiq qurumlar\u0131n birg\u0259 i\u015fi deyil:<\/p>\n<p>\u201cBu, h\u0259m d\u0259 m\u00f6vcud probleml\u0259rin h\u0259llind\u0259 v\u0259 \u0259m\u0259kda\u015fl\u0131\u011f\u0131n perspektivli sah\u0259l\u0259rini m\u00fc\u0259yy\u0259nl\u0259\u015fdirm\u0259kd\u0259 f\u0259al i\u015ftirak ed\u0259n\u00a0birliyin q\u0259tiyy\u0259ti il\u0259 ba\u011fl\u0131d\u0131r. Rusiya v\u0259 Az\u0259rbaycan iqtisadiyyat\u0131n \u015fax\u0259l\u0259ndirilm\u0259si siyas\u0259tini v\u0259 k\u0259nd t\u0259s\u0259rr\u00fcfat\u0131 sektorunda vahid \u0259m\u0259kda\u015fl\u0131q sisteminin formala\u015fmas\u0131n\u0131 davam etdir\u0259c\u0259k.<\/p>\n<p>\u00d6lk\u0259l\u0259rimizin qar\u015f\u0131s\u0131nda n\u0259qliyyat, texnoloji modernl\u0259\u015fdirm\u0259 sah\u0259sind\u0259 b\u00f6y\u00fck v\u0259zif\u0259l\u0259r durur. Turist ax\u0131n\u0131n\u0131n v\u0259 qar\u015f\u0131l\u0131ql\u0131 s\u0259f\u0259rl\u0259rin \u00e7oxalmas\u0131 istiqam\u0259tind\u0259 i\u015fl\u0259r g\u00f6r\u00fcl\u00fcr. M\u0259d\u0259ni v\u0259 humanitar \u0259m\u0259kda\u015fl\u0131\u011f\u0131n geni\u015fl\u0259ndirilm\u0259si davam edir\u201d.<\/p>\n<p>Qeyd ed\u0259k ki, 2018-ci ild\u0259 ke\u00e7iril\u0259n forum Rusiya v\u0259 Az\u0259rbaycan d\u00f6vl\u0259t orqanlar\u0131n\u0131n, ictimai t\u0259\u015fkilatlar\u0131n, i\u015fg\u00fczar dair\u0259l\u0259rin, t\u0259hsil v\u0259 elm m\u00fc\u0259ssis\u0259l\u0259rinin, median\u0131n mind\u0259n \u00e7ox n\u00fcmay\u0259nd\u0259sini bir araya g\u0259tirmi\u015fdi.<\/p>\n<p>Forum zaman\u0131 17 m\u00fcqavil\u0259 imzalanm\u0131\u015fd\u0131.oxu.az<\/p>\n","protected":false},"excerpt":{"rendered":"<p>Noyabr\u0131n 22-23-d\u0259 Moskvada 10-cu Rusiya-Az\u0259rbaycan Regionlararas\u0131 Forumu ke\u00e7iril\u0259c\u0259k. ARANTV.AZ\u00a0\u00a0x\u0259b\u0259r verir ki, noyabr\u0131n 23-d\u0259 VDNX-nin Kosmonavtika v\u0259 Aviasiya M\u0259rk\u0259zind\u0259 Az\u0259rbaycan\u0131n Birinci vitse-prezidenti Mehriban \u018fliyeva, Rusiya Federasiya \u015euras\u0131n\u0131n s\u0259dri Valentina Matvienko forumun plenar iclas\u0131n\u0131 ke\u00e7ir\u0259c\u0259kl\u0259r. T\u0259dbir\u00a0Rusiyan\u0131n \u0130qtisadi \u0130nki\u015faf Nazirliyi v\u0259 Az\u0259rbaycan\u0131n \u0130qtisadiyyat Nazirliyi t\u0259r\u0259find\u0259n \u201cRoskonqres\u201d Fondunun yard\u0131m\u0131 il\u0259 t\u0259\u015fkil edil\u0259c\u0259k. Rusiya-Az\u0259rbaycan Regionlararas\u0131 Forumu dialoq \u00fc\u00e7\u00fcn unikal bir platformad\u0131r. Noyabr\u0131n 22-d\u0259 forumun i\u015fg\u00fczar proqram\u0131n\u0131 Rusiya Federasiyas\u0131n\u0131n \u0130qtisadi \u0130nki\u015faf naziri Maksim Ore\u015fkin v\u0259 Az\u0259rbaycan\u0131n \u0130qtisadiyyat naziri Mikay\u0131l Cabbarov a\u00e7acaqlar. Proqrama Rusiya-Az\u0259rbaycan v\u0259 Az\u0259rbaycan-Rusiya i\u015fg\u00fczar \u015furalar\u0131n\u0131n iclaslar\u0131, habel\u0259 n\u0259qliyyat infrastrukturu, k\u0259nd t\u0259s\u0259rr\u00fcfat\u0131, turizm v\u0259 humanitar&hellip;<\/p>\n","protected":false},"author":2,"featured_media":91304,"comment_status":"closed","ping_status":"closed","sticky":false,"template":"","format":"standard","meta":{"om_disable_all_campaigns":false,"_monsterinsights_skip_tracking":false,"_monsterinsights_sitenote_active":false,"_monsterinsights_sitenote_note":"","_monsterinsights_sitenote_category":0},"categories":[4],"tags":[],"aioseo_notices":[],"gutentor_comment":0,"rttpg_featured_image_url":{"full":["https:\/\/arantv.az\/wp-content\/uploads\/2019\/10\/mehriban-aliyeva.jpg",620,413,false],"landscape":["https:\/\/arantv.az\/wp-content\/uploads\/2019\/10\/mehriban-aliyeva.jpg",620,413,false],"portraits":["https:\/\/arantv.az\/wp-content\/uploads\/2019\/10\/mehriban-aliyeva.jpg",620,413,false],"thumbnail":["https:\/\/arantv.az\/wp-content\/uploads\/2019\/10\/mehriban-aliyeva-150x150.jpg",150,150,true],"medium":["https:\/\/arantv.az\/wp-content\/uploads\/2019\/10\/mehriban-aliyeva-300x200.jpg",300,200,true],"large":["https:\/\/arantv.az\/wp-content\/uploads\/2019\/10\/mehriban-aliyeva.jpg",620,413,false],"1536x1536":["https:\/\/arantv.az\/wp-content\/uploads\/2019\/10\/mehriban-aliyeva.jpg",620,413,false],"2048x2048":["https:\/\/arantv.az\/wp-content\/uploads\/2019\/10\/mehriban-aliyeva.jpg",620,413,false],"post-thumbnail":["https:\/\/arantv.az\/wp-content\/uploads\/2019\/10\/mehriban-aliyeva-240x172.jpg",240,172,true],"advps-thumb-one":["https:\/\/arantv.az\/wp-content\/uploads\/2019\/10\/mehriban-aliyeva.jpg",620,413,false]},"rttpg_author":{"display_name":"V\u00fcsal Rafiqo\u011flu","author_link":"https:\/\/arantv.az\/?author=2"},"rttpg_comment":0,"rttpg_category":"<a href=\"https:\/\/arantv.az\/?cat=4\" rel=\"category\">Siyas\u0259t<\/a>","rttpg_excerpt":"Noyabr\u0131n 22-23-d\u0259 Moskvada 10-cu Rusiya-Az\u0259rbaycan Regionlararas\u0131 Forumu ke\u00e7iril\u0259c\u0259k. ARANTV.AZ\u00a0\u00a0x\u0259b\u0259r verir ki, noyabr\u0131n 23-d\u0259 VDNX-nin Kosmonavtika v\u0259 Aviasiya M\u0259rk\u0259zind\u0259 Az\u0259rbaycan\u0131n Birinci vitse-prezidenti Mehriban \u018fliyeva, Rusiya Federasiya \u015euras\u0131n\u0131n s\u0259dri Valentina Matvienko forumun plenar iclas\u0131n\u0131 ke\u00e7ir\u0259c\u0259kl\u0259r. T\u0259dbir\u00a0Rusiyan\u0131n \u0130qtisadi \u0130nki\u015faf Nazirliyi v\u0259 Az\u0259rbaycan\u0131n \u0130qtisadiyyat Nazirliyi t\u0259r\u0259find\u0259n \u201cRoskonqres\u201d Fondunun yard\u0131m\u0131 il\u0259 t\u0259\u015fkil edil\u0259c\u0259k. Rusiya-Az\u0259rbaycan Regionlararas\u0131 Forumu dialoq \u00fc\u00e7\u00fcn unikal bir&hellip;","_links":{"self":[{"href":"https:\/\/arantv.az\/index.php?rest_route=\/wp\/v2\/posts\/91303"}],"collection":[{"href":"https:\/\/arantv.az\/index.php?rest_route=\/wp\/v2\/posts"}],"about":[{"href":"https:\/\/arantv.az\/index.php?rest_route=\/wp\/v2\/types\/post"}],"author":[{"embeddable":true,"href":"https:\/\/arantv.az\/index.php?rest_route=\/wp\/v2\/users\/2"}],"replies":[{"embeddable":true,"href":"https:\/\/arantv.az\/index.php?rest_route=%2Fwp%2Fv2%2Fcomments&post=91303"}],"version-history":[{"count":0,"href":"https:\/\/arantv.az\/index.php?rest_route=\/wp\/v2\/posts\/91303\/revisions"}],"wp:featuredmedia":[{"embeddable":true,"href":"https:\/\/arantv.az\/index.php?rest_route=\/wp\/v2\/media\/91304"}],"wp:attachment":[{"href":"https:\/\/arantv.az\/index.php?rest_route=%2Fwp%2Fv2%2Fmedia&parent=91303"}],"wp:term":[{"taxonomy":"category","embeddable":true,"href":"https:\/\/arantv.az\/index.php?rest_route=%2Fwp%2Fv2%2Fcategories&post=91303"},{"taxonomy":"post_tag","embeddable":true,"href":"https:\/\/arantv.az\/index.php?rest_route=%2Fwp%2Fv2%2Ftags&post=91303"}],"curies":[{"name":"wp","href":"https:\/\/api.w.org\/{rel}","templated":true}]}}