{"id":91318,"date":"2019-11-01T07:56:11","date_gmt":"2019-11-01T04:56:11","guid":{"rendered":"http:\/\/arantv.az\/?p=91318"},"modified":"2019-11-01T07:56:11","modified_gmt":"2019-11-01T04:56:11","slug":"prezident-ilham-%c9%99liyev-m%c9%99tbuatin-probleml%c9%99rin-h%c9%99llind%c9%99ki-rolundan-danisdi-video","status":"publish","type":"post","link":"https:\/\/arantv.az\/?p=91318","title":{"rendered":"Prezident \u0130lham \u018fliyev m\u0259tbuat\u0131n probleml\u0259rin h\u0259llind\u0259ki rolundan dan\u0131\u015fd\u0131 &#8211; V\u0130DEO"},"content":{"rendered":"<p>Bu g\u00fcn Xa\u00e7maz rayonunun v\u0259 Yevlax \u015f\u0259h\u0259r \u0130cra Hakimiyy\u0259tl\u0259rinin yeni r\u0259hb\u0259rl\u0259rinin q\u0259bulu zaman\u0131 Az\u0259rbaycan Respublikas\u0131n\u0131n Prezidenti \u0130lham \u018fliyev \u00f6lk\u0259nin m\u00fcxt\u0259lif sosial probleml\u0259rinin i\u015f\u0131qland\u0131r\u0131lmas\u0131nda Az\u0259rbaycan medias\u0131n\u0131n rolunu x\u00fcsusi qeyd edib.<\/p>\n<p>Bel\u0259 ki, o x\u00fcsusil\u0259 bu yax\u0131nlarda \u015eamax\u0131 rayonunda yerl\u0259\u015f\u0259n m\u0259kt\u0259bin ac\u0131nacaql\u0131 durumu il\u0259 ba\u011fl\u0131 \u00f6lk\u0259 telekanallar\u0131n\u0131n birind\u0259 efir\u0259 getmi\u015f videodan dan\u0131\u015f\u0131b.<\/p>\n<div id=\"AdviadNativeVideo0\" class=\"AdviadNativeVideo\"><\/div>\n<div><iframe loading=\"lazy\" src=\"https:\/\/www.youtube.com\/embed\/7twCnnKGqDY\" width=\"560\" height=\"315\" frameborder=\"0\" allowfullscreen=\"allowfullscreen\" data-mce-fragment=\"1\"><\/iframe><\/div>\n<p>Prezident \u0130lham \u018fliyev m\u0259kt\u0259bin v\u0259ziyy\u0259tind\u0259n hidd\u0259tl\u0259ndiyini v\u0259 \u015eamax\u0131dak\u0131 z\u0259lz\u0259l\u0259d\u0259n sonra m\u0259kt\u0259bin niy\u0259 t\u0259mir edilm\u0259diyini ba\u015fa d\u00fc\u015fm\u0259diyini s\u00f6yl\u0259yib.<\/p>\n<div>\n<div><iframe loading=\"lazy\" src=\"https:\/\/www.youtube.com\/embed\/BLriNfMa2ro\" width=\"560\" height=\"315\" frameborder=\"0\" allowfullscreen=\"allowfullscreen\" data-mce-fragment=\"1\"><\/iframe><\/div>\n<\/div>\n<p>D\u00f6vl\u0259t ba\u015f\u00e7\u0131s\u0131 \u0130H-nin yeni r\u0259hb\u0259rl\u0259rin\u0259 xalq\u0131n xeyirin\u0259 xidm\u0259t etm\u0259l\u0259ri v\u0259 yerli sakinl\u0259rin bu kimi probleml\u0259rl\u0259 qar\u015f\u0131la\u015fmamalar\u0131 \u00fc\u00e7\u00fcn h\u0259r \u015feyi etm\u0259l\u0259ri haqq\u0131nda g\u00f6st\u0259ri\u015f verib.<\/p>\n","protected":false},"excerpt":{"rendered":"<p>Bu g\u00fcn Xa\u00e7maz rayonunun v\u0259 Yevlax \u015f\u0259h\u0259r \u0130cra Hakimiyy\u0259tl\u0259rinin yeni r\u0259hb\u0259rl\u0259rinin q\u0259bulu zaman\u0131 Az\u0259rbaycan Respublikas\u0131n\u0131n Prezidenti \u0130lham \u018fliyev \u00f6lk\u0259nin m\u00fcxt\u0259lif sosial probleml\u0259rinin i\u015f\u0131qland\u0131r\u0131lmas\u0131nda Az\u0259rbaycan medias\u0131n\u0131n rolunu x\u00fcsusi qeyd edib. Bel\u0259 ki, o x\u00fcsusil\u0259 bu yax\u0131nlarda \u015eamax\u0131 rayonunda yerl\u0259\u015f\u0259n m\u0259kt\u0259bin ac\u0131nacaql\u0131 durumu il\u0259 ba\u011fl\u0131 \u00f6lk\u0259 telekanallar\u0131n\u0131n birind\u0259 efir\u0259 getmi\u015f videodan dan\u0131\u015f\u0131b. Prezident \u0130lham \u018fliyev m\u0259kt\u0259bin v\u0259ziyy\u0259tind\u0259n hidd\u0259tl\u0259ndiyini v\u0259 \u015eamax\u0131dak\u0131 z\u0259lz\u0259l\u0259d\u0259n sonra m\u0259kt\u0259bin niy\u0259 t\u0259mir edilm\u0259diyini ba\u015fa d\u00fc\u015fm\u0259diyini s\u00f6yl\u0259yib. D\u00f6vl\u0259t ba\u015f\u00e7\u0131s\u0131 \u0130H-nin yeni r\u0259hb\u0259rl\u0259rin\u0259 xalq\u0131n xeyirin\u0259 xidm\u0259t etm\u0259l\u0259ri v\u0259 yerli sakinl\u0259rin bu kimi probleml\u0259rl\u0259 qar\u015f\u0131la\u015fmamalar\u0131 \u00fc\u00e7\u00fcn h\u0259r \u015feyi etm\u0259l\u0259ri haqq\u0131nda g\u00f6st\u0259ri\u015f verib.<\/p>\n","protected":false},"author":2,"featured_media":91320,"comment_status":"closed","ping_status":"closed","sticky":false,"template":"","format":"standard","meta":{"om_disable_all_campaigns":false,"_monsterinsights_skip_tracking":false,"_monsterinsights_sitenote_active":false,"_monsterinsights_sitenote_note":"","_monsterinsights_sitenote_category":0},"categories":[4],"tags":[],"aioseo_notices":[],"gutentor_comment":0,"rttpg_featured_image_url":{"full":["https:\/\/arantv.az\/wp-content\/uploads\/2019\/11\/ilxam-aliyev.jpg",620,349,false],"landscape":["https:\/\/arantv.az\/wp-content\/uploads\/2019\/11\/ilxam-aliyev.jpg",620,349,false],"portraits":["https:\/\/arantv.az\/wp-content\/uploads\/2019\/11\/ilxam-aliyev.jpg",620,349,false],"thumbnail":["https:\/\/arantv.az\/wp-content\/uploads\/2019\/11\/ilxam-aliyev-150x150.jpg",150,150,true],"medium":["https:\/\/arantv.az\/wp-content\/uploads\/2019\/11\/ilxam-aliyev-300x169.jpg",300,169,true],"large":["https:\/\/arantv.az\/wp-content\/uploads\/2019\/11\/ilxam-aliyev.jpg",620,349,false],"1536x1536":["https:\/\/arantv.az\/wp-content\/uploads\/2019\/11\/ilxam-aliyev.jpg",620,349,false],"2048x2048":["https:\/\/arantv.az\/wp-content\/uploads\/2019\/11\/ilxam-aliyev.jpg",620,349,false],"post-thumbnail":["https:\/\/arantv.az\/wp-content\/uploads\/2019\/11\/ilxam-aliyev-240x172.jpg",240,172,true],"advps-thumb-one":["https:\/\/arantv.az\/wp-content\/uploads\/2019\/11\/ilxam-aliyev.jpg",620,349,false]},"rttpg_author":{"display_name":"V\u00fcsal Rafiqo\u011flu","author_link":"https:\/\/arantv.az\/?author=2"},"rttpg_comment":0,"rttpg_category":"<a href=\"https:\/\/arantv.az\/?cat=4\" rel=\"category\">Siyas\u0259t<\/a>","rttpg_excerpt":"Bu g\u00fcn Xa\u00e7maz rayonunun v\u0259 Yevlax \u015f\u0259h\u0259r \u0130cra Hakimiyy\u0259tl\u0259rinin yeni r\u0259hb\u0259rl\u0259rinin q\u0259bulu zaman\u0131 Az\u0259rbaycan Respublikas\u0131n\u0131n Prezidenti \u0130lham \u018fliyev \u00f6lk\u0259nin m\u00fcxt\u0259lif sosial probleml\u0259rinin i\u015f\u0131qland\u0131r\u0131lmas\u0131nda Az\u0259rbaycan medias\u0131n\u0131n rolunu x\u00fcsusi qeyd edib. Bel\u0259 ki, o x\u00fcsusil\u0259 bu yax\u0131nlarda \u015eamax\u0131 rayonunda yerl\u0259\u015f\u0259n m\u0259kt\u0259bin ac\u0131nacaql\u0131 durumu il\u0259 ba\u011fl\u0131 \u00f6lk\u0259 telekanallar\u0131n\u0131n birind\u0259 efir\u0259 getmi\u015f videodan dan\u0131\u015f\u0131b. Prezident \u0130lham \u018fliyev m\u0259kt\u0259bin v\u0259ziyy\u0259tind\u0259n&hellip;","_links":{"self":[{"href":"https:\/\/arantv.az\/index.php?rest_route=\/wp\/v2\/posts\/91318"}],"collection":[{"href":"https:\/\/arantv.az\/index.php?rest_route=\/wp\/v2\/posts"}],"about":[{"href":"https:\/\/arantv.az\/index.php?rest_route=\/wp\/v2\/types\/post"}],"author":[{"embeddable":true,"href":"https:\/\/arantv.az\/index.php?rest_route=\/wp\/v2\/users\/2"}],"replies":[{"embeddable":true,"href":"https:\/\/arantv.az\/index.php?rest_route=%2Fwp%2Fv2%2Fcomments&post=91318"}],"version-history":[{"count":0,"href":"https:\/\/arantv.az\/index.php?rest_route=\/wp\/v2\/posts\/91318\/revisions"}],"wp:featuredmedia":[{"embeddable":true,"href":"https:\/\/arantv.az\/index.php?rest_route=\/wp\/v2\/media\/91320"}],"wp:attachment":[{"href":"https:\/\/arantv.az\/index.php?rest_route=%2Fwp%2Fv2%2Fmedia&parent=91318"}],"wp:term":[{"taxonomy":"category","embeddable":true,"href":"https:\/\/arantv.az\/index.php?rest_route=%2Fwp%2Fv2%2Fcategories&post=91318"},{"taxonomy":"post_tag","embeddable":true,"href":"https:\/\/arantv.az\/index.php?rest_route=%2Fwp%2Fv2%2Ftags&post=91318"}],"curies":[{"name":"wp","href":"https:\/\/api.w.org\/{rel}","templated":true}]}}