{"id":91324,"date":"2019-11-01T07:57:22","date_gmt":"2019-11-01T04:57:22","guid":{"rendered":"http:\/\/arantv.az\/?p=91324"},"modified":"2019-11-01T07:57:22","modified_gmt":"2019-11-01T04:57:22","slug":"mehriban-%c9%99liyeva-boyuk-britaniya-bas-nazirinin-az%c9%99rbaycan-uzr%c9%99-ticar%c9%99t-elcisi-il%c9%99-gorusub-yenil%c9%99nib-foto","status":"publish","type":"post","link":"https:\/\/arantv.az\/?p=91324","title":{"rendered":"Mehriban \u018fliyeva B\u00f6y\u00fck Britaniya Ba\u015f nazirinin Az\u0259rbaycan \u00fczr\u0259 ticar\u0259t el\u00e7isi il\u0259 g\u00f6r\u00fc\u015f\u00fcb &#8211; YEN\u0130L\u018fN\u0130B + FOTO"},"content":{"rendered":"<p><strong>20:38<\/strong><\/p>\n<p>Az\u0259rbaycan Respublikas\u0131n\u0131n Birinci vitse-prezidenti Mehriban \u018fliyeva oktyabr\u0131n 31-d\u0259 B\u00f6y\u00fck Britaniya Ba\u015f Nazirinin Az\u0259rbaycan \u00fczr\u0259 ticar\u0259t el\u00e7isi Baronessa Emma Nikolson il\u0259 g\u00f6r\u00fc\u015f\u00fcb.<\/p>\n<p><strong>ARANTV.AZ<\/strong>-\u0131n m\u0259lumat\u0131na g\u00f6r\u0259,\u00a0g\u00f6r\u00fc\u015fd\u0259 Az\u0259rbaycan il\u0259 B\u00f6y\u00fck Britaniya aras\u0131nda h\u0259m \u0259n\u0259n\u0259vi enerji sah\u0259sind\u0259, h\u0259m d\u0259 qeyri-neft sektorunda \u0259m\u0259kda\u015fl\u0131\u011f\u0131n geni\u015f spektri m\u00fczakir\u0259 edilib. \u00d6lk\u0259mizin BP \u015firk\u0259ti il\u0259 25 ild\u0259n \u00e7oxdur ki, s\u0259m\u0259r\u0259li \u0259m\u0259kda\u015fl\u0131q etdiyi qeyd olunub. Vur\u011fulan\u0131b ki, haz\u0131rda Az\u0259rbaycanda qeyri-neft sektorunda B\u00f6y\u00fck Britaniya \u015firk\u0259tl\u0259ri \u00fc\u00e7\u00fcn yeni imkanlar a\u00e7\u0131l\u0131r.<\/p>\n<div id=\"AdviadNativeVideo0\" class=\"AdviadNativeVideo\"><\/div>\n<p>Birinci vitse-prezident Mehriban \u018fliyeva \u00f6lk\u0259l\u0259rimiz aras\u0131nda m\u00fcxt\u0259lif sah\u0259l\u0259rd\u0259, x\u00fcsusil\u0259 d\u0259 humanitar sah\u0259d\u0259 \u0259laq\u0259l\u0259rin inki\u015faf\u0131nda B\u00f6y\u00fck Britaniya Ba\u015f Nazirinin Az\u0259rbaycan \u00fczr\u0259 ticar\u0259t el\u00e7isi Baronessa Emma Nikolsonun rolunu y\u00fcks\u0259k qiym\u0259tl\u0259ndirib.<\/p>\n<p>Baronessa Emma Nikolson Az\u0259rbaycan il\u0259 B\u00f6y\u00fck Britaniya aras\u0131nda u\u011furlu \u0259m\u0259kda\u015fl\u0131\u011f\u0131n quruldu\u011funu bildir\u0259r\u0259k, bundan sonra da \u0259laq\u0259l\u0259rimizin inki\u015faf\u0131na t\u00f6hf\u0259 verm\u0259k \u00fc\u00e7\u00fcn s\u0259yl\u0259rini davam etdir\u0259c\u0259yini vur\u011fulay\u0131b. D\u00fcnyan\u0131n apar\u0131c\u0131 neft \u015firk\u0259tl\u0259rind\u0259n biri olan BP-nin humanitar, o c\u00fcml\u0259d\u0259n t\u0259hsil, s\u0259hiyy\u0259, \u0259traf m\u00fchitin m\u00fchafiz\u0259si sah\u0259l\u0259rind\u0259 d\u0259 \u0259m\u0259kda\u015fl\u0131q etm\u0259kd\u0259 maraql\u0131 oldu\u011funu bildirib.<\/p>\n<p>B\u00f6y\u00fck Britaniya Ba\u015f Nazirinin Az\u0259rbaycan \u00fczr\u0259 ticar\u0259t el\u00e7isi \u00f6lk\u0259mizin inki\u015faf\u0131nda Birinci vitse-prezident Mehriban \u018fliyevan\u0131n x\u00fcsusi rolu oldu\u011funu vur\u011fulay\u0131b.<\/p>\n<p><strong>17:50<\/strong><\/p>\n<p>Az\u0259rbaycan Respublikas\u0131n\u0131n Birinci vitse-prezidenti Mehriban \u018fliyeva oktyabr\u0131n 30-da B\u00f6y\u00fck Britaniyan\u0131n Ba\u015f Nazirinin Az\u0259rbaycan \u00fczr\u0259 ticar\u0259t el\u00e7isi Baronessa Emma Nikolson il\u0259 g\u00f6r\u00fc\u015f\u00fcb.<\/p>\n<p>Bununla ba\u011fl\u0131\u00a0<a href=\"https:\/\/azertag.az\/xeber\/Birinci_vitse_prezident_Mehriban_Aliyeva_Boyuk_Britaniya_Bas_Nazirinin_Azerbaycan_uzre_ticaret_elchisi_ile_gorusub_YENILANACAK-1350073\" target=\"_blank\" rel=\"noopener\">AZ\u018fRTAC<\/a>\u00a0m\u0259lumat yay\u0131b.<\/p>\n<div class=\"gallery\">\n<div class=\"gallery-i\"><img src=\"https:\/\/assets.oxu.az\/uploads\/W1siZiIsIjIwMTkvMTAvMzEvMTcvNTIvMjQvZTRkYjEwYmItYWI3Ny00MmVkLTlhOTAtZTg4ZTRjMDVkZGFjL20xLmpwZyJdLFsicCIsImVuY29kZSIsImpwZyIsIi1xdWFsaXR5IDgwIl0sWyJwIiwidGh1bWIiLCI1OTB4NTkwXHUwMDNlIl1d?sha=5609977eb81c8638\" alt=\"\" \/><\/p>\n<div class=\"gallery-i-caption\"><\/div>\n<\/div>\n<div class=\"gallery-i\"><img src=\"https:\/\/assets.oxu.az\/uploads\/W1siZiIsIjIwMTkvMTAvMzEvMTcvNTIvMjQvY2YzMzk5YjItODMwMy00NDUyLWFmZjQtOTkzMzNlZDA0MTQ1L20yLmpwZyJdLFsicCIsImVuY29kZSIsImpwZyIsIi1xdWFsaXR5IDgwIl0sWyJwIiwidGh1bWIiLCI1OTB4NTkwXHUwMDNlIl1d?sha=cb43539f8604145f\" alt=\"\" \/><\/p>\n<div class=\"gallery-i-caption\"><\/div>\n<\/div>\n<div class=\"gallery-i\"><img src=\"https:\/\/assets.oxu.az\/uploads\/W1siZiIsIjIwMTkvMTAvMzEvMTcvNTIvMjQvNWE2Yjc3MDUtMjAzNy00NDE4LTk5MmQtZWMyZGEwNGY1MGRlL20zLmpwZyJdLFsicCIsImVuY29kZSIsImpwZyIsIi1xdWFsaXR5IDgwIl0sWyJwIiwidGh1bWIiLCI1OTB4NTkwXHUwMDNlIl1d?sha=c7f1443faf6f12e4\" alt=\"\" \/><\/p>\n<div class=\"gallery-i-caption\"><\/div>\n<\/div>\n<div class=\"gallery-i\"><img src=\"https:\/\/assets.oxu.az\/uploads\/W1siZiIsIjIwMTkvMTAvMzEvMTcvNTIvMjUvYzI3ZDQ1YzktODUxMC00NWJiLTllMjYtM2IzZDNhYWJjZTUwL200LmpwZyJdLFsicCIsImVuY29kZSIsImpwZyIsIi1xdWFsaXR5IDgwIl0sWyJwIiwidGh1bWIiLCI1OTB4NTkwXHUwMDNlIl1d?sha=3029c3b1e515e99a\" alt=\"\" \/><\/div>\n<\/div>\n","protected":false},"excerpt":{"rendered":"<p>20:38 Az\u0259rbaycan Respublikas\u0131n\u0131n Birinci vitse-prezidenti Mehriban \u018fliyeva oktyabr\u0131n 31-d\u0259 B\u00f6y\u00fck Britaniya Ba\u015f Nazirinin Az\u0259rbaycan \u00fczr\u0259 ticar\u0259t el\u00e7isi Baronessa Emma Nikolson il\u0259 g\u00f6r\u00fc\u015f\u00fcb. ARANTV.AZ-\u0131n m\u0259lumat\u0131na g\u00f6r\u0259,\u00a0g\u00f6r\u00fc\u015fd\u0259 Az\u0259rbaycan il\u0259 B\u00f6y\u00fck Britaniya aras\u0131nda h\u0259m \u0259n\u0259n\u0259vi enerji sah\u0259sind\u0259, h\u0259m d\u0259 qeyri-neft sektorunda \u0259m\u0259kda\u015fl\u0131\u011f\u0131n geni\u015f spektri m\u00fczakir\u0259 edilib. \u00d6lk\u0259mizin BP \u015firk\u0259ti il\u0259 25 ild\u0259n \u00e7oxdur ki, s\u0259m\u0259r\u0259li \u0259m\u0259kda\u015fl\u0131q etdiyi qeyd olunub. Vur\u011fulan\u0131b ki, haz\u0131rda Az\u0259rbaycanda qeyri-neft sektorunda B\u00f6y\u00fck Britaniya \u015firk\u0259tl\u0259ri \u00fc\u00e7\u00fcn yeni imkanlar a\u00e7\u0131l\u0131r. Birinci vitse-prezident Mehriban \u018fliyeva \u00f6lk\u0259l\u0259rimiz aras\u0131nda m\u00fcxt\u0259lif sah\u0259l\u0259rd\u0259, x\u00fcsusil\u0259 d\u0259 humanitar sah\u0259d\u0259 \u0259laq\u0259l\u0259rin inki\u015faf\u0131nda B\u00f6y\u00fck Britaniya Ba\u015f Nazirinin Az\u0259rbaycan \u00fczr\u0259 ticar\u0259t&hellip;<\/p>\n","protected":false},"author":2,"featured_media":91325,"comment_status":"closed","ping_status":"closed","sticky":false,"template":"","format":"standard","meta":{"om_disable_all_campaigns":false,"_monsterinsights_skip_tracking":false,"_monsterinsights_sitenote_active":false,"_monsterinsights_sitenote_note":"","_monsterinsights_sitenote_category":0},"categories":[4],"tags":[],"aioseo_notices":[],"gutentor_comment":0,"rttpg_featured_image_url":{"full":["https:\/\/arantv.az\/wp-content\/uploads\/2019\/11\/m3.jpg",620,413,false],"landscape":["https:\/\/arantv.az\/wp-content\/uploads\/2019\/11\/m3.jpg",620,413,false],"portraits":["https:\/\/arantv.az\/wp-content\/uploads\/2019\/11\/m3.jpg",620,413,false],"thumbnail":["https:\/\/arantv.az\/wp-content\/uploads\/2019\/11\/m3-150x150.jpg",150,150,true],"medium":["https:\/\/arantv.az\/wp-content\/uploads\/2019\/11\/m3-300x200.jpg",300,200,true],"large":["https:\/\/arantv.az\/wp-content\/uploads\/2019\/11\/m3.jpg",620,413,false],"1536x1536":["https:\/\/arantv.az\/wp-content\/uploads\/2019\/11\/m3.jpg",620,413,false],"2048x2048":["https:\/\/arantv.az\/wp-content\/uploads\/2019\/11\/m3.jpg",620,413,false],"post-thumbnail":["https:\/\/arantv.az\/wp-content\/uploads\/2019\/11\/m3-240x172.jpg",240,172,true],"advps-thumb-one":["https:\/\/arantv.az\/wp-content\/uploads\/2019\/11\/m3.jpg",620,413,false]},"rttpg_author":{"display_name":"V\u00fcsal Rafiqo\u011flu","author_link":"https:\/\/arantv.az\/?author=2"},"rttpg_comment":0,"rttpg_category":"<a href=\"https:\/\/arantv.az\/?cat=4\" rel=\"category\">Siyas\u0259t<\/a>","rttpg_excerpt":"20:38 Az\u0259rbaycan Respublikas\u0131n\u0131n Birinci vitse-prezidenti Mehriban \u018fliyeva oktyabr\u0131n 31-d\u0259 B\u00f6y\u00fck Britaniya Ba\u015f Nazirinin Az\u0259rbaycan \u00fczr\u0259 ticar\u0259t el\u00e7isi Baronessa Emma Nikolson il\u0259 g\u00f6r\u00fc\u015f\u00fcb. ARANTV.AZ-\u0131n m\u0259lumat\u0131na g\u00f6r\u0259,\u00a0g\u00f6r\u00fc\u015fd\u0259 Az\u0259rbaycan il\u0259 B\u00f6y\u00fck Britaniya aras\u0131nda h\u0259m \u0259n\u0259n\u0259vi enerji sah\u0259sind\u0259, h\u0259m d\u0259 qeyri-neft sektorunda \u0259m\u0259kda\u015fl\u0131\u011f\u0131n geni\u015f spektri m\u00fczakir\u0259 edilib. \u00d6lk\u0259mizin BP \u015firk\u0259ti il\u0259 25 ild\u0259n \u00e7oxdur ki, s\u0259m\u0259r\u0259li \u0259m\u0259kda\u015fl\u0131q etdiyi qeyd&hellip;","_links":{"self":[{"href":"https:\/\/arantv.az\/index.php?rest_route=\/wp\/v2\/posts\/91324"}],"collection":[{"href":"https:\/\/arantv.az\/index.php?rest_route=\/wp\/v2\/posts"}],"about":[{"href":"https:\/\/arantv.az\/index.php?rest_route=\/wp\/v2\/types\/post"}],"author":[{"embeddable":true,"href":"https:\/\/arantv.az\/index.php?rest_route=\/wp\/v2\/users\/2"}],"replies":[{"embeddable":true,"href":"https:\/\/arantv.az\/index.php?rest_route=%2Fwp%2Fv2%2Fcomments&post=91324"}],"version-history":[{"count":0,"href":"https:\/\/arantv.az\/index.php?rest_route=\/wp\/v2\/posts\/91324\/revisions"}],"wp:featuredmedia":[{"embeddable":true,"href":"https:\/\/arantv.az\/index.php?rest_route=\/wp\/v2\/media\/91325"}],"wp:attachment":[{"href":"https:\/\/arantv.az\/index.php?rest_route=%2Fwp%2Fv2%2Fmedia&parent=91324"}],"wp:term":[{"taxonomy":"category","embeddable":true,"href":"https:\/\/arantv.az\/index.php?rest_route=%2Fwp%2Fv2%2Fcategories&post=91324"},{"taxonomy":"post_tag","embeddable":true,"href":"https:\/\/arantv.az\/index.php?rest_route=%2Fwp%2Fv2%2Ftags&post=91324"}],"curies":[{"name":"wp","href":"https:\/\/api.w.org\/{rel}","templated":true}]}}