{"id":91342,"date":"2019-11-01T08:28:37","date_gmt":"2019-11-01T05:28:37","guid":{"rendered":"http:\/\/arantv.az\/?p=91342"},"modified":"2019-11-01T08:28:37","modified_gmt":"2019-11-01T05:28:37","slug":"s%c9%99xsiyy%c9%99t-v%c9%99siq%c9%99l%c9%99rinin-yasayis-yeri-uzr%c9%99-qeydiyyatdan-asili-olmayaraq-verilm%c9%99sin%c9%99-baslanilir","status":"publish","type":"post","link":"https:\/\/arantv.az\/?p=91342","title":{"rendered":"\u015e\u0259xsiyy\u0259t v\u0259siq\u0259l\u0259rinin ya\u015fay\u0131\u015f yeri \u00fczr\u0259 qeydiyyatdan as\u0131l\u0131 olmayaraq verilm\u0259sin\u0259 ba\u015flan\u0131l\u0131r"},"content":{"rendered":"<p>Bu g\u00fcnd\u0259n\u00a0\u0259razi polis orqanlar\u0131n\u0131n v\u0259 \u201cASAN xidm\u0259t\u201d m\u0259rk\u0259zl\u0259rind\u0259 f\u0259aliyy\u0259t g\u00f6st\u0259r\u0259n Daxili \u0130\u015fl\u0259r Nazirliyinin qeydiyyat m\u0259s\u0259l\u0259l\u0259ri qurumlar\u0131n\u0131n \u0259m\u0259kda\u015flar\u0131 t\u0259r\u0259find\u0259n Az\u0259rbaycan Respublikas\u0131 v\u0259t\u0259nda\u015f\u0131n\u0131n \u015f\u0259xsiyy\u0259t v\u0259siq\u0259si ya\u015fay\u0131\u015f yeri \u00fczr\u0259 qeydiyyatdan as\u0131l\u0131 olmayaraq veril\u0259c\u0259k.<\/p>\n<p><strong>ARANTV.AZ<\/strong>-\u0131n m\u0259lumat\u0131na g\u00f6r\u0259, \u015f\u0259xsiyy\u0259t v\u0259siq\u0259l\u0259rinin verilm\u0259si sah\u0259sind\u0259 v\u0259t\u0259nda\u015f m\u0259mnunlu\u011funun art\u0131r\u0131lmas\u0131 il\u0259 ba\u011fl\u0131 t\u0259dbirl\u0259r plan\u0131na uy\u011fun olaraq\u00a0h\u0259yata ke\u00e7irilir.<\/p>\n<div id=\"AdviadNativeVideo0\" class=\"AdviadNativeVideo\"><\/div>\n<p>Qeyd ed\u0259k ki, Prezident \u0130lham \u018fliyevin f\u0259rman\u0131na uy\u011fun olaraq, 2013-c\u00fc ilin sentyabr ay\u0131ndan t\u0259tbiqin\u0259 ba\u015flan\u0131lm\u0131\u015f elektron da\u015f\u0131y\u0131c\u0131s\u0131 olan \u00fcmumv\u0259t\u0259nda\u015f pasportlar\u0131 da v\u0259t\u0259nda\u015flar\u0131m\u0131za el\u0259 h\u0259min ild\u0259n etibar\u0259n ya\u015fay\u0131\u015f yerind\u0259n as\u0131l\u0131 olmayaraq h\u0259r bir \u201cASAN xidm\u0259t\u201d m\u0259rk\u0259zind\u0259 v\u0259 \u0259razi polis qurumunda verilir.oxu.az<\/p>\n","protected":false},"excerpt":{"rendered":"<p>Bu g\u00fcnd\u0259n\u00a0\u0259razi polis orqanlar\u0131n\u0131n v\u0259 \u201cASAN xidm\u0259t\u201d m\u0259rk\u0259zl\u0259rind\u0259 f\u0259aliyy\u0259t g\u00f6st\u0259r\u0259n Daxili \u0130\u015fl\u0259r Nazirliyinin qeydiyyat m\u0259s\u0259l\u0259l\u0259ri qurumlar\u0131n\u0131n \u0259m\u0259kda\u015flar\u0131 t\u0259r\u0259find\u0259n Az\u0259rbaycan Respublikas\u0131 v\u0259t\u0259nda\u015f\u0131n\u0131n \u015f\u0259xsiyy\u0259t v\u0259siq\u0259si ya\u015fay\u0131\u015f yeri \u00fczr\u0259 qeydiyyatdan as\u0131l\u0131 olmayaraq veril\u0259c\u0259k. ARANTV.AZ-\u0131n m\u0259lumat\u0131na g\u00f6r\u0259, \u015f\u0259xsiyy\u0259t v\u0259siq\u0259l\u0259rinin verilm\u0259si sah\u0259sind\u0259 v\u0259t\u0259nda\u015f m\u0259mnunlu\u011funun art\u0131r\u0131lmas\u0131 il\u0259 ba\u011fl\u0131 t\u0259dbirl\u0259r plan\u0131na uy\u011fun olaraq\u00a0h\u0259yata ke\u00e7irilir. Qeyd ed\u0259k ki, Prezident \u0130lham \u018fliyevin f\u0259rman\u0131na uy\u011fun olaraq, 2013-c\u00fc ilin sentyabr ay\u0131ndan t\u0259tbiqin\u0259 ba\u015flan\u0131lm\u0131\u015f elektron da\u015f\u0131y\u0131c\u0131s\u0131 olan \u00fcmumv\u0259t\u0259nda\u015f pasportlar\u0131 da v\u0259t\u0259nda\u015flar\u0131m\u0131za el\u0259 h\u0259min ild\u0259n etibar\u0259n ya\u015fay\u0131\u015f yerind\u0259n as\u0131l\u0131 olmayaraq h\u0259r bir \u201cASAN xidm\u0259t\u201d m\u0259rk\u0259zind\u0259 v\u0259 \u0259razi polis qurumunda verilir.oxu.az<\/p>\n","protected":false},"author":2,"featured_media":91343,"comment_status":"closed","ping_status":"closed","sticky":false,"template":"","format":"standard","meta":{"om_disable_all_campaigns":false,"_monsterinsights_skip_tracking":false,"_monsterinsights_sitenote_active":false,"_monsterinsights_sitenote_note":"","_monsterinsights_sitenote_category":0},"categories":[1],"tags":[],"aioseo_notices":[],"gutentor_comment":0,"rttpg_featured_image_url":{"full":["https:\/\/arantv.az\/wp-content\/uploads\/2019\/11\/1569676075_untitled-1.jpg",620,374,false],"landscape":["https:\/\/arantv.az\/wp-content\/uploads\/2019\/11\/1569676075_untitled-1.jpg",620,374,false],"portraits":["https:\/\/arantv.az\/wp-content\/uploads\/2019\/11\/1569676075_untitled-1.jpg",620,374,false],"thumbnail":["https:\/\/arantv.az\/wp-content\/uploads\/2019\/11\/1569676075_untitled-1-150x150.jpg",150,150,true],"medium":["https:\/\/arantv.az\/wp-content\/uploads\/2019\/11\/1569676075_untitled-1-300x181.jpg",300,181,true],"large":["https:\/\/arantv.az\/wp-content\/uploads\/2019\/11\/1569676075_untitled-1.jpg",620,374,false],"1536x1536":["https:\/\/arantv.az\/wp-content\/uploads\/2019\/11\/1569676075_untitled-1.jpg",620,374,false],"2048x2048":["https:\/\/arantv.az\/wp-content\/uploads\/2019\/11\/1569676075_untitled-1.jpg",620,374,false],"post-thumbnail":["https:\/\/arantv.az\/wp-content\/uploads\/2019\/11\/1569676075_untitled-1-240x172.jpg",240,172,true],"advps-thumb-one":["https:\/\/arantv.az\/wp-content\/uploads\/2019\/11\/1569676075_untitled-1.jpg",620,374,false]},"rttpg_author":{"display_name":"V\u00fcsal Rafiqo\u011flu","author_link":"https:\/\/arantv.az\/?author=2"},"rttpg_comment":0,"rttpg_category":"<a href=\"https:\/\/arantv.az\/?cat=1\" rel=\"category\">C\u0259miyy\u0259t<\/a>","rttpg_excerpt":"Bu g\u00fcnd\u0259n\u00a0\u0259razi polis orqanlar\u0131n\u0131n v\u0259 \u201cASAN xidm\u0259t\u201d m\u0259rk\u0259zl\u0259rind\u0259 f\u0259aliyy\u0259t g\u00f6st\u0259r\u0259n Daxili \u0130\u015fl\u0259r Nazirliyinin qeydiyyat m\u0259s\u0259l\u0259l\u0259ri qurumlar\u0131n\u0131n \u0259m\u0259kda\u015flar\u0131 t\u0259r\u0259find\u0259n Az\u0259rbaycan Respublikas\u0131 v\u0259t\u0259nda\u015f\u0131n\u0131n \u015f\u0259xsiyy\u0259t v\u0259siq\u0259si ya\u015fay\u0131\u015f yeri \u00fczr\u0259 qeydiyyatdan as\u0131l\u0131 olmayaraq veril\u0259c\u0259k. ARANTV.AZ-\u0131n m\u0259lumat\u0131na g\u00f6r\u0259, \u015f\u0259xsiyy\u0259t v\u0259siq\u0259l\u0259rinin verilm\u0259si sah\u0259sind\u0259 v\u0259t\u0259nda\u015f m\u0259mnunlu\u011funun art\u0131r\u0131lmas\u0131 il\u0259 ba\u011fl\u0131 t\u0259dbirl\u0259r plan\u0131na uy\u011fun olaraq\u00a0h\u0259yata ke\u00e7irilir. Qeyd ed\u0259k ki, Prezident \u0130lham \u018fliyevin f\u0259rman\u0131na uy\u011fun&hellip;","_links":{"self":[{"href":"https:\/\/arantv.az\/index.php?rest_route=\/wp\/v2\/posts\/91342"}],"collection":[{"href":"https:\/\/arantv.az\/index.php?rest_route=\/wp\/v2\/posts"}],"about":[{"href":"https:\/\/arantv.az\/index.php?rest_route=\/wp\/v2\/types\/post"}],"author":[{"embeddable":true,"href":"https:\/\/arantv.az\/index.php?rest_route=\/wp\/v2\/users\/2"}],"replies":[{"embeddable":true,"href":"https:\/\/arantv.az\/index.php?rest_route=%2Fwp%2Fv2%2Fcomments&post=91342"}],"version-history":[{"count":0,"href":"https:\/\/arantv.az\/index.php?rest_route=\/wp\/v2\/posts\/91342\/revisions"}],"wp:featuredmedia":[{"embeddable":true,"href":"https:\/\/arantv.az\/index.php?rest_route=\/wp\/v2\/media\/91343"}],"wp:attachment":[{"href":"https:\/\/arantv.az\/index.php?rest_route=%2Fwp%2Fv2%2Fmedia&parent=91342"}],"wp:term":[{"taxonomy":"category","embeddable":true,"href":"https:\/\/arantv.az\/index.php?rest_route=%2Fwp%2Fv2%2Fcategories&post=91342"},{"taxonomy":"post_tag","embeddable":true,"href":"https:\/\/arantv.az\/index.php?rest_route=%2Fwp%2Fv2%2Ftags&post=91342"}],"curies":[{"name":"wp","href":"https:\/\/api.w.org\/{rel}","templated":true}]}}