{"id":91458,"date":"2019-11-01T10:10:10","date_gmt":"2019-11-01T07:10:10","guid":{"rendered":"http:\/\/arantv.az\/?p=91458"},"modified":"2019-11-01T10:10:10","modified_gmt":"2019-11-01T07:10:10","slug":"politoloq-radikal-muxalif%c9%99t-satqinliq-v%c9%99-dig%c9%99r-yad-ideyalari-ozun%c9%99-istiqam%c9%99t-sec%c9%99r%c9%99k-v%c9%99t%c9%99n%c9%99-x%c9%99yan%c9%99t-edir","status":"publish","type":"post","link":"https:\/\/arantv.az\/?p=91458","title":{"rendered":"Politoloq: &#8220;Radikal m\u00fcxalif\u0259t satq\u0131nl\u0131q v\u0259 dig\u0259r yad ideyalar\u0131 \u00f6z\u00fcn\u0259 istiqam\u0259t se\u00e7\u0259r\u0259k v\u0259t\u0259n\u0259 x\u0259yan\u0259t edir&#8221;"},"content":{"rendered":"<p>&#8220;Az\u0259rbaycanda \u00f6z\u00fcn\u00fc m\u00fcxalif\u0259t adland\u0131ran q\u00fcvv\u0259l\u0259rin \u0259sas m\u0259qs\u0259di n\u0259yin bahas\u0131na olursa-olsun, guya m\u00fcxalif bir g\u00fcc kimi m\u00f6vcud olmalar\u0131n\u0131 g\u00f6st\u0259rm\u0259kdir. Konkret t\u0259l\u0259bl\u0259rini ortaya qoymadan, sad\u0259c\u0259 olaraq, bir s\u0131ra \u0259zb\u0259rl\u0259nmi\u015f \u015f\u00fcarlarla \u00f6zl\u0259rini g\u00f6st\u0259rm\u0259y\u0259 \u00e7al\u0131\u015f\u0131rlar&#8221;.<\/p>\n<p><strong>ARANTV.AZ<\/strong>\u00a0 x\u0259b\u0259r verir ki, bunu\u00a0<a href=\"https:\/\/az.trend.az\/\" target=\"_blank\" rel=\"noopener\">Trend<\/a>-\u0259 politoloq Arzu Na\u011f\u0131yev deyib. Politoloq bildirib ki, radikal m\u00fcxalif\u0259t bir problem kimi daim m\u0259mur v\u0259 v\u0259t\u0259nda\u015f m\u00fcnasib\u0259tl\u0259rini misal olaraq g\u00f6st\u0259rm\u0259y\u0259 \u00e7al\u0131\u015f\u0131r: &#8220;Ancaq \u0259sl siyas\u0259t\u00e7il\u0259r \u00fcmumi d\u00f6vl\u0259t maraqlar\u0131ndan da \u00e7\u0131x\u0131\u015f etm\u0259lidirl\u0259r. T\u0259s\u0259vv\u00fcr edin, AB\u015e Konqresinin N\u00fcmay\u0259nd\u0259l\u0259r Palatas\u0131 qondarma &#8220;erm\u0259ni soyq\u0131r\u0131m\u0131&#8221; il\u0259 ba\u011fl\u0131 q\u0259rar q\u0259bul edir, ancaq bunla ba\u011fl\u0131 radikal m\u00fcxalif\u0259t k\u0259siminin he\u00e7 bir n\u00fcmay\u0259nd\u0259si m\u00fcnasib\u0259t d\u0259 bildirmir. Taley\u00fckl\u00fc m\u0259s\u0259l\u0259l\u0259r\u0259 he\u00e7 bir m\u00fcnasib\u0259t bildirilm\u0259y\u0259n bu m\u00fcxalif\u0259t n\u0259yin bahas\u0131na olursa-olsun iqtidara qar\u015f\u0131 \u00e7irkin m\u00fcbariz\u0259 yolunu se\u00e7ib. T\u0259bii ki, bu, m\u00fcbariz\u0259 yolu deyil, bel\u0259 m\u0259s\u0259l\u0259l\u0259r hay-k\u00fcyl\u0259, q\u0131\u015fq\u0131rt\u0131larla olmur&#8221;.<\/p>\n<p>A.Na\u011f\u0131yev vur\u011fulay\u0131b ki, son mitinql\u0259r bir daha g\u00f6st\u0259rdi ki, ist\u0259r Avropa d\u00f6vl\u0259tl\u0259ri olsun, ist\u0259r Amerika Birl\u0259\u015fmi\u015f \u015etatlar\u0131, ist\u0259r d\u0259 dig\u0259r d\u00f6vl\u0259tl\u0259rin drijorlu\u011fu v\u0259 diqt\u0259si il\u0259 m\u00fc\u0259yy\u0259n add\u0131mlar atmaq he\u00e7 radikallar\u0131n \u00f6zl\u0259rin\u0259 d\u0259 \u015f\u0259r\u0259f g\u0259tirmir:<\/p>\n<p>&#8220;Az\u0259rbaycan v\u0259t\u0259nda\u015f\u0131 ba\u015fa d\u00fc\u015f\u00fcr ki, bu, onlar\u0131n ideyas\u0131 deyil, sad\u0259c\u0259 olaraq Az\u0259rbaycanda ged\u0259n islahatlara k\u00f6lg\u0259 salmaq, eyni zamanda, n\u0259tic\u0259sini g\u00f6rm\u0259m\u0259k kimi prinsipl\u0259rd\u0259n \u00e7\u0131x\u0131\u015f edirl\u0259r. D\u00fc\u015f\u00fcn\u00fcr\u0259m ki, \u00f6z\u00fcn\u00fc m\u00fcxalif\u0259t adland\u0131ran q\u00fcvv\u0259l\u0259r ayr\u0131-ayr\u0131l\u0131qda \u015f\u0259xsi ambisiyalar\u0131n\u0131 k\u0259nara qoymal\u0131d\u0131rlar. T\u0259\u0259ss\u00fcf ki, onlar \u00f6zl\u0259rinin m\u0259nafeyind\u0259n ba\u015fqa he\u00e7 bir m\u0259s\u0259l\u0259 bar\u0259d\u0259 fikirl\u0259\u015fmirl\u0259r. T\u0259s\u0259vv\u00fcr edin, \u00f6lk\u0259d\u0259 bu q\u0259d\u0259r forumlar, m\u00fch\u00fcm beyn\u0259lxalq t\u0259dbirl\u0259r ke\u00e7irilir. Lakin ist\u0259r regional, ist\u0259r beyn\u0259lxalq probleml\u0259rin h\u0259llin\u0259 m\u00fcsb\u0259t t\u00f6hf\u0259l\u0259r ver\u0259n v\u0259 Az\u0259rbaycan\u0131n g\u0259l\u0259c\u0259yini h\u0259ll ed\u0259 bil\u0259c\u0259k t\u0259dbirl\u0259r\u0259 bunlar\u0131n laqeyd m\u00fcnasib\u0259t b\u0259sl\u0259m\u0259si, m\u00fcsb\u0259t istiqam\u0259td\u0259 a\u00e7\u0131qlama verm\u0259m\u0259si bir daha g\u00f6st\u0259rir ki, onlar\u0131 d\u00fc\u015f\u00fcnd\u00fcr\u0259n ancaq \u00f6zl\u0259ridir, \u00f6zl\u0259rinin h\u0259m maddi, h\u0259m siyasi m\u0259nafel\u0259ridir v\u0259 bu m\u0259s\u0259l\u0259l\u0259rd\u0259n istifad\u0259 ed\u0259r\u0259k sahibl\u0259ri qar\u015f\u0131s\u0131nda hesabat verm\u0259kdir.<\/p>\n<p>Siz h\u0259qiq\u0259t\u0259n d\u0259 m\u00fcxalif q\u00fcvv\u0259l\u0259rsinizs\u0259, Az\u0259rbaycan\u0131n b\u00fct\u00fcn probleml\u0259rinin h\u0259llind\u0259 \u00f6nd\u0259 getm\u0259lisiniz. Yoxsa, satq\u0131nl\u0131q v\u0259 dig\u0259r yad ideyalar\u0131 \u00f6z\u00fcn\u0259 istiqam\u0259t se\u00e7\u0259r\u0259k h\u0259r\u0259k\u0259t etm\u0259kl\u0259 v\u0259t\u0259n\u0259 x\u0259yan\u0259t edirsiniz&#8221;.<\/p>\n","protected":false},"excerpt":{"rendered":"<p>&#8220;Az\u0259rbaycanda \u00f6z\u00fcn\u00fc m\u00fcxalif\u0259t adland\u0131ran q\u00fcvv\u0259l\u0259rin \u0259sas m\u0259qs\u0259di n\u0259yin bahas\u0131na olursa-olsun, guya m\u00fcxalif bir g\u00fcc kimi m\u00f6vcud olmalar\u0131n\u0131 g\u00f6st\u0259rm\u0259kdir. Konkret t\u0259l\u0259bl\u0259rini ortaya qoymadan, sad\u0259c\u0259 olaraq, bir s\u0131ra \u0259zb\u0259rl\u0259nmi\u015f \u015f\u00fcarlarla \u00f6zl\u0259rini g\u00f6st\u0259rm\u0259y\u0259 \u00e7al\u0131\u015f\u0131rlar&#8221;. ARANTV.AZ\u00a0 x\u0259b\u0259r verir ki, bunu\u00a0Trend-\u0259 politoloq Arzu Na\u011f\u0131yev deyib. Politoloq bildirib ki, radikal m\u00fcxalif\u0259t bir problem kimi daim m\u0259mur v\u0259 v\u0259t\u0259nda\u015f m\u00fcnasib\u0259tl\u0259rini misal olaraq g\u00f6st\u0259rm\u0259y\u0259 \u00e7al\u0131\u015f\u0131r: &#8220;Ancaq \u0259sl siyas\u0259t\u00e7il\u0259r \u00fcmumi d\u00f6vl\u0259t maraqlar\u0131ndan da \u00e7\u0131x\u0131\u015f etm\u0259lidirl\u0259r. T\u0259s\u0259vv\u00fcr edin, AB\u015e Konqresinin N\u00fcmay\u0259nd\u0259l\u0259r Palatas\u0131 qondarma &#8220;erm\u0259ni soyq\u0131r\u0131m\u0131&#8221; il\u0259 ba\u011fl\u0131 q\u0259rar q\u0259bul edir, ancaq bunla ba\u011fl\u0131 radikal m\u00fcxalif\u0259t k\u0259siminin he\u00e7 bir n\u00fcmay\u0259nd\u0259si m\u00fcnasib\u0259t&hellip;<\/p>\n","protected":false},"author":2,"featured_media":91459,"comment_status":"closed","ping_status":"closed","sticky":false,"template":"","format":"standard","meta":{"om_disable_all_campaigns":false,"_monsterinsights_skip_tracking":false,"_monsterinsights_sitenote_active":false,"_monsterinsights_sitenote_note":"","_monsterinsights_sitenote_category":0},"categories":[4],"tags":[],"aioseo_notices":[],"gutentor_comment":0,"rttpg_featured_image_url":{"full":["https:\/\/arantv.az\/wp-content\/uploads\/2019\/11\/792629.jpg",800,600,false],"landscape":["https:\/\/arantv.az\/wp-content\/uploads\/2019\/11\/792629.jpg",800,600,false],"portraits":["https:\/\/arantv.az\/wp-content\/uploads\/2019\/11\/792629.jpg",800,600,false],"thumbnail":["https:\/\/arantv.az\/wp-content\/uploads\/2019\/11\/792629-150x150.jpg",150,150,true],"medium":["https:\/\/arantv.az\/wp-content\/uploads\/2019\/11\/792629-300x225.jpg",300,225,true],"large":["https:\/\/arantv.az\/wp-content\/uploads\/2019\/11\/792629.jpg",640,480,false],"1536x1536":["https:\/\/arantv.az\/wp-content\/uploads\/2019\/11\/792629.jpg",800,600,false],"2048x2048":["https:\/\/arantv.az\/wp-content\/uploads\/2019\/11\/792629.jpg",800,600,false],"post-thumbnail":["https:\/\/arantv.az\/wp-content\/uploads\/2019\/11\/792629-240x172.jpg",240,172,true],"advps-thumb-one":["https:\/\/arantv.az\/wp-content\/uploads\/2019\/11\/792629.jpg",800,600,false]},"rttpg_author":{"display_name":"V\u00fcsal Rafiqo\u011flu","author_link":"https:\/\/arantv.az\/?author=2"},"rttpg_comment":0,"rttpg_category":"<a href=\"https:\/\/arantv.az\/?cat=4\" rel=\"category\">Siyas\u0259t<\/a>","rttpg_excerpt":"&#8220;Az\u0259rbaycanda \u00f6z\u00fcn\u00fc m\u00fcxalif\u0259t adland\u0131ran q\u00fcvv\u0259l\u0259rin \u0259sas m\u0259qs\u0259di n\u0259yin bahas\u0131na olursa-olsun, guya m\u00fcxalif bir g\u00fcc kimi m\u00f6vcud olmalar\u0131n\u0131 g\u00f6st\u0259rm\u0259kdir. Konkret t\u0259l\u0259bl\u0259rini ortaya qoymadan, sad\u0259c\u0259 olaraq, bir s\u0131ra \u0259zb\u0259rl\u0259nmi\u015f \u015f\u00fcarlarla \u00f6zl\u0259rini g\u00f6st\u0259rm\u0259y\u0259 \u00e7al\u0131\u015f\u0131rlar&#8221;. ARANTV.AZ\u00a0 x\u0259b\u0259r verir ki, bunu\u00a0Trend-\u0259 politoloq Arzu Na\u011f\u0131yev deyib. Politoloq bildirib ki, radikal m\u00fcxalif\u0259t bir problem kimi daim m\u0259mur v\u0259 v\u0259t\u0259nda\u015f m\u00fcnasib\u0259tl\u0259rini misal olaraq&hellip;","_links":{"self":[{"href":"https:\/\/arantv.az\/index.php?rest_route=\/wp\/v2\/posts\/91458"}],"collection":[{"href":"https:\/\/arantv.az\/index.php?rest_route=\/wp\/v2\/posts"}],"about":[{"href":"https:\/\/arantv.az\/index.php?rest_route=\/wp\/v2\/types\/post"}],"author":[{"embeddable":true,"href":"https:\/\/arantv.az\/index.php?rest_route=\/wp\/v2\/users\/2"}],"replies":[{"embeddable":true,"href":"https:\/\/arantv.az\/index.php?rest_route=%2Fwp%2Fv2%2Fcomments&post=91458"}],"version-history":[{"count":0,"href":"https:\/\/arantv.az\/index.php?rest_route=\/wp\/v2\/posts\/91458\/revisions"}],"wp:featuredmedia":[{"embeddable":true,"href":"https:\/\/arantv.az\/index.php?rest_route=\/wp\/v2\/media\/91459"}],"wp:attachment":[{"href":"https:\/\/arantv.az\/index.php?rest_route=%2Fwp%2Fv2%2Fmedia&parent=91458"}],"wp:term":[{"taxonomy":"category","embeddable":true,"href":"https:\/\/arantv.az\/index.php?rest_route=%2Fwp%2Fv2%2Fcategories&post=91458"},{"taxonomy":"post_tag","embeddable":true,"href":"https:\/\/arantv.az\/index.php?rest_route=%2Fwp%2Fv2%2Ftags&post=91458"}],"curies":[{"name":"wp","href":"https:\/\/api.w.org\/{rel}","templated":true}]}}