{"id":91478,"date":"2019-11-01T10:38:51","date_gmt":"2019-11-01T07:38:51","guid":{"rendered":"http:\/\/arantv.az\/?p=91478"},"modified":"2019-11-01T10:38:51","modified_gmt":"2019-11-01T07:38:51","slug":"xanim-para-taekvondocumuz-dorduncu-d%c9%99f%c9%99-avropa-cempionu-oldu-foto","status":"publish","type":"post","link":"https:\/\/arantv.az\/?p=91478","title":{"rendered":"Xan\u0131m para-taekvondo\u00e7umuz d\u00f6rd\u00fcnc\u00fc d\u0259f\u0259 Avropa \u00e7empionu oldu &#8211; FOTO"},"content":{"rendered":"<p>\u0130taliyan\u0131n Bari \u015f\u0259h\u0259rind\u0259 para-taekvondo \u00fczr\u0259 ke\u00e7iril\u0259n Avropa A\u00e7\u0131q \u00e7empionat\u0131nda Aynur M\u0259mm\u0259dova q\u0131z\u0131l medal qazan\u0131b.<\/p>\n<p><b>ARANTV.AZ\u00a0<\/b>x\u0259b\u0259r verir ki, M\u0259mm\u0259dova +58 kq \u00e7\u0259ki d\u0259r\u0259c\u0259sind\u0259 ispanyal\u0131 idman\u00e7\u0131ya 8:6, daha sonra fransal\u0131ya 23:1 v\u0259 rusiyal\u0131ya 12:8 hesab\u0131 il\u0259 qalib g\u0259l\u0259r\u0259k finala v\u0259siq\u0259 qazan\u0131b.<\/p>\n<p>Finalda idman\u00e7\u0131m\u0131z \u00d6zb\u0259kistan t\u0259msilcisini 3:0 hesab\u0131 il\u0259 m\u0259\u011flub ed\u0259r\u0259k f\u0259xri k\u00fcrs\u00fcn\u00fcn \u0259n y\u00fcks\u0259k pill\u0259sin\u0259 qalx\u0131b. Bununla da o, d\u00f6rd\u00fcnc\u00fc d\u0259f\u0259 Avropa \u00e7empionu olub.<\/p>\n<div id=\"AdviadNativeVideo0\" class=\"AdviadNativeVideo\"><\/div>\n<div class=\"gallery\">\n<div class=\"gallery-i\"><img src=\"https:\/\/assets.oxu.az\/uploads\/W1siZiIsIjIwMTkvMTEvMDEvMTEvMjUvMTAvODZmY2IxYzUtNzA4ZC00ZmRiLTk4OWUtMTBhYjNjMzE4OTlkLzczMjk4NzcwXzI0MjE2MjYwNTc4OTA0MDhfNTk1MzIzMTE0Nzk2MDg5MzQ0X24uanBnIl0sWyJwIiwiZW5jb2RlIiwianBnIiwiLXF1YWxpdHkgODAiXSxbInAiLCJ0aHVtYiIsIjU5MHg1OTBcdTAwM2UiXV0?sha=20c5c3ac0fed4c73\" alt=\"\" \/><\/p>\n<div class=\"gallery-i-caption\"><\/div>\n<\/div>\n<\/div>\n<p>Paralimpiya\u00e7\u0131m\u0131z bu q\u0259l\u0259b\u0259 il\u0259 \u201cTokio 2020\u201d Yay Paralimpiya Oyunlar\u0131nda i\u015ftirak etm\u0259k \u00fc\u00e7\u00fcn n\u00f6vb\u0259ti lisenziya xallar\u0131n\u0131 qazan\u0131b.<\/p>\n<p>Qeyd ed\u0259k ki, komandam\u0131z bu yar\u0131\u015fa s\u0259kkiz idman\u00e7\u0131 il\u0259 qat\u0131lm\u0131\u015fd\u0131.oxu.az<\/p>\n","protected":false},"excerpt":{"rendered":"<p>\u0130taliyan\u0131n Bari \u015f\u0259h\u0259rind\u0259 para-taekvondo \u00fczr\u0259 ke\u00e7iril\u0259n Avropa A\u00e7\u0131q \u00e7empionat\u0131nda Aynur M\u0259mm\u0259dova q\u0131z\u0131l medal qazan\u0131b. ARANTV.AZ\u00a0x\u0259b\u0259r verir ki, M\u0259mm\u0259dova +58 kq \u00e7\u0259ki d\u0259r\u0259c\u0259sind\u0259 ispanyal\u0131 idman\u00e7\u0131ya 8:6, daha sonra fransal\u0131ya 23:1 v\u0259 rusiyal\u0131ya 12:8 hesab\u0131 il\u0259 qalib g\u0259l\u0259r\u0259k finala v\u0259siq\u0259 qazan\u0131b. Finalda idman\u00e7\u0131m\u0131z \u00d6zb\u0259kistan t\u0259msilcisini 3:0 hesab\u0131 il\u0259 m\u0259\u011flub ed\u0259r\u0259k f\u0259xri k\u00fcrs\u00fcn\u00fcn \u0259n y\u00fcks\u0259k pill\u0259sin\u0259 qalx\u0131b. Bununla da o, d\u00f6rd\u00fcnc\u00fc d\u0259f\u0259 Avropa \u00e7empionu olub. Paralimpiya\u00e7\u0131m\u0131z bu q\u0259l\u0259b\u0259 il\u0259 \u201cTokio 2020\u201d Yay Paralimpiya Oyunlar\u0131nda i\u015ftirak etm\u0259k \u00fc\u00e7\u00fcn n\u00f6vb\u0259ti lisenziya xallar\u0131n\u0131 qazan\u0131b. Qeyd ed\u0259k ki, komandam\u0131z bu yar\u0131\u015fa s\u0259kkiz idman\u00e7\u0131 il\u0259 qat\u0131lm\u0131\u015fd\u0131.oxu.az<\/p>\n","protected":false},"author":2,"featured_media":91479,"comment_status":"closed","ping_status":"closed","sticky":false,"template":"","format":"standard","meta":{"om_disable_all_campaigns":false,"_monsterinsights_skip_tracking":false,"_monsterinsights_sitenote_active":false,"_monsterinsights_sitenote_note":"","_monsterinsights_sitenote_category":0},"categories":[6],"tags":[],"aioseo_notices":[],"gutentor_comment":0,"rttpg_featured_image_url":{"full":["https:\/\/arantv.az\/wp-content\/uploads\/2019\/11\/b12f1025-6ebd-4acd-96ee-06c44cc8c869.jpg",620,465,false],"landscape":["https:\/\/arantv.az\/wp-content\/uploads\/2019\/11\/b12f1025-6ebd-4acd-96ee-06c44cc8c869.jpg",620,465,false],"portraits":["https:\/\/arantv.az\/wp-content\/uploads\/2019\/11\/b12f1025-6ebd-4acd-96ee-06c44cc8c869.jpg",620,465,false],"thumbnail":["https:\/\/arantv.az\/wp-content\/uploads\/2019\/11\/b12f1025-6ebd-4acd-96ee-06c44cc8c869-150x150.jpg",150,150,true],"medium":["https:\/\/arantv.az\/wp-content\/uploads\/2019\/11\/b12f1025-6ebd-4acd-96ee-06c44cc8c869-300x225.jpg",300,225,true],"large":["https:\/\/arantv.az\/wp-content\/uploads\/2019\/11\/b12f1025-6ebd-4acd-96ee-06c44cc8c869.jpg",620,465,false],"1536x1536":["https:\/\/arantv.az\/wp-content\/uploads\/2019\/11\/b12f1025-6ebd-4acd-96ee-06c44cc8c869.jpg",620,465,false],"2048x2048":["https:\/\/arantv.az\/wp-content\/uploads\/2019\/11\/b12f1025-6ebd-4acd-96ee-06c44cc8c869.jpg",620,465,false],"post-thumbnail":["https:\/\/arantv.az\/wp-content\/uploads\/2019\/11\/b12f1025-6ebd-4acd-96ee-06c44cc8c869-240x172.jpg",240,172,true],"advps-thumb-one":["https:\/\/arantv.az\/wp-content\/uploads\/2019\/11\/b12f1025-6ebd-4acd-96ee-06c44cc8c869.jpg",620,465,false]},"rttpg_author":{"display_name":"V\u00fcsal Rafiqo\u011flu","author_link":"https:\/\/arantv.az\/?author=2"},"rttpg_comment":0,"rttpg_category":"<a href=\"https:\/\/arantv.az\/?cat=6\" rel=\"category\">\u0130dman<\/a>","rttpg_excerpt":"\u0130taliyan\u0131n Bari \u015f\u0259h\u0259rind\u0259 para-taekvondo \u00fczr\u0259 ke\u00e7iril\u0259n Avropa A\u00e7\u0131q \u00e7empionat\u0131nda Aynur M\u0259mm\u0259dova q\u0131z\u0131l medal qazan\u0131b. ARANTV.AZ\u00a0x\u0259b\u0259r verir ki, M\u0259mm\u0259dova +58 kq \u00e7\u0259ki d\u0259r\u0259c\u0259sind\u0259 ispanyal\u0131 idman\u00e7\u0131ya 8:6, daha sonra fransal\u0131ya 23:1 v\u0259 rusiyal\u0131ya 12:8 hesab\u0131 il\u0259 qalib g\u0259l\u0259r\u0259k finala v\u0259siq\u0259 qazan\u0131b. Finalda idman\u00e7\u0131m\u0131z \u00d6zb\u0259kistan t\u0259msilcisini 3:0 hesab\u0131 il\u0259 m\u0259\u011flub ed\u0259r\u0259k f\u0259xri k\u00fcrs\u00fcn\u00fcn \u0259n y\u00fcks\u0259k pill\u0259sin\u0259 qalx\u0131b. Bununla&hellip;","_links":{"self":[{"href":"https:\/\/arantv.az\/index.php?rest_route=\/wp\/v2\/posts\/91478"}],"collection":[{"href":"https:\/\/arantv.az\/index.php?rest_route=\/wp\/v2\/posts"}],"about":[{"href":"https:\/\/arantv.az\/index.php?rest_route=\/wp\/v2\/types\/post"}],"author":[{"embeddable":true,"href":"https:\/\/arantv.az\/index.php?rest_route=\/wp\/v2\/users\/2"}],"replies":[{"embeddable":true,"href":"https:\/\/arantv.az\/index.php?rest_route=%2Fwp%2Fv2%2Fcomments&post=91478"}],"version-history":[{"count":0,"href":"https:\/\/arantv.az\/index.php?rest_route=\/wp\/v2\/posts\/91478\/revisions"}],"wp:featuredmedia":[{"embeddable":true,"href":"https:\/\/arantv.az\/index.php?rest_route=\/wp\/v2\/media\/91479"}],"wp:attachment":[{"href":"https:\/\/arantv.az\/index.php?rest_route=%2Fwp%2Fv2%2Fmedia&parent=91478"}],"wp:term":[{"taxonomy":"category","embeddable":true,"href":"https:\/\/arantv.az\/index.php?rest_route=%2Fwp%2Fv2%2Fcategories&post=91478"},{"taxonomy":"post_tag","embeddable":true,"href":"https:\/\/arantv.az\/index.php?rest_route=%2Fwp%2Fv2%2Ftags&post=91478"}],"curies":[{"name":"wp","href":"https:\/\/api.w.org\/{rel}","templated":true}]}}